{"id":738916,"date":"2026-08-30T17:13:12","date_gmt":"2026-08-30T17:13:12","guid":{"rendered":"https:\/\/www.europesays.com\/es\/738916\/"},"modified":"2026-08-30T17:13:12","modified_gmt":"2026-08-30T17:13:12","slug":"un-ciclista-najerino-de-49-anos-muere-por-casusa-naturales-a-su-paso-por-azofra","status":"publish","type":"post","link":"https:\/\/www.europesays.com\/es\/738916\/","title":{"rendered":"Un ciclista najerino de 49 a\u00f1os muere por casusa naturales a su paso por Azofra"},"content":{"rendered":"<p><a href=\"#\" onclick=\"window.open('https:\/\/www.facebook.com\/sharer.php?u=https:\/\/nuevecuatrouno.com\/2026\/08\/30\/ciclista-najerino-49-anos-muere-causas-naturales-paso-azofra\/&amp;t=Un ciclista najerino de 49 a\u00f1os muere por casusa naturales a su paso por Azofra', 'facebookShare', 'width=626,height=436'); return false;\" title=\"Facebook\"><\/p>\n<p>COMPARTE<\/p>\n<p><\/a><br \/>\n<a href=\"#\" onclick=\"window.open('https:\/\/x.com\/share?text=Un ciclista najerino de 49 a\u00f1os muere por casusa naturales a su paso por Azofra -&amp;url=https:\/\/nuevecuatrouno.com\/2026\/08\/30\/ciclista-najerino-49-anos-muere-causas-naturales-paso-azofra\/', 'twitterShare', 'width=626,height=436'); return false;\" title=\"X\"><img decoding=\"async\" src=\"https:\/\/www.europesays.com\/es\/wp-content\/uploads\/2026\/08\/1788109991_302_x-twitter-art.png\" style=\"padding-top: 6px;\"\/>POSTEA<\/a><br \/>\n<a href=\"whatsapp:\/\/send?text=Un ciclista najerino de 49 a\u00f1os muere por casusa naturales a su paso por Azofra https:\/\/nuevecuatrouno.com\/2026\/08\/30\/ciclista-najerino-49-anos-muere-causas-naturales-paso-azofra\/\" rel=\"nofollow\"><\/p>\n<p>WHATSAPP<\/p>\n<p><\/a><br \/>\n<a href=\"http:\/\/nuevecuatrouno.com\/cdn-cgi\/l\/email-protection#f0cf8385929a959384cda59ed09399939c99838491d09e919a9582999e9fd09495d0c4c9d09133419f83d09d85958295d0809f82d0939183858391d09e91848582919c9583d091d08385d08091839fd0809f82d0b18a9f968291d6919d80cbb2bfb4a9cd324fa1853359d086999491cfd0b895d0869983849fd095838495d0918284335d93859c9fd0959ed09e8595869593859184829f859e9fde939f9dd089d09382959fd0818595d08495d08085959495d0999e84958295839182cad09884848083cadfdf9e8595869593859184829f859e9fde939f9ddfc2c0c2c6dfc0c8dfc3c0df9399939c99838491dd9e919a9582999e9fddc4c9dd919e9f83dd9d85958295dd939185839183dd9e91848582919c9583dd8091839fdd918a9f968291df\" rel=\"nofollow noopener\" target=\"_blank\"><\/p>\n<p>Email<\/p>\n<p><\/a><\/p>\n<p>El ciclista fallecido este domingo por la ma\u00f1ana en las inmediaciones de Azofra era un vecino de N\u00e1jera de 49 a\u00f1os que circulaba con un grupo de amigos en el momento en el que ha sufrido un infarto.<\/p>\n<p>Tal como se ha informado horas antes, <a href=\"https:\/\/nuevecuatrouno.com\/2026\/08\/30\/un-ciclista-muere-por-causas-naturales-a-su-paso-por-azofra\/\" target=\"_blank\" rel=\"noopener nofollow\">el suceso ha ocurrido alrededor de las 10:30 horas en el entorno de la N-120 y la LR-423<\/a>, la comarcal que conecta Azofra con la localidad de Hormilla. Los compa\u00f1eros de pelot\u00f3n, as\u00ed como posteriormente los recursos de emergencias desplazados hasta el lugar, no han podido hacer nada por salvar su vida.<\/p>\n<p>Desde el Ayuntamiento de N\u00e1jera muestran sus condolencias a la familia por la p\u00e9rdida de \u00abuna figura muy reconocida\u00bb en la localidad. \u00abEstaba en diferentes asociaciones como la Pe\u00f1a Malpica o el Naxara.\u00a0Estaba en la vida cultural de N\u00e1jera del d\u00eda a d\u00eda y ha sido una l\u00e1stima que nos haya dejado\u00bb, reconoce el alcalde, Jorge Salaverri.<\/p>\n<p><img decoding=\"async\" src=\"https:\/\/www.europesays.com\/es\/wp-content\/uploads\/2026\/08\/1788109992_165_cabecera-nuevecuatrouno-2026.png\"\/><\/p>\n","protected":false},"excerpt":{"rendered":"COMPARTE POSTEA WHATSAPP Email El ciclista fallecido este domingo por la ma\u00f1ana en las inmediaciones de Azofra era&hellip;\n","protected":false},"author":2,"featured_media":738917,"comment_status":"","ping_status":"","sticky":false,"template":"","format":"standard","meta":{"footnotes":""},"categories":[273],"tags":[808,102522,131101,313,312,168,25,24,25146,23,167],"class_list":["post-738916","post","type-post","status-publish","format-standard","has-post-thumbnail","category-ciclismo","tag-ahora","tag-apertura-2","tag-azofra","tag-ciclismo","tag-cycling","tag-deportes","tag-es","tag-espana","tag-najera","tag-spain","tag-sports"],"share_on_mastodon":{"url":"","error":""},"_links":{"self":[{"href":"https:\/\/www.europesays.com\/es\/wp-json\/wp\/v2\/posts\/738916","targetHints":{"allow":["GET"]}}],"collection":[{"href":"https:\/\/www.europesays.com\/es\/wp-json\/wp\/v2\/posts"}],"about":[{"href":"https:\/\/www.europesays.com\/es\/wp-json\/wp\/v2\/types\/post"}],"author":[{"embeddable":true,"href":"https:\/\/www.europesays.com\/es\/wp-json\/wp\/v2\/users\/2"}],"replies":[{"embeddable":true,"href":"https:\/\/www.europesays.com\/es\/wp-json\/wp\/v2\/comments?post=738916"}],"version-history":[{"count":0,"href":"https:\/\/www.europesays.com\/es\/wp-json\/wp\/v2\/posts\/738916\/revisions"}],"wp:featuredmedia":[{"embeddable":true,"href":"https:\/\/www.europesays.com\/es\/wp-json\/wp\/v2\/media\/738917"}],"wp:attachment":[{"href":"https:\/\/www.europesays.com\/es\/wp-json\/wp\/v2\/media?parent=738916"}],"wp:term":[{"taxonomy":"category","embeddable":true,"href":"https:\/\/www.europesays.com\/es\/wp-json\/wp\/v2\/categories?post=738916"},{"taxonomy":"post_tag","embeddable":true,"href":"https:\/\/www.europesays.com\/es\/wp-json\/wp\/v2\/tags?post=738916"}],"curies":[{"name":"wp","href":"https:\/\/api.w.org\/{rel}","templated":true}]}}