{"id":738918,"date":"2026-08-30T17:15:17","date_gmt":"2026-08-30T17:15:17","guid":{"rendered":"https:\/\/www.europesays.com\/es\/738918\/"},"modified":"2026-08-30T17:15:17","modified_gmt":"2026-08-30T17:15:17","slug":"surrealista-lesion-del-azulgrana-balcerowski-con-polonia","status":"publish","type":"post","link":"https:\/\/www.europesays.com\/es\/738918\/","title":{"rendered":"\u00a1Surrealista lesi\u00f3n del azulgrana Balcerowski con Polonia!"},"content":{"rendered":"<p class=\"ft-text\"><a class=\"ft-link ft-link--decoration\" href=\"https:\/\/www.sport.es\/es\/noticias\/barca\/baloncesto\/justin-minaya-cerca-convertirse-undecimo-133776973\" rel=\"nofollow noopener\" target=\"_blank\"><strong>Al Bar\u00e7a<\/strong><\/a> le llegan malas noticias desde Gdansk. <strong>Olek Balcerowski,<\/strong> uno de los nuevos rostros del conjunto azulgrana de cara a la pr\u00f3xima temporada, sufri\u00f3 un<strong> contratiempo f\u00edsico<\/strong> en el partido de clasificaci\u00f3n para el pr\u00f3ximo Mundial que disputaron este domingo<strong> Polonia y Alemania,<\/strong> y que se resolvi\u00f3 con una ajustada victoria por <strong>94-96<\/strong> para la selecci\u00f3n de <strong>\u00c1lex Mumbru,<\/strong> vigente campeona mundialista.<\/p>\n<p class=\"ft-text\">Balcerowski hab\u00eda disputado algo m\u00e1s de 12 minutos en una primera mitad disctreta, con <strong>cuatro puntos y tres rebotes,<\/strong> antes de protagonizar una<strong> jugada totalmente desafortunada y que roza el surrealismo.<\/strong><\/p>\n<p class=\"ft-text\">El nuevo p\u00edvot del Bar\u00e7a se dirigi\u00f3 a por un bal\u00f3n dividido que se escapaba por l\u00ednea de banda. <strong>Balcerowski se lanz\u00f3 hacia la pelota, y al intentar salvarlo, se golpe\u00f3 con las sillas vip del pabell\u00f3n, pegadas pr\u00e1cticamente a la cancha.<\/strong><\/p>\n<p class=\"ft-text\">De entrada, pareci\u00f3 una de esas <strong>im\u00e1genes espectaculares,<\/strong> de un jugador por encima de los 2,10 metros &#8216;volando&#8217; por encima de las localidades m\u00e1s exclusivas del recinto.<\/p>\n<p><img decoding=\"async\" src=\"https:\/\/www.europesays.com\/es\/wp-content\/uploads\/2026\/08\/521cc899-8d68-4530-ae24-e418db564f98_alta-libre-aspect-ratio_default_0_x600y225.jpg\" width=\"1200\" height=\"675\" alt=\"Olek Balcerowski, ante Alemania\" class=\"ft-helper-img-rd\" loading=\"lazy\" fetchpriority=\"auto\"\/><\/p>\n<p class=\"ft-helper-fontColor-quaternary ft-helper-fontSize-body-S ft-helper-spacer-t-xxs\">Olek Balcerowski, ante Alemania  \/ FIBA<\/p>\n<p class=\"ft-text\">Pero lo cierto es que <strong>Balcerowski se golpe\u00f3 su espinilla derecha, qued\u00e1ndose unos instantes tendido en el suelo, dolorido tras el impacto.<\/strong> El polaco se retir\u00f3 a banquillos cojeando, donde termin\u00f3 de recibir la asistencia m\u00e9dica, con aparentes gestos de dolor y con hielo sobre la zona afectada.<\/p>\n<p class=\"ft-text\">Aparentemente, la acci\u00f3n quedaba en un duro y doloroso golpe, pero un golpe al fin y al cabo. Pero la situaci\u00f3n se convirti\u00f3 en algo m\u00e1s preocupante ya que el seleccionador polaco, <strong>Igor Milicic, ya no pudo contar con \u00e9l para el resto del partido.<\/strong> Un encuentro que se decant\u00f3 en la pr\u00f3rroga, con dos tiros libres de <strong>Dennis Schroder.<\/strong><\/p>\n<p><img decoding=\"async\" src=\"https:\/\/www.europesays.com\/es\/wp-content\/uploads\/2026\/08\/3fe2a156-4e71-4ff3-b4ae-fdef9b5bec40_alta-libre-aspect-ratio_default_0_x600y225.jpg\" width=\"1200\" height=\"675\" alt=\"Olek Balcerowski, ante Alemania\" class=\"ft-helper-img-rd\" loading=\"lazy\" fetchpriority=\"auto\"\/><\/p>\n<p class=\"ft-helper-fontColor-quaternary ft-helper-fontSize-body-S ft-helper-spacer-t-xxs\">Olek Balcerowski, ante Alemania  \/ FIBA<\/p>\n<p class=\"ft-text\">Quedar\u00e1 por ver si la Federaci\u00f3n Polaca de Baloncesto y sus servicios m\u00e9dicos dan alguna informaci\u00f3n m\u00e1s sobre el <strong>estado f\u00edsico<\/strong> de Balcerowski, o si hay que esperar a que el p\u00edvot llegue a Barcelona para conocer el alcance de la lesi\u00f3n.<\/p>\n<p class=\"ft-text\">Tras la primera semana de trabajo, la plantilla del Bar\u00e7a tendr\u00e1 descanso este pr\u00f3ximo lunes. El mi\u00e9rcoles 2 ser\u00e1 el primer d\u00eda en el que el grupo entrene al completo, antes de desplazarse a Encamp para llevar a cabo un stage de pretemporada previo a la <strong>Lliga Catalana<\/strong> y a la <strong>Supercopa Endesa,<\/strong> primeros t\u00edtulos en juego de la campa\u00f1a.<\/p>\n","protected":false},"excerpt":{"rendered":"Al Bar\u00e7a le llegan malas noticias desde Gdansk. Olek Balcerowski, uno de los nuevos rostros del conjunto azulgrana&hellip;\n","protected":false},"author":2,"featured_media":738919,"comment_status":"","ping_status":"","sticky":false,"template":"","format":"standard","meta":{"footnotes":""},"categories":[269],"tags":[5102,299,2296,298,168,25,24,65746,8252,78078,6074,7027,23,167],"class_list":["post-738918","post","type-post","status-publish","format-standard","has-post-thumbnail","category-baloncesto","tag-balcerowski","tag-baloncesto","tag-barca","tag-basketball","tag-deportes","tag-es","tag-espana","tag-espinilla","tag-lesion","tag-olek","tag-pivot","tag-polonia","tag-spain","tag-sports"],"share_on_mastodon":{"url":"https:\/\/pubeurope.com\/@es\/117185592816215930","error":""},"_links":{"self":[{"href":"https:\/\/www.europesays.com\/es\/wp-json\/wp\/v2\/posts\/738918","targetHints":{"allow":["GET"]}}],"collection":[{"href":"https:\/\/www.europesays.com\/es\/wp-json\/wp\/v2\/posts"}],"about":[{"href":"https:\/\/www.europesays.com\/es\/wp-json\/wp\/v2\/types\/post"}],"author":[{"embeddable":true,"href":"https:\/\/www.europesays.com\/es\/wp-json\/wp\/v2\/users\/2"}],"replies":[{"embeddable":true,"href":"https:\/\/www.europesays.com\/es\/wp-json\/wp\/v2\/comments?post=738918"}],"version-history":[{"count":0,"href":"https:\/\/www.europesays.com\/es\/wp-json\/wp\/v2\/posts\/738918\/revisions"}],"wp:featuredmedia":[{"embeddable":true,"href":"https:\/\/www.europesays.com\/es\/wp-json\/wp\/v2\/media\/738919"}],"wp:attachment":[{"href":"https:\/\/www.europesays.com\/es\/wp-json\/wp\/v2\/media?parent=738918"}],"wp:term":[{"taxonomy":"category","embeddable":true,"href":"https:\/\/www.europesays.com\/es\/wp-json\/wp\/v2\/categories?post=738918"},{"taxonomy":"post_tag","embeddable":true,"href":"https:\/\/www.europesays.com\/es\/wp-json\/wp\/v2\/tags?post=738918"}],"curies":[{"name":"wp","href":"https:\/\/api.w.org\/{rel}","templated":true}]}}