{"id":738924,"date":"2026-08-30T17:20:21","date_gmt":"2026-08-30T17:20:21","guid":{"rendered":"https:\/\/www.europesays.com\/es\/738924\/"},"modified":"2026-08-30T17:20:21","modified_gmt":"2026-08-30T17:20:21","slug":"sarah-santaolalla-presentara-su-propio-programa-en-la-septima-la-noticia-de-mi-vida-ya-es-oficial","status":"publish","type":"post","link":"https:\/\/www.europesays.com\/es\/738924\/","title":{"rendered":"Sarah Santaolalla presentar\u00e1 su propio programa en La S\u00e9ptima: \u00abLa noticia de mi vida ya es oficial\u00bb"},"content":{"rendered":"<p style=\"\"><strong>Sarah P\u00e9rez Santaolalla<\/strong> ficha por &#8216;<strong>La S\u00e9ptima<\/strong>&#8216;, el canal impulsado por Jos\u00e9 Miguel Contreras que <strong>comenzar\u00e1 sus emisiones en la TDT el 5 de noviembre<\/strong>.<\/p>\n<p style=\"\">La <a href=\"https:\/\/www.abc.es\/economia\/nombre-definitivo-nuevo-canal-tdt-septima-empezara-20260707163547-nt.html\" title=\"\" data-voc-vtm-id=\"in-text-traffic\" data-mrf-link=\"www.abc.es\" rel=\"nofollow noopener\" target=\"_blank\">nueva cadena af\u00edn a Pedro S\u00e1nchez<\/a> ha anunciado en la ma\u00f1ana de este domingo la  &#8230; incorporaci\u00f3n de una de las tertulianas estrella de TVE, que <strong>presentar\u00e1 su propio programa<\/strong> en &#8216;La S\u00e9ptima&#8217;.<\/p>\n<p class=\"v-d-p\" style=\"\">\u00abLa noticia de mi vida ya es oficial. Voy a presentar mi propio programa en la mejor cadena de televisi\u00f3n. Gracias a todos los que no soltasteis mi mano estos \u00faltimos a\u00f1os. Os necesito m\u00e1s cerca que nunca. \u00a1A por ello!\u00bb, escribi\u00f3 Santaolalla en su cuenta en &#8216;X&#8217;.<\/p>\n<p class=\"v-d-p\" style=\"\">A falta de conocerse m\u00e1s detalles sobre el nombre y la franja horaria del programa, tambi\u00e9n est\u00e1 por determinar si esto supondr\u00e1 el final de sus apariciones como colaboradora en la cadena p\u00fablica, donde era rostro habitual en programas como &#8216;Ma\u00f1aneros 360&#8217;, &#8216;Malas Lenguas&#8217; o &#8216;Directo al grano&#8217;.<\/p>\n<p>\nM\u00e1s nombres de &#8216;La S\u00e9ptima&#8217;\n<\/p>\n<p class=\"v-d-p\" style=\"\">De esta manera, la comunicadora salmantina se convierte en uno de los grandes nombres confirmados por la nueva cadena. Uno de los primeros movimientos de calado afect\u00f3 a <strong>Javier Ruiz<\/strong> que, <a href=\"https:\/\/www.abc.es\/play\/television\/noticias\/javier-ruiz-ficha-nueva-tele-contreras-quedara-20260731131720-nt.html\" title=\"\" data-voc-vtm-id=\"in-text-traffic\" data-mrf-link=\"www.abc.es\" rel=\"nofollow noopener\" target=\"_blank\">tal y como adelant\u00f3 ABC<\/a>, abandon\u00f3 &#8216;Ma\u00f1aneros 360&#8217; para incorporarse a la nueva cadena como <strong>director editorial<\/strong>.<\/p>\n<blockquote class=\"twitter-tweet\">\n<p lang=\"es\" dir=\"ltr\">La noticia de mi vida ya es oficial.<br \/>Voy a presentar mi propio programa en la mejor cadena de televisi\u00f3n.<br \/>Gracias a todos los que no soltasteis mi mano estos \u00faltimos a\u00f1os. Os necesito m\u00e1s cerca que nunca.<br \/>\u00a1A por ello! <a href=\"https:\/\/t.co\/uFhBuh0Ncw\" rel=\"nofollow\">https:\/\/t.co\/uFhBuh0Ncw<\/a><\/p>\n<p>\u2014 Sarah Santaolalla. \u2640 (@SarahPerezSanta) <a href=\"https:\/\/x.com\/SarahPerezSanta\/status\/2093998625818841366?ref_src=twsrc%5Etfw\" rel=\"nofollow\">August 30, 2026<\/a><\/p><\/blockquote>\n<p class=\"v-d-p\" style=\"\">Adem\u00e1s, &#8216;La S\u00e9ptima&#8217; anunci\u00f3 hace unos d\u00edas el fichaje de <strong>Roc\u00edo Delgado<\/strong>, periodista gallega que <a href=\"https:\/\/www.abc.es\/play\/television\/septima-anuncia-fichaje-presentadora-rocio-delgado-20260814110059-nt.html\" title=\"\" data-voc-vtm-id=\"in-text-traffic\" data-mrf-link=\"www.abc.es\" rel=\"nofollow noopener\" target=\"_blank\">presentaba un espacio<\/a> en la Televisi\u00f3n de Galicia.<\/p>\n","protected":false},"excerpt":{"rendered":"Sarah P\u00e9rez Santaolalla ficha por &#8216;La S\u00e9ptima&#8216;, el canal impulsado por Jos\u00e9 Miguel Contreras que comenzar\u00e1 sus emisiones&hellip;\n","protected":false},"author":2,"featured_media":738925,"comment_status":"","ping_status":"","sticky":false,"template":"","format":"standard","meta":{"footnotes":""},"categories":[171],"tags":[146,147,25,24,7080,289,17178,2145,8873,9260,9259,15327,23,214,2606],"class_list":["post-738924","post","type-post","status-publish","format-standard","has-post-thumbnail","category-tv","tag-entertainment","tag-entretenimiento","tag-es","tag-espana","tag-noticia","tag-oficial","tag-presentara","tag-programa","tag-propio","tag-santaolalla","tag-sarah","tag-septima","tag-spain","tag-tv","tag-vida"],"share_on_mastodon":{"url":"https:\/\/pubeurope.com\/@es\/117185611444700576","error":""},"_links":{"self":[{"href":"https:\/\/www.europesays.com\/es\/wp-json\/wp\/v2\/posts\/738924","targetHints":{"allow":["GET"]}}],"collection":[{"href":"https:\/\/www.europesays.com\/es\/wp-json\/wp\/v2\/posts"}],"about":[{"href":"https:\/\/www.europesays.com\/es\/wp-json\/wp\/v2\/types\/post"}],"author":[{"embeddable":true,"href":"https:\/\/www.europesays.com\/es\/wp-json\/wp\/v2\/users\/2"}],"replies":[{"embeddable":true,"href":"https:\/\/www.europesays.com\/es\/wp-json\/wp\/v2\/comments?post=738924"}],"version-history":[{"count":0,"href":"https:\/\/www.europesays.com\/es\/wp-json\/wp\/v2\/posts\/738924\/revisions"}],"wp:featuredmedia":[{"embeddable":true,"href":"https:\/\/www.europesays.com\/es\/wp-json\/wp\/v2\/media\/738925"}],"wp:attachment":[{"href":"https:\/\/www.europesays.com\/es\/wp-json\/wp\/v2\/media?parent=738924"}],"wp:term":[{"taxonomy":"category","embeddable":true,"href":"https:\/\/www.europesays.com\/es\/wp-json\/wp\/v2\/categories?post=738924"},{"taxonomy":"post_tag","embeddable":true,"href":"https:\/\/www.europesays.com\/es\/wp-json\/wp\/v2\/tags?post=738924"}],"curies":[{"name":"wp","href":"https:\/\/api.w.org\/{rel}","templated":true}]}}