{"id":738928,"date":"2026-08-30T17:25:26","date_gmt":"2026-08-30T17:25:26","guid":{"rendered":"https:\/\/www.europesays.com\/es\/738928\/"},"modified":"2026-08-30T17:25:26","modified_gmt":"2026-08-30T17:25:26","slug":"emma-garcia-le-roba-a-la-obregon-la-corona-del-verano","status":"publish","type":"post","link":"https:\/\/www.europesays.com\/es\/738928\/","title":{"rendered":"Emma Garc\u00eda le roba a la Obreg\u00f3n la corona del verano"},"content":{"rendered":"<p>\n        Hubo una \u00e9poca en la que el verano no arrancaba con la primera ola de calor ni con la Operaci\u00f3n Salida. Comenzaba cuando <a href=\"https:\/\/www.noticiasdenavarra.com\/tags\/ana-obregon\/\" title=\"Ana Obreg\u00f3n se asomaba en bikini a alguna portada\" class=\"link copy\" rel=\"nofollow noopener\" target=\"_blank\">Ana Obreg\u00f3n se asomaba en bikini a alguna portada<\/a>. Aquello era toda una instituci\u00f3n:<strong> llegaban las fotos de Anita <\/strong>y uno ya pod\u00eda guardar definitivamente el edred\u00f3n hasta octubre.\n<\/p>\n<p class=\"article-body__text \">\n        Pero los tiempos cambian, las revistas han cedido terreno a Instagram y hasta las coronas m\u00e1s resistentes necesitan heredera. <a href=\"https:\/\/www.noticiasdenavarra.com\/tags\/emma-garcia\/\" title=\"Y aqu\u00ed nuestra candidata es clar\u00edsima: Emma Garc\u00eda.\" class=\"link copy\" rel=\"nofollow noopener\" target=\"_blank\">Y aqu\u00ed nuestra candidata es clar\u00edsima: Emma Garc\u00eda.<\/a> La presentadora vasca ha vuelto a regalarnos su tradicional posado veraniego despu\u00e9s de despedirse temporalmente de Fiesta. Bikini negro sin tirantes, pareo estampado, sombrero, gafas de sol y un libro en la mano. <strong>Porque Emma no posa: Emma veranea. <\/strong>Y lo hace estupenda. <strong>\u201cAbrazo lleno de cari\u00f1o y salitre\u201d<\/strong>, ha escrito para sus 500.000 seguidores.\n<\/p>\n<p class=\"article-body__text \">\n        Eso s\u00ed, existe un elemento imprescindible en cualquier verano de Emma: <strong>nadie sabe exactamente d\u00f3nde demonios est\u00e1.<\/strong> La guipuzcoana protege sus destinos vacacionales con mayor eficacia que algunos gobiernos sus secretos de Estado. Puede haber mar, piscina, palmeras o una terraza maravillosa, pero coordenadas, ninguna.<strong> \u00a1Y hace estupendamente!<\/strong>\n<\/p>\n<p>  Su vida detr\u00e1s de las c\u00e1maras<\/p>\n<p class=\"article-body__text \">\n        Lo que s\u00ed sabemos es con qui\u00e9n disfruta habitualmente de esos d\u00edas: <strong>Aitor Senar, el gran amor de su vida, con quien acaba de celebrar 26 a\u00f1os de matrimonio<\/strong>. Se casaron en julio de 2000 y juntos tienen una hija, Uxue. Una relaci\u00f3n discreta para alguien que lleva d\u00e9cadas trabajando delante de las c\u00e1maras.\n<\/p>\n<p class=\"article-body__text \">\n        <strong>El formato del posado veraniego tambi\u00e9n ha cambiado mucho. <\/strong>Antes hab\u00eda fot\u00f3grafo, exclusiva, playa cuidadosamente escogida y portada en el quiosco. Ahora basta un m\u00f3vil, Instagram y encontrar el \u00e1ngulo adecuado. <strong>Obreg\u00f3n abri\u00f3 el camino en 1985<\/strong> y despu\u00e9s llegaron decenas de aspirantes. <strong>Ester Exp\u00f3sito, Pilar Rubio, Blanca Su\u00e1rez<\/strong>&#8230;, <strong>pero Emma juega ya en otra categor\u00ed<\/strong>a. A\u00f1o tras a\u00f1o aparece sonriente y estupenda mientras nosotros ampliamos la fotograf\u00eda intentando descubrir por el horizonte si est\u00e1 en Ibiza, C\u00e1diz, Grecia o en una piscina municipal de Zarautz.<\/p>\n","protected":false},"excerpt":{"rendered":"Hubo una \u00e9poca en la que el verano no arrancaba con la primera ola de calor ni con&hellip;\n","protected":false},"author":2,"featured_media":738929,"comment_status":"","ping_status":"","sticky":false,"template":"","format":"standard","meta":{"footnotes":""},"categories":[91],"tags":[12525,146,147,25,24,3142,3294,11898,33802,23],"class_list":["post-738928","post","type-post","status-publish","format-standard","has-post-thumbnail","category-entretenimiento","tag-emma","tag-entertainment","tag-entretenimiento","tag-es","tag-espana","tag-garcia","tag-le","tag-obregon","tag-roba","tag-spain"],"share_on_mastodon":{"url":"https:\/\/pubeurope.com\/@es\/117185630989083603","error":""},"_links":{"self":[{"href":"https:\/\/www.europesays.com\/es\/wp-json\/wp\/v2\/posts\/738928","targetHints":{"allow":["GET"]}}],"collection":[{"href":"https:\/\/www.europesays.com\/es\/wp-json\/wp\/v2\/posts"}],"about":[{"href":"https:\/\/www.europesays.com\/es\/wp-json\/wp\/v2\/types\/post"}],"author":[{"embeddable":true,"href":"https:\/\/www.europesays.com\/es\/wp-json\/wp\/v2\/users\/2"}],"replies":[{"embeddable":true,"href":"https:\/\/www.europesays.com\/es\/wp-json\/wp\/v2\/comments?post=738928"}],"version-history":[{"count":0,"href":"https:\/\/www.europesays.com\/es\/wp-json\/wp\/v2\/posts\/738928\/revisions"}],"wp:featuredmedia":[{"embeddable":true,"href":"https:\/\/www.europesays.com\/es\/wp-json\/wp\/v2\/media\/738929"}],"wp:attachment":[{"href":"https:\/\/www.europesays.com\/es\/wp-json\/wp\/v2\/media?parent=738928"}],"wp:term":[{"taxonomy":"category","embeddable":true,"href":"https:\/\/www.europesays.com\/es\/wp-json\/wp\/v2\/categories?post=738928"},{"taxonomy":"post_tag","embeddable":true,"href":"https:\/\/www.europesays.com\/es\/wp-json\/wp\/v2\/tags?post=738928"}],"curies":[{"name":"wp","href":"https:\/\/api.w.org\/{rel}","templated":true}]}}