{"id":738930,"date":"2026-08-30T17:26:18","date_gmt":"2026-08-30T17:26:18","guid":{"rendered":"https:\/\/www.europesays.com\/es\/738930\/"},"modified":"2026-08-30T17:26:18","modified_gmt":"2026-08-30T17:26:18","slug":"todo-lo-que-esperamos-ver-en-el-evento-de-apple-del-9-de-septiembre","status":"publish","type":"post","link":"https:\/\/www.europesays.com\/es\/738930\/","title":{"rendered":"Todo lo que esperamos ver en el evento de Apple del 9 de septiembre"},"content":{"rendered":"<p>Apple celebrar\u00e1 el 9 de septiembre su evento anual dedicado principalmente a los nuevos iPhone, aunque en esta ocasi\u00f3n tendr\u00e1 dos toques distintos. El primero es que ser\u00e1 <b>un nuevo CEO el que dar\u00e1 la bienvenida en Apple Park<\/b> y el segundo es que no se presentar\u00e1 toda la gama de iPhone.<\/p>\n<p><b>En su lugar, ser\u00e1n los iPhone 18 Pro, iPhone 18 Pro Max y el esperado iPhone Ultra<\/b>. Los dem\u00e1s iPhone, iPhone 18e, iPhone 18 y el iPhone Air 2 se presentar\u00e1n en la primavera de 2027 en una nueva estrategia de la marca por diversificar su portafolio de productos. \u00bfQu\u00e9 productos se esperan adem\u00e1s de los iPhone? Los Apple Watch Series 12 y Apple Watch Ultra 4, adem\u00e1s de los AirPods 5, estos \u00faltimos rumoreados hace pocos d\u00edas. Son de los productos que se esperan en este evento, pero cabe la posibilidad de tener m\u00e1s.\u00a0<\/p>\n<p>Lo que se espera del evento en cuanto a productos asegurados<\/p>\n<p>De los iPhone 18 Pro se trata de los dos modelos tradicionales de los \u00faltimos a\u00f1os, donde <b>el iPhone 18 Pro Max tendr\u00eda una c\u00e1mara de apertura variable<\/b> que con mucha probabilidad podr\u00eda ser exclusiva de este dispositivo; el iPhone 18 Pro tendr\u00eda la c\u00e1mara normal. Para ambos se espera un <b>chip A20 Pro, una Dynamic Island m\u00e1s peque\u00f1a, un bot\u00f3n de control de c\u00e1mara m\u00e1s peque\u00f1o<\/b>, adem\u00e1s de nuevos colores donde se espera un color cereza oscuro y un azul claro. En el modelo <b>Pro Max se espera una bater\u00eda m\u00e1s grande<\/b>, por lo que el grosor del dispositivo podr\u00eda aumentar ligeramente.<\/p>\n<p><img loading=\"lazy\" decoding=\"async\" src=\"https:\/\/www.europesays.com\/es\/wp-content\/uploads\/2026\/08\/el-iphone-ultra-de-apple-esta-cerca-639235691977718286.jpeg\" alt=\"El iPhone Ultra de Apple est\u00e1 cerca\" width=\"1200\" height=\"675\"\/>El iPhone Ultra de Apple est\u00e1 cerca<\/p>\n<p>El iPhone Ultra, el primer plegable de Apple, tendr\u00eda una <b>pantalla interna de 7,7 pulgadas y una pantalla externa de 5,3 pulgadas<\/b>. Dos c\u00e1maras traseras, una c\u00e1mara frontal y el bot\u00f3n de encendido que tendr\u00eda <b>Touch ID sin Face ID<\/b>, debido a que no existe el espacio suficiente para colocar la c\u00e1mara TrueDepth y el sistema que hace posible el funcionamiento del reconocimiento facial.\u00a0<\/p>\n<p><b>En cuanto a los Apple Watch, se espera un chip S11 que le brinde una mayor duraci\u00f3n de la bater\u00eda<\/b>, un mejor seguimiento de la actividad f\u00edsica y, en el Series 12, una nueva opci\u00f3n de cer\u00e1mica. Para el Ultra 4, se esperan funciones satelitales adicionales, incluso m\u00e1s sensores que el modelo normal.\u00a0\u00a0<\/p>\n<p>Otros productos que se espera se renueven en este evento o en uno pr\u00f3ximo<\/p>\n<p>Estos productos est\u00e1n a la espera de renovarse o lanzarse por primera vez, como es el caso de <b>un centro de control para el hogar inteligente con Siri AI<\/b>. Se rumorea con una pantalla de 6 a 7 pulgadas, un chip A18, FaceTime y otras funciones principalmente destinadas a este prop\u00f3sito con un altavoz. Las renovaciones del Apple TV y HomePod mini con chips compatibles para alojar a la nueva Siri.\u00a0<\/p>\n<p><img loading=\"lazy\" decoding=\"async\" src=\"https:\/\/www.europesays.com\/es\/wp-content\/uploads\/2026\/08\/un-concepto-del-macbook-ultra-639235690963787624.jpeg\" alt=\"Un concepto del MacBook Ultra\" width=\"1778\" height=\"1355\"\/>Un concepto del MacBook Ultra<\/p>\n<p>Tambi\u00e9n se esperan los MacBook Pro de 14 pulgadas con chip M6, <b>un MacBook Ultra que ser\u00e1 el redise\u00f1o m\u00e1s importante en la historia de la gama con una pantalla OLED t\u00e1ctil<\/b>, Dynamic Island y un dise\u00f1o m\u00e1s delgado. Tendr\u00eda un chip M5 Pro y M5 Max. El iMac con un chip M6, opciones de color renovadas. Por \u00faltimo, un iPad mini con chip A19 Pro o A20 Pro y otro de los que completar\u00eda la transici\u00f3n a OLED.\u00a0<\/p>\n","protected":false},"excerpt":{"rendered":"Apple celebrar\u00e1 el 9 de septiembre su evento anual dedicado principalmente a los nuevos iPhone, aunque en esta&hellip;\n","protected":false},"author":2,"featured_media":738931,"comment_status":"","ping_status":"","sticky":false,"template":"","format":"standard","meta":{"footnotes":""},"categories":[81],"tags":[2823,119,123,124,25,24,117,121,122,23,118,120],"class_list":["post-738930","post","type-post","status-publish","format-standard","has-post-thumbnail","category-ciencia-y-tecnologia","tag-apple","tag-ciencia","tag-ciencia-y-tecnologia","tag-cienciaytecnologia","tag-es","tag-espana","tag-science","tag-science-and-technology","tag-scienceandtechnology","tag-spain","tag-technology","tag-tecnologia"],"share_on_mastodon":{"url":"https:\/\/pubeurope.com\/@es\/117185636190794100","error":""},"_links":{"self":[{"href":"https:\/\/www.europesays.com\/es\/wp-json\/wp\/v2\/posts\/738930","targetHints":{"allow":["GET"]}}],"collection":[{"href":"https:\/\/www.europesays.com\/es\/wp-json\/wp\/v2\/posts"}],"about":[{"href":"https:\/\/www.europesays.com\/es\/wp-json\/wp\/v2\/types\/post"}],"author":[{"embeddable":true,"href":"https:\/\/www.europesays.com\/es\/wp-json\/wp\/v2\/users\/2"}],"replies":[{"embeddable":true,"href":"https:\/\/www.europesays.com\/es\/wp-json\/wp\/v2\/comments?post=738930"}],"version-history":[{"count":0,"href":"https:\/\/www.europesays.com\/es\/wp-json\/wp\/v2\/posts\/738930\/revisions"}],"wp:featuredmedia":[{"embeddable":true,"href":"https:\/\/www.europesays.com\/es\/wp-json\/wp\/v2\/media\/738931"}],"wp:attachment":[{"href":"https:\/\/www.europesays.com\/es\/wp-json\/wp\/v2\/media?parent=738930"}],"wp:term":[{"taxonomy":"category","embeddable":true,"href":"https:\/\/www.europesays.com\/es\/wp-json\/wp\/v2\/categories?post=738930"},{"taxonomy":"post_tag","embeddable":true,"href":"https:\/\/www.europesays.com\/es\/wp-json\/wp\/v2\/tags?post=738930"}],"curies":[{"name":"wp","href":"https:\/\/api.w.org\/{rel}","templated":true}]}}