{"id":738934,"date":"2026-08-30T17:28:15","date_gmt":"2026-08-30T17:28:15","guid":{"rendered":"https:\/\/www.europesays.com\/es\/738934\/"},"modified":"2026-08-30T17:28:15","modified_gmt":"2026-08-30T17:28:15","slug":"un-donante-de-esperma-de-los-paises-bajos-dice-ser-padre-de-199-ninos-nacidos-en-cuatro-paises","status":"publish","type":"post","link":"https:\/\/www.europesays.com\/es\/738934\/","title":{"rendered":"Un donante de esperma de los Pa\u00edses Bajos dice ser padre de 199 ni\u00f1os nacidos en cuatro pa\u00edses"},"content":{"rendered":"<p class=\"c-paragraph\">Un hombre neerland\u00e9s que ya estaba siendo investigado en <a href=\"https:\/\/www.20minutos.es\/tags\/lugares\/belgica.html\" rel=\"nofollow noopener\" target=\"_blank\">B\u00e9lgica<\/a> y los <a href=\"https:\/\/www.20minutos.es\/tags\/lugares\/paises-bajos.html\" rel=\"nofollow noopener\" target=\"_blank\">Pa\u00edses Bajos<\/a> por haber contribuido al nacimiento de <b>m\u00e1s de un centenar de ni\u00f1os a trav\u00e9s de la donaci\u00f3n de esperma<\/b>, ha dicho este domingo en una carta a los padres que recibieron sus donaciones que son 199 los nacidos a los que se le vincula.<\/p>\n<p class=\"c-paragraph\">El hombre de 43 a\u00f1os y procedente de la ciudad de Groningen (al norte de los Pa\u00edses Bajos) dijo en un mensaje a algunas de las familias que 172 ni\u00f1os nacieron en el pa\u00eds gracias a sus donaciones, adem\u00e1s de 11 en B\u00e9lgica, 15 en Alemania y uno en otro pa\u00eds europeo, seg\u00fan informaron medios locales.\u00a0Asimismo, a\u00f1adi\u00f3 que <b>otra mujer sigue embarazada<\/b> aunque asegur\u00f3 que ya ha dejado de donar esperma.<\/p>\n<p class=\"c-paragraph\">\u00abCre\u00eda que estaba haciendo lo correcto y ayudando a la gente; el agradecimiento y ver esa felicidad tan intensa eran mi \u00fanica motivaci\u00f3n. <b>Ahora s\u00e9 que os he decepcionado profundamente<\/b>\u00ab, dijo en su carta, a\u00f1adiendo que \u00abdeber\u00eda haber hecho el recuento de las donaciones mucho antes, tambi\u00e9n por mi propio bien (&#8230;) La cifra total resulta ser mayor de lo que yo mismo hab\u00eda pensado, esperado o deseado\u00bb.<\/p>\n<p class=\"c-paragraph\">El donante, que seg\u00fan los medios ha usado diferentes nombres y ha donado en varios bancos de esperma durante a\u00f1os, <b>tambi\u00e9n operaba fuera de las cl\u00ednicas<\/b> poni\u00e9ndose en contacto con familias a trav\u00e9s de Internet.<\/p>\n<p class=\"c-paragraph\">La agencia de noticias neerlandesa, NOS, se\u00f1al\u00f3 que el Ministerio de Sanidad de los Pa\u00edses Bajos ya sab\u00eda desde agosto de 2017 que el hombre <b>era un donante habitual<\/b> y que, incluso dos a\u00f1os m\u00e1s tarde, pas\u00f3 a formar parte de una comisi\u00f3n que eval\u00faa la ley de donaciones en nombre del Gobierno.<\/p>\n<p class=\"c-paragraph\">Algunas mujeres que han recibido sus donaciones denuncian haber recibido <b>mensajes de texto con contenido sexual<\/b> y, seg\u00fan se ha informado a trav\u00e9s de los medios, tambi\u00e9n habr\u00eda ofrecido su esperma a cambio de mantener relaciones sexuales con mujeres que desean ser madres.<\/p>\n","protected":false},"excerpt":{"rendered":"Un hombre neerland\u00e9s que ya estaba siendo investigado en B\u00e9lgica y los Pa\u00edses Bajos por haber contribuido al&hellip;\n","protected":false},"author":2,"featured_media":738935,"comment_status":"","ping_status":"","sticky":false,"template":"","format":"standard","meta":{"footnotes":""},"categories":[42],"tags":[17,18,68090,59083,13,14,11,61,62,63,64,19,20,4417,9,10,15,16,8523,12,21,22,16743,65,66,67],"class_list":["post-738934","post","type-post","status-publish","format-standard","has-post-thumbnail","category-internacional","tag-breaking-news","tag-breakingnews","tag-donante","tag-esperma","tag-featured-news","tag-featurednews","tag-headlines","tag-internacional","tag-international","tag-international-news","tag-internationalnews","tag-latest-news","tag-latestnews","tag-los","tag-news","tag-noticias","tag-noticias-destacadas","tag-noticiasdestacadas","tag-paises","tag-titulares","tag-ultimas-noticias","tag-ultimasnoticias","tag-un","tag-world","tag-world-news","tag-worldnews"],"share_on_mastodon":{"url":"https:\/\/pubeurope.com\/@es\/117185643032369977","error":""},"_links":{"self":[{"href":"https:\/\/www.europesays.com\/es\/wp-json\/wp\/v2\/posts\/738934","targetHints":{"allow":["GET"]}}],"collection":[{"href":"https:\/\/www.europesays.com\/es\/wp-json\/wp\/v2\/posts"}],"about":[{"href":"https:\/\/www.europesays.com\/es\/wp-json\/wp\/v2\/types\/post"}],"author":[{"embeddable":true,"href":"https:\/\/www.europesays.com\/es\/wp-json\/wp\/v2\/users\/2"}],"replies":[{"embeddable":true,"href":"https:\/\/www.europesays.com\/es\/wp-json\/wp\/v2\/comments?post=738934"}],"version-history":[{"count":0,"href":"https:\/\/www.europesays.com\/es\/wp-json\/wp\/v2\/posts\/738934\/revisions"}],"wp:featuredmedia":[{"embeddable":true,"href":"https:\/\/www.europesays.com\/es\/wp-json\/wp\/v2\/media\/738935"}],"wp:attachment":[{"href":"https:\/\/www.europesays.com\/es\/wp-json\/wp\/v2\/media?parent=738934"}],"wp:term":[{"taxonomy":"category","embeddable":true,"href":"https:\/\/www.europesays.com\/es\/wp-json\/wp\/v2\/categories?post=738934"},{"taxonomy":"post_tag","embeddable":true,"href":"https:\/\/www.europesays.com\/es\/wp-json\/wp\/v2\/tags?post=738934"}],"curies":[{"name":"wp","href":"https:\/\/api.w.org\/{rel}","templated":true}]}}