{"id":738936,"date":"2026-08-30T17:29:14","date_gmt":"2026-08-30T17:29:14","guid":{"rendered":"https:\/\/www.europesays.com\/es\/738936\/"},"modified":"2026-08-30T17:29:14","modified_gmt":"2026-08-30T17:29:14","slug":"arde-el-plato-de-grabacion-de-maestros-de-la-costura-en-madrid-la-voz-de-galicia","status":"publish","type":"post","link":"https:\/\/www.europesays.com\/es\/738936\/","title":{"rendered":"Arde el plat\u00f3 de grabaci\u00f3n de \u00abMaestros de la costura\u00bb en Madrid &#8211; La Voz de Galicia"},"content":{"rendered":"<ol>\n<li><a href=\"https:\/\/news.google.com\/rss\/articles\/CBMi3wFBVV95cUxPZlFXaEpHZEVNeFc1ZWd4QjJlc1lkVFppV0d2X1pLeXBrNDZCd0pmQ19vMGRVa0g4Q0dvRVlMSUNNbUd1WndpbTJuWkZ2VGNKYTRaWmJIQnQ3RklQLWRaNlVrdnIyU0txdm9DcEdXWTQzM2lzSUR4aU5PdXM2SjMxVUR3TWttUlgwWjFGZ05RWThuX1Vqclo3TGxsODRjclhiN1Vsb0JNN1B5NHlYWmd6TzktYWN0VVBtODZzS29tNVpWV1NBUFVkdW02azd0cm9NelVXQXZCNnplOFhGMEl30gH7AUFVX3lxTE1BOUsxNjFiczdHcS0tTTctZnRqc3lWWWtvdzdGNXk1Tm5MMUp4dHdhaVhwLXBiWWRJYVNPdi1RWmljcERybGs4R1ZxRkdCV3RJWWI3d2hlS01RV2xaeEM4akFUSm1IZzlVSHhzMHFpVFcxTU8yWTg3SERJV2R0X0NQcWxWRThDcVdxbWFzcDZGV24yVlRacWpVR1laSm03WVBrU3hGdWhpT1ZRdnYxUzh3dXNGaF9sUUYxY3dfbGZMdU5KdWRrMVhyMG9VSzFRRFdXRzNwQjBmNXBiWHZJeUwxUGFzMm1mMVY4aGNoZ1RWOXJHd3Z4VzQySWtB?oc=5\" target=\"_blank\" rel=\"nofollow noopener\">Arde el plat\u00f3 de grabaci\u00f3n de \u00abMaestros de la costura\u00bb en Madrid<\/a>&nbsp;&nbsp;La Voz de Galicia<\/li>\n<li><a href=\"https:\/\/news.google.com\/rss\/articles\/CBMiekFVX3lxTE04eVcxS3d0R3I5LVFsZG5UZm1OSzhEclV6MzA3UFpPcnZMZ1ItVldtdUhNellyQ3BidHQ4RTNuVmlvb1V1STJuYUtrdXpzbFFqN285LUQ5bGx4bkppczBYV05xVVpDSnRXQTFUMUk4UGtjZEplcDFiR3Fn0gF6QVVfeXFMT1BoSTZHc25FZlQ3SFJQS094d080UEpaWDAybGxSX1NaRVlnWWpPX21aNUhYVWNCLUNiekdCeEtRWElIZmozRFlBU2xYSEZjbmtmMllUbzlZZG92YTlFVVA1blZDSjh6TVFHeEtNZERsWlkzTHp4RHBKSFE?oc=5\" target=\"_blank\" rel=\"nofollow noopener\">Las llamas arrasan en Madrid el plat\u00f3 de una productora de televisi\u00f3n donde se graban programas como &#8216;Maestros de la Costura&#8217;, adem\u00e1s de series y pel\u00edculas<\/a>&nbsp;&nbsp;El Mundo<\/li>\n<li><a href=\"https:\/\/news.google.com\/rss\/articles\/CBMi1AFBVV95cUxQWDNqYU95ZHJIOTN3bjlvWlFaek5PVVV3UGpEUlNrRFFVLVhINmhpUWw3Y2hnWkp5WllhRFRySV9QUmR6VEp5TzZkTEtBckRsWk1LakZpMmJCU3k1YW45YUhaWmtMaXhkMW0wa2hqWVZ2ZFhFU3N6ZUJPQjJtaVJEOU5HSFVkOWlETEV1WFhpSWdZVW1XWXlaRUFBMWhDeklRaWZsb25NSGl6NVdjem1qSi1YbTdjb0haX0RFRTFlZlAyWGRyQXRxTkVrMXdJWGtGNVB5cdIB2gFBVV95cUxOOV85SklrRUtfcWtPbUluZ2U5RUhMR3M4SDk1Tm1seEJYU1VydEYwalN1MlJpbEZGS2c4VVYxV0ZOZVk3TFNWT0pJWmlhQWpPYjJKd25KVDJ4blMxZGFranowOE9kc2Q1UElaa1FScFJSVlVyZ1FaRXM2aTUxT295enNRRmdoejl4M1FfR1liZzJxb3R2T0Z4bXBGeXVpaDE3YUQ3TnllQXFLNFMxcWE2bUtCM3MzTUJyd2VJd3ptNzhmQUZ2V29ER3FuUXlIcm9aZUs1SGV6Qjhjdw?oc=5\" target=\"_blank\" rel=\"nofollow noopener\">Un incendio calcina el plat\u00f3 donde se graban programas como MasterChef<\/a>&nbsp;&nbsp;heraldo.es<\/li>\n<li><a href=\"https:\/\/news.google.com\/rss\/articles\/CBMimwFBVV95cUxOZXZnVkdTejhvMGx0WEpheDJoMl9Ec19mQTVDYjgtZkNtRkdtOXp0b0c2cmlqMjg2dG9iTWFCbU9iMUFDWWNZSGhrR3ozM29TVTZEZTJRTEZRRVg5U2hvbTNiYmt4a2VmdEcyWjA4U0FkTzE3dGZ4dXJ0ZTdyQVJfcDF4RjF6N3M0ZkxKeHMtelRaMjVheFJiODdTTQ?oc=5\" target=\"_blank\" rel=\"nofollow noopener\">Arde nave de estudios de grabaci\u00f3n de TV en Fuente el Saz del Jarama, Madrid<\/a>&nbsp;&nbsp;ABC<\/li>\n<li><a href=\"https:\/\/news.google.com\/rss\/articles\/CBMi_wFBVV95cUxQdXUtSmZ6M19Ca21QN0RkaHJmc0hvT0JBM1A1YlVIbGUtNGE2ZV9WdGpDR1dmNmdBVmFXR0txZ2dQT04ycHJxS0xOc25paElCUk5xejhNTVhxVzBQRkwtVUE0cUxPWW5SdXZzcWFLdjBCZU9qTS1zSzlVU3hZdmU4WWxFNEx0eEFnWDhQZHJhYWVEakNYbnJwc2h5YWNCSEVVOVZwOElfNlVqaVRrVUZFQXBPeTJxYlpUMmItMHd2XzRqM0lFcF96RUJRNnZvZmhYWjhrR1NvT01yUHZaY3RUcWUtUHJOcjgxNW42VUpzT01pUGVUS1NubVJNUWNyOWPSAYQCQVVfeXFMUEE1enRwdDlacFhrdmYzcGZfMXp1Uk9QREFsbEwxMUpQSHliSHVPbWNSUDRpQk9hOVhlaG45dlhFSVBXcGViOC1VNjg4a29SSW53Z3F5WWlxdkhqQXgyLWNHdTNUS1o2cnpNSXJlZFQ3M1ZSd0I3YWpab25SdmNYNV9VekxLcXQ1RVhMck9WdnEtWGFPdU1BQTBPTW1tWDFmaVNpel9sczdGRmxaSEZOVFdvN0VXWjRUZ3Q0X20yWjZtTDdCcDY2ZGlydGtpNTZvaU1leGJuaUZVV0tDV3k0ZTRIMGlMMnRab3BVa2dFWFFsNkhfWXhwclNzWXhRYUMtaDlMQzE?oc=5\" target=\"_blank\" rel=\"nofollow noopener\">Incendio en una nave de televisi\u00f3n en Fuente el Saz: las llamas arrasan un plat\u00f3 y las oficinas<\/a>&nbsp;&nbsp;Telemadrid<\/li>\n<\/ol>\n","protected":false},"excerpt":{"rendered":"Arde el plat\u00f3 de grabaci\u00f3n de \u00abMaestros de la costura\u00bb en Madrid&nbsp;&nbsp;La Voz de Galicia Las llamas arrasan&hellip;\n","protected":false},"author":2,"featured_media":738937,"comment_status":"","ping_status":"","sticky":false,"template":"","format":"standard","meta":{"footnotes":""},"categories":[8],"tags":[17,18,25,24,13,14,11,4342,19,20,9,10,15,16,23,257,12,21,22],"class_list":["post-738936","post","type-post","status-publish","format-standard","has-post-thumbnail","category-espana","tag-breaking-news","tag-breakingnews","tag-es","tag-espana","tag-featured-news","tag-featurednews","tag-headlines","tag-incendios","tag-latest-news","tag-latestnews","tag-news","tag-noticias","tag-noticias-destacadas","tag-noticiasdestacadas","tag-spain","tag-sucesos","tag-titulares","tag-ultimas-noticias","tag-ultimasnoticias"],"share_on_mastodon":{"url":"https:\/\/pubeurope.com\/@es\/117185647045327692","error":""},"_links":{"self":[{"href":"https:\/\/www.europesays.com\/es\/wp-json\/wp\/v2\/posts\/738936","targetHints":{"allow":["GET"]}}],"collection":[{"href":"https:\/\/www.europesays.com\/es\/wp-json\/wp\/v2\/posts"}],"about":[{"href":"https:\/\/www.europesays.com\/es\/wp-json\/wp\/v2\/types\/post"}],"author":[{"embeddable":true,"href":"https:\/\/www.europesays.com\/es\/wp-json\/wp\/v2\/users\/2"}],"replies":[{"embeddable":true,"href":"https:\/\/www.europesays.com\/es\/wp-json\/wp\/v2\/comments?post=738936"}],"version-history":[{"count":0,"href":"https:\/\/www.europesays.com\/es\/wp-json\/wp\/v2\/posts\/738936\/revisions"}],"wp:featuredmedia":[{"embeddable":true,"href":"https:\/\/www.europesays.com\/es\/wp-json\/wp\/v2\/media\/738937"}],"wp:attachment":[{"href":"https:\/\/www.europesays.com\/es\/wp-json\/wp\/v2\/media?parent=738936"}],"wp:term":[{"taxonomy":"category","embeddable":true,"href":"https:\/\/www.europesays.com\/es\/wp-json\/wp\/v2\/categories?post=738936"},{"taxonomy":"post_tag","embeddable":true,"href":"https:\/\/www.europesays.com\/es\/wp-json\/wp\/v2\/tags?post=738936"}],"curies":[{"name":"wp","href":"https:\/\/api.w.org\/{rel}","templated":true}]}}