{"id":738960,"date":"2026-08-30T17:49:28","date_gmt":"2026-08-30T17:49:28","guid":{"rendered":"https:\/\/www.europesays.com\/es\/738960\/"},"modified":"2026-08-30T17:49:28","modified_gmt":"2026-08-30T17:49:28","slug":"la-foto-de-aitana-sanchez-gijon-y-maxi-iglesias-pillados-paseando-abrazados-por-trujillo","status":"publish","type":"post","link":"https:\/\/www.europesays.com\/es\/738960\/","title":{"rendered":"La foto de Aitana S\u00e1nchez-Gij\u00f3n y Maxi Iglesias, pillados paseando abrazados por Trujillo"},"content":{"rendered":"<p class=\"c-paragraph\">La <b>historia de amor entre <a href=\"https:\/\/www.20minutos.es\/tags\/personas\/aitana-sanchez-gijon.html\" title=\"Aitana S\u00e1nchez Gij\u00f3n\" rel=\"nofollow noopener\" target=\"_blank\">Aitana S\u00e1nchez-Gij\u00f3n<\/a> y <a href=\"https:\/\/www.20minutos.es\/tags\/personas\/maxi-iglesias.html\" title=\"Maxi Iglesias\" rel=\"nofollow noopener\" target=\"_blank\">Maxi Iglesias<\/a> sigue viento en popa<\/b>. Aunque hac\u00eda tiempo que no se sab\u00eda nada de la pareja, en las \u00faltimas horas ha salido a la luz una imagen de los actores juntos que deja clara la buena saluda de su relaci\u00f3n.<\/p>\n<p class=\"c-paragraph\">Seg\u00fan ha informado el presentador de D Coraz\u00f3n Javi Hoyos, los actores han disfrutado recientemente de una<b> escapada rom\u00e1ntica por Trujillo (C\u00e1ceres)<\/b>, donde se les ha visto muy acaramelados.<\/p>\n<p class=\"c-paragraph\">Seg\u00fan cuenta el periodista, la pareja, que se ha mostrado especialmente natural en esta imagen, fue vista paseando por la Plaza Mayor de la localidad cacere\u00f1a, donde <b>pasearon abrazados, conversando y compartiendo gestos de complicidad<\/b>.<\/p>\n<p class=\"c-paragraph\">\u00abAs\u00ed, abrazados, <b>ya no se esconden ni se ocultan<\/b>. Disfrutan de unos d\u00edas de relax\u00bb, afirma sobre las im\u00e1genes el periodista. \u00abEsta historia de amor sigue adelante\u00bb, sentencia.<\/p>\n<p class=\"c-paragraph\">Una escapada que, en definitiva, muestra la evoluci\u00f3n positiva de una relaci\u00f3n que fue destapada por la revista Lecturas el pasado marzo, cuando public\u00f3 unas <b>im\u00e1genes de los actores bes\u00e1ndose<\/b> en una de sus citas.<\/p>\n<p class=\"c-paragraph\">Aunque<b> ninguno de ellos ha confirmado su historia de amor<\/b>, lo cierto es que, tal y como demuestran estas \u00faltimas im\u00e1genes por Trujillo, que se suman a otras de la misma \u00edndole tambi\u00e9n en \u00e9poca estival, esta les est\u00e1 llevando a compartir grandes momentos juntos.<\/p>\n","protected":false},"excerpt":{"rendered":"La historia de amor entre Aitana S\u00e1nchez-Gij\u00f3n y Maxi Iglesias sigue viento en popa. Aunque hac\u00eda tiempo que&hellip;\n","protected":false},"author":2,"featured_media":738961,"comment_status":"","ping_status":"","sticky":false,"template":"","format":"standard","meta":{"footnotes":""},"categories":[91],"tags":[3519,146,147,25,24,19676,6023,53492,199,23],"class_list":["post-738960","post","type-post","status-publish","format-standard","has-post-thumbnail","category-entretenimiento","tag-aitana","tag-entertainment","tag-entretenimiento","tag-es","tag-espana","tag-foto","tag-gijon","tag-maxi","tag-sanchez","tag-spain"],"share_on_mastodon":{"url":"https:\/\/pubeurope.com\/@es\/117185725400020655","error":""},"_links":{"self":[{"href":"https:\/\/www.europesays.com\/es\/wp-json\/wp\/v2\/posts\/738960","targetHints":{"allow":["GET"]}}],"collection":[{"href":"https:\/\/www.europesays.com\/es\/wp-json\/wp\/v2\/posts"}],"about":[{"href":"https:\/\/www.europesays.com\/es\/wp-json\/wp\/v2\/types\/post"}],"author":[{"embeddable":true,"href":"https:\/\/www.europesays.com\/es\/wp-json\/wp\/v2\/users\/2"}],"replies":[{"embeddable":true,"href":"https:\/\/www.europesays.com\/es\/wp-json\/wp\/v2\/comments?post=738960"}],"version-history":[{"count":0,"href":"https:\/\/www.europesays.com\/es\/wp-json\/wp\/v2\/posts\/738960\/revisions"}],"wp:featuredmedia":[{"embeddable":true,"href":"https:\/\/www.europesays.com\/es\/wp-json\/wp\/v2\/media\/738961"}],"wp:attachment":[{"href":"https:\/\/www.europesays.com\/es\/wp-json\/wp\/v2\/media?parent=738960"}],"wp:term":[{"taxonomy":"category","embeddable":true,"href":"https:\/\/www.europesays.com\/es\/wp-json\/wp\/v2\/categories?post=738960"},{"taxonomy":"post_tag","embeddable":true,"href":"https:\/\/www.europesays.com\/es\/wp-json\/wp\/v2\/tags?post=738960"}],"curies":[{"name":"wp","href":"https:\/\/api.w.org\/{rel}","templated":true}]}}