{"id":738978,"date":"2026-08-30T18:03:21","date_gmt":"2026-08-30T18:03:21","guid":{"rendered":"https:\/\/www.europesays.com\/es\/738978\/"},"modified":"2026-08-30T18:03:21","modified_gmt":"2026-08-30T18:03:21","slug":"justin-minaya-muy-cerca-de-convertirse-en-el-undecimo-fichaje-del-barca","status":"publish","type":"post","link":"https:\/\/www.europesays.com\/es\/738978\/","title":{"rendered":"Justin Minaya, muy cerca de convertirse en el und\u00e9cimo fichaje del Bar\u00e7a"},"content":{"rendered":"<p class=\"ft-text\">Movimiento sorprendente en la secretar\u00eda t\u00e9cnica del <a class=\"ft-link ft-link--decoration\" href=\"https:\/\/www.sport.es\/es\/noticias\/barca\/baloncesto\/stanley-umude-nuevo-guardaespaldas-barca-133762489\" rel=\"nofollow noopener\" target=\"_blank\"><strong>Bar\u00e7a.<\/strong><\/a><strong> <\/strong>El conjunto azulgrana tiene muy avanzada la incorporaci\u00f3n de un <strong>nuevo alero<\/strong> pese a tener en n\u00f3mina a <strong>Joel Parra<\/strong> y a los ya incorporados este verano <strong>Tyrese Martin, Stanley Umude,<\/strong> y un <strong>Agus Ubal<\/strong> que tambi\u00e9n puede jugar en la posici\u00f3n de &#8216;3&#8217;.<\/p>\n<p class=\"ft-text\">Tal y como adelant\u00f3 el periodista de Rac 1, Dani Aguil\u00e0, y ha podido confirmar este diario, <strong>el Bar\u00e7a tiene pr\u00e1cticamente cerrado el fichaje de Justin Minaya,<\/strong> un alero estadounidense, pero tambi\u00e9n con nacionalidad dominicana, que aterrizar\u00eda en el Palau para convertirse en el <strong>und\u00e9cimo fichaje<\/strong> de la temporada 26\/27.<\/p>\n<p><img decoding=\"async\" src=\"https:\/\/www.europesays.com\/es\/wp-content\/uploads\/2026\/08\/7777c9c6-bd25-4fa7-9a31-8d6409ada90e_alta-libre-aspect-ratio_default_0_x600y225.jpg\" width=\"1200\" height=\"675\" alt=\"Justin Minaya, cerca de convertirse en nuevo jugador del Bar\u00e7a\" class=\"ft-helper-img-rd\" loading=\"lazy\" fetchpriority=\"auto\"\/><\/p>\n<p class=\"ft-helper-fontColor-quaternary ft-helper-fontSize-body-S ft-helper-spacer-t-xxs\">Justin Minaya, cerca de convertirse en nuevo jugador del Bar\u00e7a  \/ Twitter: @RDBSeleccion<\/p>\n<p>Su \u00faltima temporada en la G League<\/p>\n<p class=\"ft-text\"><strong>Minaya, de 27 a\u00f1os y 1,96 metros,<\/strong> viene de jugar la \u00faltima campa\u00f1a en la G League, concretamente en los <strong>Osceola Magic.<\/strong> Durante la pasada temporada regular, promedi\u00f3 <strong>9,1 puntos y 4,1 rebotes por partido<\/strong> con el equipo de Florida.<\/p>\n<p class=\"ft-text\">Minaya es &#8216;<strong>cotonou&#8217;<\/strong> por su nacionalidad dominicana, algo que le permite <strong>no ocupar plaza de extracomunitario en las competiciones ACB.<\/strong><\/p>\n<p><img decoding=\"async\" src=\"https:\/\/www.europesays.com\/es\/wp-content\/uploads\/2026\/08\/657153a1-d595-4f59-98d4-35186a3ef9f2_alta-libre-aspect-ratio_default_0_x600y225.jpg\" width=\"1200\" height=\"675\" alt=\"Aleksander Sekulic, entrenador del Bar\u00e7a\" class=\"ft-helper-img-rd\" loading=\"lazy\" fetchpriority=\"auto\"\/><\/p>\n<p class=\"ft-helper-fontColor-quaternary ft-helper-fontSize-body-S ft-helper-spacer-t-xxs\">Aleksander Sekulic, entrenador del Bar\u00e7a  \/ FCB<\/p>\n<p>Martin y Robinson, los dos extracomunitarios<\/p>\n<p class=\"ft-text\">Por el momento, <strong>Tyrese Martin y Justin Robinson<\/strong> son los \u00fanicos dos jugadores que ocupar\u00edan dichas plazas, de manera que <strong>Aleksander Sekulic<\/strong> no tendr\u00eda que hacer descartes como s\u00ed ocurri\u00f3 el pasado curso con Myles Cale, Miles Norris y Will Clyburn.<\/p>\n<p class=\"ft-text\">En cuanto se confirme su fichaje por el Bar\u00e7a, <strong>Minaya vivir\u00e1 su primera experiencia en el baloncesto continental.<\/strong> Nacido en Harrington Park, Nueva Jersey, un 26 de marzo de 1999, el jugador estuvo <strong>entre 2017 y 2022 en la NCAA<\/strong> jugando para las universidades de <strong>South Carolina y Providence.<\/strong><\/p>\n<p>Experiencia en la NBA<\/p>\n<p class=\"ft-text\"><strong>Tras no ser elegido en el draft de la NBA de 2022,<\/strong> arranc\u00f3 un periplo que le llev\u00f3 inicialmente a los<strong> Capitanes de Ciudad de M\u00e9xico<\/strong> de la G League, antes de unirse a los <strong>Portland Trail Blazers.<\/strong> Jug\u00f3 <strong>57 partidos<\/strong> en la liga americana con la franquicia de Oregon alternando su participaci\u00f3n con el equipo de la liga de desarrollo. El pasado verano firm\u00f3 por los<strong> Orlando Magic,<\/strong> pero tras ser despedido antes del arranque de competici\u00f3n, se incorpor\u00f3 al &#8216;filial&#8217; de la franquicia en la G League.<\/p>\n<p class=\"ft-text\"><strong>Minaya es un perfil defensivo con un destacado f\u00edsico,<\/strong> que encaja a la perfecci\u00f3n con el nuevo estilo de juego que se busca en la  secci\u00f3n azulgrana. Un jugador activo e intenso y que entra dentro de la nueva pol\u00edtica de fichajes del basket azulgrana: <strong>ninguna de las 11 nuevas caras supera los 30 a\u00f1os.<\/strong><\/p>\n","protected":false},"excerpt":{"rendered":"Movimiento sorprendente en la secretar\u00eda t\u00e9cnica del Bar\u00e7a. El conjunto azulgrana tiene muy avanzada la incorporaci\u00f3n de un&hellip;\n","protected":false},"author":2,"featured_media":738979,"comment_status":"","ping_status":"","sticky":false,"template":"","format":"standard","meta":{"footnotes":""},"categories":[269],"tags":[299,2296,298,168,25,24,557,7914,131194,1725,23,167],"class_list":["post-738978","post","type-post","status-publish","format-standard","has-post-thumbnail","category-baloncesto","tag-baloncesto","tag-barca","tag-basketball","tag-deportes","tag-es","tag-espana","tag-fichaje","tag-justin","tag-minaya","tag-nba","tag-spain","tag-sports"],"share_on_mastodon":{"url":"https:\/\/pubeurope.com\/@es\/117185781773448015","error":""},"_links":{"self":[{"href":"https:\/\/www.europesays.com\/es\/wp-json\/wp\/v2\/posts\/738978","targetHints":{"allow":["GET"]}}],"collection":[{"href":"https:\/\/www.europesays.com\/es\/wp-json\/wp\/v2\/posts"}],"about":[{"href":"https:\/\/www.europesays.com\/es\/wp-json\/wp\/v2\/types\/post"}],"author":[{"embeddable":true,"href":"https:\/\/www.europesays.com\/es\/wp-json\/wp\/v2\/users\/2"}],"replies":[{"embeddable":true,"href":"https:\/\/www.europesays.com\/es\/wp-json\/wp\/v2\/comments?post=738978"}],"version-history":[{"count":0,"href":"https:\/\/www.europesays.com\/es\/wp-json\/wp\/v2\/posts\/738978\/revisions"}],"wp:featuredmedia":[{"embeddable":true,"href":"https:\/\/www.europesays.com\/es\/wp-json\/wp\/v2\/media\/738979"}],"wp:attachment":[{"href":"https:\/\/www.europesays.com\/es\/wp-json\/wp\/v2\/media?parent=738978"}],"wp:term":[{"taxonomy":"category","embeddable":true,"href":"https:\/\/www.europesays.com\/es\/wp-json\/wp\/v2\/categories?post=738978"},{"taxonomy":"post_tag","embeddable":true,"href":"https:\/\/www.europesays.com\/es\/wp-json\/wp\/v2\/tags?post=738978"}],"curies":[{"name":"wp","href":"https:\/\/api.w.org\/{rel}","templated":true}]}}