{"id":738986,"date":"2026-08-30T18:14:15","date_gmt":"2026-08-30T18:14:15","guid":{"rendered":"https:\/\/www.europesays.com\/es\/738986\/"},"modified":"2026-08-30T18:14:15","modified_gmt":"2026-08-30T18:14:15","slug":"el-barcelona-ata-in-extremis-a-gabriel-jesus-futbol-deportes","status":"publish","type":"post","link":"https:\/\/www.europesays.com\/es\/738986\/","title":{"rendered":"El Barcelona ata in extremis a Gabriel Jesus | F\u00fatbol | Deportes"},"content":{"rendered":"<p class=\"\"><a href=\"https:\/\/elpais.com\/deportes\/futbol\/2026-08-26\/laporta-seguimos-muy-interesados-en-julian-alvarez-nos-gustaria-que-aceptaran-nuestra-oferta.html\" target=\"_blank\" rel=\"noreferrer nofollow noopener\" title=\"https:\/\/elpais.com\/deportes\/futbol\/2026-08-26\/laporta-seguimos-muy-interesados-en-julian-alvarez-nos-gustaria-que-aceptaran-nuestra-oferta.html\">Mientras la posibilidad de cerrar un delantero centro de \u00e9lite se desvanece<\/a>, el Barcelona cierra un plan alternativo: Gabriel Jesus. \u201cUna oportunidad de mercado\u201d, seg\u00fan informan desde los despachos del Camp Nou. La direcci\u00f3n deportiva azulgrana ata, entonces, in extremis al delantero brasile\u00f1o de 29 a\u00f1os que el a\u00f1o pasado tuvo poco protagonismo en el Arsenal, campe\u00f3n de la Premier League: seis goles y dos asistencias en 27 partidos (988 minutos). El contrato del brasile\u00f1o expira el pr\u00f3ximo verano y el Barcelona pact\u00f3 un traspaso con el Arsenal por cerca de 10 millones de euros.<\/p>\n<p class=\"\">En la entidad azulgrana, en cualquier caso, contin\u00faan insistiendo en que la operaci\u00f3n <a href=\"https:\/\/elpais.com\/deportes\/2018\/03\/28\/actualidad\/1522263330_320179.html\" target=\"_blank\" rel=\"noreferrer nofollow noopener\" title=\"https:\/\/elpais.com\/deportes\/2018\/03\/28\/actualidad\/1522263330_320179.html\">Gabriel Jesus es independiente a la de Juli\u00e1n Alvarez<\/a>. Seg\u00fan el Barcelona, todav\u00eda guarda espacio en la masa salarial para un delantero top. Sin embargo, y a pesar de que Hansi Flick y Deco aseguraban que el mercado no presentaba ninguna alternativa mejor a la que ten\u00edan en la plantilla, la opci\u00f3n de Gabriel Jesus sedujo al entrenador alem\u00e1n. En los despachos del Camp Nou explican que la operaci\u00f3n se cerrar\u00e1 este domingo, pero no se har\u00e1 oficial hasta que el delantero brasile\u00f1o supere la revisi\u00f3n m\u00e9dica.<\/p>\n<p class=\"\">Gabriel Jesus, entonces, jugar\u00e1 en el Barcelona la pr\u00f3xima temporada. Un fichaje que se cierra 10 a\u00f1os despu\u00e9s. En 2016, antes de que aterrizara en el Manchester City, el Bar\u00e7a se hab\u00eda interesado en el brasile\u00f1o. Marc\u00f3 95 goles en 236 partidos en el City. En 2022 se mud\u00f3 a Londres: 32 dianas en 132 encuentros. El curso pasado, sin embargo, estuvo a la sombra de Kai Havertz y Viktor Gy\u00f6keres. Y el Barcelona, que se qued\u00f3 sin un 9 puro tras el adi\u00f3s de Lewandowski, podr\u00eda ser su refugio por las pr\u00f3ximas tres temporadas.<\/p>\n","protected":false},"excerpt":{"rendered":"Mientras la posibilidad de cerrar un delantero centro de \u00e9lite se desvanece, el Barcelona cierra un plan alternativo:&hellip;\n","protected":false},"author":2,"featured_media":738987,"comment_status":"","ping_status":"","sticky":false,"template":"","format":"standard","meta":{"footnotes":""},"categories":[93],"tags":[2017,1540,168,1539,25,24,881,285,4970,282,1538,1210,9890,23,167],"class_list":["post-738986","post","type-post","status-publish","format-standard","has-post-thumbnail","category-deportes","tag-arsenal-fc","tag-competiciones","tag-deportes","tag-entrenadores","tag-es","tag-espana","tag-fc-barcelona","tag-fichajes","tag-flick","tag-futbol","tag-futbolistas","tag-laliga-ea-sports","tag-mercado-fichajes","tag-spain","tag-sports"],"share_on_mastodon":{"url":"https:\/\/pubeurope.com\/@es\/117185823521539047","error":""},"_links":{"self":[{"href":"https:\/\/www.europesays.com\/es\/wp-json\/wp\/v2\/posts\/738986","targetHints":{"allow":["GET"]}}],"collection":[{"href":"https:\/\/www.europesays.com\/es\/wp-json\/wp\/v2\/posts"}],"about":[{"href":"https:\/\/www.europesays.com\/es\/wp-json\/wp\/v2\/types\/post"}],"author":[{"embeddable":true,"href":"https:\/\/www.europesays.com\/es\/wp-json\/wp\/v2\/users\/2"}],"replies":[{"embeddable":true,"href":"https:\/\/www.europesays.com\/es\/wp-json\/wp\/v2\/comments?post=738986"}],"version-history":[{"count":0,"href":"https:\/\/www.europesays.com\/es\/wp-json\/wp\/v2\/posts\/738986\/revisions"}],"wp:featuredmedia":[{"embeddable":true,"href":"https:\/\/www.europesays.com\/es\/wp-json\/wp\/v2\/media\/738987"}],"wp:attachment":[{"href":"https:\/\/www.europesays.com\/es\/wp-json\/wp\/v2\/media?parent=738986"}],"wp:term":[{"taxonomy":"category","embeddable":true,"href":"https:\/\/www.europesays.com\/es\/wp-json\/wp\/v2\/categories?post=738986"},{"taxonomy":"post_tag","embeddable":true,"href":"https:\/\/www.europesays.com\/es\/wp-json\/wp\/v2\/tags?post=738986"}],"curies":[{"name":"wp","href":"https:\/\/api.w.org\/{rel}","templated":true}]}}