{"id":738996,"date":"2026-08-30T18:22:16","date_gmt":"2026-08-30T18:22:16","guid":{"rendered":"https:\/\/www.europesays.com\/es\/738996\/"},"modified":"2026-08-30T18:22:16","modified_gmt":"2026-08-30T18:22:16","slug":"ultima-hora-de-la-entrada-de-inmigrantes-a-ceuta-en-directo-expulsados-otros-cuatro-marroquies-por-lesionar-a-tres-guardias-civiles-en-ceuta-espana","status":"publish","type":"post","link":"https:\/\/www.europesays.com\/es\/738996\/","title":{"rendered":"\u00daltima hora de la entrada de inmigrantes a Ceuta, en directo | Expulsados otros cuatro marroqu\u00edes por lesionar a tres guardias civiles en Ceuta | Espa\u00f1a"},"content":{"rendered":"<p class=\"ev-title\">Semana clave para el Gobierno: S\u00e1nchez comparecer\u00e1 el jueves en el Congreso por la crisis migratoria de Ceuta<\/p>\n<p>La comparecencia del presidente del Gobierno, Pedro S\u00e1nchez, el pr\u00f3ximo jueves ante el pleno del Congreso para informar de la crisis migratoria en Ceuta marca el inicio de un curso pol\u00edtico especialmente agitado por la situaci\u00f3n en la ciudad aut\u00f3noma, que todav\u00eda est\u00e1 lejos de recuperar la normalidad. Inicialmente no estaba prevista ninguna sesi\u00f3n plenaria en la primera semana de septiembre, pero el alcance de lo ocurrido en Ceuta, con insistentes peticiones de explicaciones al Gobierno tanto de la oposici\u00f3n como de sus propios socios, ha desembocado en esta comparecencia extraordinaria del jefe del Ejecutivo.<\/p>\n<p>Mientras el l\u00edder del PP, Alberto N\u00fa\u00f1ez Feij\u00f3o, dio por abierto el curso pol\u00edtico el s\u00e1bado en el tradicional acto de su partido en Cerdedo-Cotobade (Pontevedra), S\u00e1nchez lo har\u00e1 este lunes a primera hora mediante una entrevista radiof\u00f3nica, en la que repasar\u00e1 lo sucedido durante el verano, especialmente la crisis que vive Ceuta desde el 30 de julio. Desde la oposici\u00f3n se ha puesto en cuesti\u00f3n tanto la gesti\u00f3n de la crisis como las tres semanas de vacaciones del presidente a lo largo de agosto, adem\u00e1s de las diferencias sobre si se alert\u00f3 o no de la entrada de m\u00e1s de 70.000 migrantes entre los ministros del Interior, Fernando Grande-Marlaska, y de Defensa, Margarita Robles.<\/p>\n<p>El lunes concluir\u00e1 adem\u00e1s la ronda de comparecencias de ministros por Ceuta en el Congreso, por cuyas comisiones han pasado ya siete miembros del Gabinete; ser\u00e1n las titulares de Juventud e Infancia, Sira Rego, y de Igualdad, Ana Redondo, quienes cierren el ciclo. El ministro de Pol\u00edtica Territorial, \u00c1ngel V\u00edctor Torres, al frente del mando \u00fanico activado para esta crisis, seguir\u00e1 coordinando las medidas para la vuelta a la normalidad en una ciudad donde crece la crispaci\u00f3n social ante los 5.000 migrantes que contin\u00faan en el territorio. El martes, el Consejo de Ministros abordar\u00e1 nuevas medidas de atenci\u00f3n a estas personas, entre ellas la habilitaci\u00f3n de nuevos espacios tras la negativa del gobierno ceut\u00ed a alojarlos en instalaciones deportivas.<\/p>\n<p>El mi\u00e9rcoles 2 de septiembre, v\u00edspera de la comparecencia de S\u00e1nchez, es el D\u00eda de Ceuta, y la Federaci\u00f3n Espa\u00f1ola de Municipios y Provincias (FEMP), que dirige Mar\u00eda Jos\u00e9 Garc\u00eda-Pelayo, ha convocado manifestaciones de apoyo a la ciudad en toda Espa\u00f1a. El PP ha avanzado que toda su direcci\u00f3n participar\u00e1 en las concentraciones, con Feij\u00f3o al frente de la de Madrid. (Efe)\u00a0<\/p>\n","protected":false},"excerpt":{"rendered":"Semana clave para el Gobierno: S\u00e1nchez comparecer\u00e1 el jueves en el Congreso por la crisis migratoria de Ceuta&hellip;\n","protected":false},"author":2,"featured_media":738997,"comment_status":"","ping_status":"","sticky":false,"template":"","format":"standard","meta":{"footnotes":""},"categories":[8],"tags":[17,18,4486,25,24,13,14,14341,11,590,895,15398,125793,19,20,4485,892,9,10,15,16,2959,956,1699,23,12,21,22],"class_list":["post-738996","post","type-post","status-publish","format-standard","has-post-thumbnail","category-espana","tag-breaking-news","tag-breakingnews","tag-ceuta","tag-es","tag-espana","tag-featured-news","tag-featurednews","tag-fernando-grande-marlaska","tag-headlines","tag-inmigracion","tag-inmigracion-irregular","tag-inmigracion-irregular-espana","tag-juan-jesus-vivas","tag-latest-news","tag-latestnews","tag-marruecos","tag-migracion","tag-news","tag-noticias","tag-noticias-destacadas","tag-noticiasdestacadas","tag-pedro-sanchez","tag-pp","tag-psoe","tag-spain","tag-titulares","tag-ultimas-noticias","tag-ultimasnoticias"],"share_on_mastodon":{"url":"","error":"Validation failed: Text character limit of 500 exceeded"},"_links":{"self":[{"href":"https:\/\/www.europesays.com\/es\/wp-json\/wp\/v2\/posts\/738996","targetHints":{"allow":["GET"]}}],"collection":[{"href":"https:\/\/www.europesays.com\/es\/wp-json\/wp\/v2\/posts"}],"about":[{"href":"https:\/\/www.europesays.com\/es\/wp-json\/wp\/v2\/types\/post"}],"author":[{"embeddable":true,"href":"https:\/\/www.europesays.com\/es\/wp-json\/wp\/v2\/users\/2"}],"replies":[{"embeddable":true,"href":"https:\/\/www.europesays.com\/es\/wp-json\/wp\/v2\/comments?post=738996"}],"version-history":[{"count":0,"href":"https:\/\/www.europesays.com\/es\/wp-json\/wp\/v2\/posts\/738996\/revisions"}],"wp:featuredmedia":[{"embeddable":true,"href":"https:\/\/www.europesays.com\/es\/wp-json\/wp\/v2\/media\/738997"}],"wp:attachment":[{"href":"https:\/\/www.europesays.com\/es\/wp-json\/wp\/v2\/media?parent=738996"}],"wp:term":[{"taxonomy":"category","embeddable":true,"href":"https:\/\/www.europesays.com\/es\/wp-json\/wp\/v2\/categories?post=738996"},{"taxonomy":"post_tag","embeddable":true,"href":"https:\/\/www.europesays.com\/es\/wp-json\/wp\/v2\/tags?post=738996"}],"curies":[{"name":"wp","href":"https:\/\/api.w.org\/{rel}","templated":true}]}}