{"id":739010,"date":"2026-08-30T18:33:36","date_gmt":"2026-08-30T18:33:36","guid":{"rendered":"https:\/\/www.europesays.com\/es\/739010\/"},"modified":"2026-08-30T18:33:36","modified_gmt":"2026-08-30T18:33:36","slug":"esther-exposito-gran-talisman-para-kylian-mbappe-en-el-estadio-santiago-bernabeu","status":"publish","type":"post","link":"https:\/\/www.europesays.com\/es\/739010\/","title":{"rendered":"Esther Exp\u00f3sito, gran talism\u00e1n para Kylian Mbapp\u00e9 en el Estadio Santiago Bernabeu"},"content":{"rendered":"<p data-journey-content=\"true\" data-node-id=\"5\" class=\"css-1ood0zq emevuu60\"><strong data-node-id=\"5.0\">Ester Exp\u00f3sito y Kylian Mbapp\u00e9 han vivido su verano m\u00e1s intenso y tambi\u00e9n uno de los m\u00e1s lujosos.<\/strong> Hace unos d\u00edas <a href=\"https:\/\/www.diezminutos.es\/famosos-corazon\/famosos-espanoles\/a73261810\/kylian-mbappe-ester-exposito-reaparecen-tienda-paris-mundial-vuelta-al-real-madrid\/\" target=\"_blank\" data-vars-ga-outbound-link=\"https:\/\/www.diezminutos.es\/famosos-corazon\/famosos-espanoles\/a73261810\/kylian-mbappe-ester-exposito-reaparecen-tienda-paris-mundial-vuelta-al-real-madrid\/\" data-vars-ga-ux-element=\"Hyperlink\" data-vars-ga-call-to-action=\"ve\u00edamos a la pareja en Par\u00eds\" data-node-id=\"5.2\" class=\"body-link css-1v1lrc0 emevuu60\" rel=\"nofollow noopener\">ve\u00edamos a la pareja en Par\u00eds<\/a>, disfrutando de una jornada de compras durante la que, entre otros sitios,<a href=\"https:\/\/www.diezminutos.es\/famosos-corazon\/famosos-espanoles\/a73340667\/ester-exposito-kylian-mbappe-vacaciones-yate-cerdena\/\" target=\"_blank\" data-vars-ga-outbound-link=\"https:\/\/www.diezminutos.es\/famosos-corazon\/famosos-espanoles\/a73340667\/ester-exposito-kylian-mbappe-vacaciones-yate-cerdena\/\" data-vars-ga-ux-element=\"Hyperlink\" data-vars-ga-call-to-action=\" visitaron la joyer\u00eda Messika\" data-node-id=\"5.4\" class=\"body-link css-1v1lrc0 emevuu60\" rel=\"nofollow noopener\"> visitaron la joyer\u00eda Messika<\/a>; tras lo que <strong data-node-id=\"5.6\">viajaron a Porto Cervo<\/strong><strong data-node-id=\"5.7\"> (Cerde\u00f1a)<\/strong>, considerada una de las localidades m\u00e1s exclusivas de la Costa Esmeralda. La pareja ya hab\u00eda elegido Cerde\u00f1a para una escapada el pasado mes de mayo y ahora han regresado a Madrid, tras continuar con unos d\u00edas de desconexi\u00f3n que ya han terminado al comenzar la temporada de LaLiga con Real Madrid.<\/p>\n<p data-journey-content=\"true\" data-node-id=\"10\" class=\"css-1ood0zq emevuu60\">As\u00ed, la pareja ha sido vista de la mano por las calles de Madrid sin ning\u00fan tipo de problemas. Y es que al principio la pareja estaba muy esquiva con las c\u00e1maras aunque poco a poco han comenzado a dejarse ver sin ning\u00fan miramiento. El momento clave tuvo lugar en marzo, cuando Ester Exp\u00f3sito acudi\u00f3 al palco privado de Mbapp\u00e9 en el Santiago Bernab\u00e9u para presenciar el partido entre el Real Madrid y el Atl\u00e9tico de Madrid. Ahora, la actriz <strong data-node-id=\"10.1\">ha vuelto al estadio siendo el mejor talism\u00e1n para su chico.<\/strong><\/p>\n<p data-journey-content=\"true\" data-node-id=\"16\" class=\"css-1ood0zq emevuu60\">El Real Madrid firm\u00f3 una gran victoria con cuatro tantos ante el M\u00e1laga, y la estrella francesa, <strong data-node-id=\"16.1\">Killian Mbapp\u00e9, fue el autor del 3-0. <\/strong>Un gol importante del que era testigo Esther Exp\u00f3sito desde el palco y las c\u00e1maras no dudaron en buscar a la actriz para saber la reacci\u00f3n de la novia del futbolista. <strong data-node-id=\"16.3\">Y Esther no defraud\u00f3.<\/strong> La artista lo celebraba por todo lo alto, bailando y celebrando al m\u00e1ximo. <\/p>\n<p data-journey-content=\"true\" data-node-id=\"20\" class=\"css-1ood0zq emevuu60\">Mientras, en el c\u00e9sped, <strong data-node-id=\"20.1\">Mbapp\u00e9 celebraba su gol y lo hac\u00eda tambi\u00e9n mirando a las gradas<\/strong> y lanzando un beso que son muchos los que han interpretado que iba dedicado a su chica, puesto que se dirig\u00eda al palco. Una celebraci\u00f3n que dejar\u00eda bien claro que la pareja ha reforzado sus lazos y que est\u00e1 mejor que nunca, lo que hace que ya se les llame <a href=\"https:\/\/www.diezminutos.es\/famosos-corazon\/famosos-espanoles\/a73444752\/primeras-imagenes-cristiano-ronaldo-georgina-rodriguez-casados\/\" target=\"_blank\" data-vars-ga-outbound-link=\"https:\/\/www.diezminutos.es\/famosos-corazon\/famosos-espanoles\/a73444752\/primeras-imagenes-cristiano-ronaldo-georgina-rodriguez-casados\/\" data-vars-ga-ux-element=\"Hyperlink\" data-vars-ga-call-to-action=\"&quot;los nuevos Cristiano y Georgina&quot;.\" data-node-id=\"20.3\" class=\"body-link css-1v1lrc0 emevuu60\" rel=\"nofollow noopener\">\u00ablos nuevos Cristiano y Georgina\u00bb.<\/a><\/p>\n","protected":false},"excerpt":{"rendered":"Ester Exp\u00f3sito y Kylian Mbapp\u00e9 han vivido su verano m\u00e1s intenso y tambi\u00e9n uno de los m\u00e1s lujosos.&hellip;\n","protected":false},"author":2,"featured_media":739011,"comment_status":"","ping_status":"","sticky":false,"template":"","format":"standard","meta":{"footnotes":""},"categories":[174],"tags":[255,253,146,147,25,24,256,23],"class_list":["post-739010","post","type-post","status-publish","format-standard","has-post-thumbnail","category-famosos","tag-celebrities","tag-discover","tag-entertainment","tag-entretenimiento","tag-es","tag-espana","tag-famosos","tag-spain"],"share_on_mastodon":{"url":"https:\/\/pubeurope.com\/@es\/117185898213685082","error":""},"_links":{"self":[{"href":"https:\/\/www.europesays.com\/es\/wp-json\/wp\/v2\/posts\/739010","targetHints":{"allow":["GET"]}}],"collection":[{"href":"https:\/\/www.europesays.com\/es\/wp-json\/wp\/v2\/posts"}],"about":[{"href":"https:\/\/www.europesays.com\/es\/wp-json\/wp\/v2\/types\/post"}],"author":[{"embeddable":true,"href":"https:\/\/www.europesays.com\/es\/wp-json\/wp\/v2\/users\/2"}],"replies":[{"embeddable":true,"href":"https:\/\/www.europesays.com\/es\/wp-json\/wp\/v2\/comments?post=739010"}],"version-history":[{"count":0,"href":"https:\/\/www.europesays.com\/es\/wp-json\/wp\/v2\/posts\/739010\/revisions"}],"wp:featuredmedia":[{"embeddable":true,"href":"https:\/\/www.europesays.com\/es\/wp-json\/wp\/v2\/media\/739011"}],"wp:attachment":[{"href":"https:\/\/www.europesays.com\/es\/wp-json\/wp\/v2\/media?parent=739010"}],"wp:term":[{"taxonomy":"category","embeddable":true,"href":"https:\/\/www.europesays.com\/es\/wp-json\/wp\/v2\/categories?post=739010"},{"taxonomy":"post_tag","embeddable":true,"href":"https:\/\/www.europesays.com\/es\/wp-json\/wp\/v2\/tags?post=739010"}],"curies":[{"name":"wp","href":"https:\/\/api.w.org\/{rel}","templated":true}]}}