{"id":739016,"date":"2026-08-30T18:39:22","date_gmt":"2026-08-30T18:39:22","guid":{"rendered":"https:\/\/www.europesays.com\/es\/739016\/"},"modified":"2026-08-30T18:39:22","modified_gmt":"2026-08-30T18:39:22","slug":"2-1-rc-deportivo-valencia-cf-en-directo-hoy-partido-de-la-liga-ea-sports-en-vivo","status":"publish","type":"post","link":"https:\/\/www.europesays.com\/es\/739016\/","title":{"rendered":"2-1 | RC Deportivo &#8211; Valencia CF, en directo hoy: partido de la Liga EA Sports en vivo"},"content":{"rendered":"<p class=\"ft-text\"><strong>PRIMER TIEMPO. <\/strong>Los 45 minutos en los que Riazor regres\u00f3 a Primera. Emoci\u00f3n y f\u00fatbol en un partido que el equipo coru\u00f1\u00e9s deber\u00eda estar ganando con claridad, pero en el que vence solo por la m\u00ednima y que podr\u00eda estar ahora mismo 2-2. Estelar Aubameyang en su tanto. \u00c9l y Bil pudieron hacer uno m\u00e1s. Gran D\u00e9por atacando, no as\u00ed defendiendo. El error de Bright Ede en el 2-1 es imperdonable y reproduce males pasados tras ese pase de Villares en M\u00e1laga.<\/p>\n","protected":false},"excerpt":{"rendered":"PRIMER TIEMPO. Los 45 minutos en los que Riazor regres\u00f3 a Primera. Emoci\u00f3n y f\u00fatbol en un partido&hellip;\n","protected":false},"author":2,"featured_media":739017,"comment_status":"","ping_status":"","sticky":false,"template":"","format":"standard","meta":{"footnotes":""},"categories":[93],"tags":[13103,168,412,2125,25,24,1045,131202,23,167,235],"class_list":["post-739016","post","type-post","status-publish","format-standard","has-post-thumbnail","category-deportes","tag-cf","tag-deportes","tag-deportivo","tag-directo","tag-es","tag-espana","tag-partido","tag-rc","tag-spain","tag-sports","tag-valencia"],"share_on_mastodon":{"url":"https:\/\/pubeurope.com\/@es\/117185922221650813","error":""},"_links":{"self":[{"href":"https:\/\/www.europesays.com\/es\/wp-json\/wp\/v2\/posts\/739016","targetHints":{"allow":["GET"]}}],"collection":[{"href":"https:\/\/www.europesays.com\/es\/wp-json\/wp\/v2\/posts"}],"about":[{"href":"https:\/\/www.europesays.com\/es\/wp-json\/wp\/v2\/types\/post"}],"author":[{"embeddable":true,"href":"https:\/\/www.europesays.com\/es\/wp-json\/wp\/v2\/users\/2"}],"replies":[{"embeddable":true,"href":"https:\/\/www.europesays.com\/es\/wp-json\/wp\/v2\/comments?post=739016"}],"version-history":[{"count":0,"href":"https:\/\/www.europesays.com\/es\/wp-json\/wp\/v2\/posts\/739016\/revisions"}],"wp:featuredmedia":[{"embeddable":true,"href":"https:\/\/www.europesays.com\/es\/wp-json\/wp\/v2\/media\/739017"}],"wp:attachment":[{"href":"https:\/\/www.europesays.com\/es\/wp-json\/wp\/v2\/media?parent=739016"}],"wp:term":[{"taxonomy":"category","embeddable":true,"href":"https:\/\/www.europesays.com\/es\/wp-json\/wp\/v2\/categories?post=739016"},{"taxonomy":"post_tag","embeddable":true,"href":"https:\/\/www.europesays.com\/es\/wp-json\/wp\/v2\/tags?post=739016"}],"curies":[{"name":"wp","href":"https:\/\/api.w.org\/{rel}","templated":true}]}}