{"id":739026,"date":"2026-08-30T18:45:23","date_gmt":"2026-08-30T18:45:23","guid":{"rendered":"https:\/\/www.europesays.com\/es\/739026\/"},"modified":"2026-08-30T18:45:23","modified_gmt":"2026-08-30T18:45:23","slug":"la-guardia-civil-descarta-la-implicacion-de-la-pareja-de-la-mujer-hallada-muerta-en-isla-cristina-sociedad","status":"publish","type":"post","link":"https:\/\/www.europesays.com\/es\/739026\/","title":{"rendered":"La Guardia Civil descarta la implicaci\u00f3n de la pareja de la mujer hallada muerta en Isla Cristina | Sociedad"},"content":{"rendered":"<p class=\"\">La investigaci\u00f3n sobre la <a href=\"https:\/\/elpais.com\/sociedad\/2026-08-28\/detenido-un-hombre-por-el-asesinato-de-su-mujer-en-huelva.html\" target=\"_self\" rel=\"nofollow noopener\" title=\"https:\/\/elpais.com\/sociedad\/2026-08-28\/detenido-un-hombre-por-el-asesinato-de-su-mujer-en-huelva.html\">muerte de una mujer alemana de 47 a\u00f1os <\/a>hallada el pasado viernes con m\u00faltiples heridas de arma blanca en Isla Cristina (<a href=\"https:\/\/elpais.com\/noticias\/huelva\/\" target=\"_self\" rel=\"nofollow noopener\" title=\"https:\/\/elpais.com\/noticias\/huelva\/\">Huelva<\/a>) ha dado un giro despu\u00e9s de que la Guardia Civil haya confirmado que los indicios recabados y los resultados anal\u00edticos descartan la hip\u00f3tesis que motiv\u00f3 la detenci\u00f3n de su pareja. El fallecimiento de la mujer, en un principio investigado como un caso de violencia machista, sigue de este modo abierto y sin una hip\u00f3tesis policial clara.<\/p>\n<p class=\"\">El juzgado que lleva el caso ha decretado la puesta en libertad del hombre, un ciudadano italiano de 60 a\u00f1os que hab\u00eda sido detenido por su presunta relaci\u00f3n con los hechos, una vez finalizada la inspecci\u00f3n t\u00e9cnico-ocular realizada por el equipo de Polic\u00eda Judicial y tras incorporarse al expediente el informe forense preliminar.<\/p>\n<p class=\"\">Los indicios obtenidos en el lugar de los hechos y los an\u00e1lisis practicados descartan la hip\u00f3tesis inicial que llev\u00f3 a su arresto, seg\u00fan ha informado la Guardia Civil. <\/p>\n<p class=\"\">El cuerpo de la v\u00edctima fue localizado en la ma\u00f1ana del viernes en la zona de la playa de La Gaviota, despu\u00e9s de que el servicio de Emergencias 112 Andaluc\u00eda recibiera una llamada alertando de la presencia de una mujer tendida en la v\u00eda p\u00fablica. Los sanitarios desplazados al lugar solo pudieron confirmar su fallecimiento.<\/p>\n<p class=\"\">La pareja, residente habitualmente en Alemania, se encontraba realizando una ruta tur\u00edstica en autocaravana por distintos puntos de la Pen\u00ednsula. La investigaci\u00f3n contin\u00faa abierta para esclarecer las circunstancias de la muerte y, por el momento, las autoridades no han facilitado m\u00e1s informaci\u00f3n sobre el caso.<\/p>\n","protected":false},"excerpt":{"rendered":"La investigaci\u00f3n sobre la muerte de una mujer alemana de 47 a\u00f1os hallada el pasado viernes con m\u00faltiples&hellip;\n","protected":false},"author":2,"featured_media":739027,"comment_status":"","ping_status":"","sticky":false,"template":"","format":"standard","meta":{"footnotes":""},"categories":[8],"tags":[259,17,18,25,24,13,14,11,4397,128169,19,20,4044,9,10,15,16,131206,23,257,12,21,22],"class_list":["post-739026","post","type-post","status-publish","format-standard","has-post-thumbnail","category-espana","tag-andalucia","tag-breaking-news","tag-breakingnews","tag-es","tag-espana","tag-featured-news","tag-featurednews","tag-headlines","tag-huelva","tag-isla-cristina","tag-latest-news","tag-latestnews","tag-mujeres","tag-news","tag-noticias","tag-noticias-destacadas","tag-noticiasdestacadas","tag-provincia-huelva","tag-spain","tag-sucesos","tag-titulares","tag-ultimas-noticias","tag-ultimasnoticias"],"share_on_mastodon":{"url":"https:\/\/pubeurope.com\/@es\/117185945853407952","error":""},"_links":{"self":[{"href":"https:\/\/www.europesays.com\/es\/wp-json\/wp\/v2\/posts\/739026","targetHints":{"allow":["GET"]}}],"collection":[{"href":"https:\/\/www.europesays.com\/es\/wp-json\/wp\/v2\/posts"}],"about":[{"href":"https:\/\/www.europesays.com\/es\/wp-json\/wp\/v2\/types\/post"}],"author":[{"embeddable":true,"href":"https:\/\/www.europesays.com\/es\/wp-json\/wp\/v2\/users\/2"}],"replies":[{"embeddable":true,"href":"https:\/\/www.europesays.com\/es\/wp-json\/wp\/v2\/comments?post=739026"}],"version-history":[{"count":0,"href":"https:\/\/www.europesays.com\/es\/wp-json\/wp\/v2\/posts\/739026\/revisions"}],"wp:featuredmedia":[{"embeddable":true,"href":"https:\/\/www.europesays.com\/es\/wp-json\/wp\/v2\/media\/739027"}],"wp:attachment":[{"href":"https:\/\/www.europesays.com\/es\/wp-json\/wp\/v2\/media?parent=739026"}],"wp:term":[{"taxonomy":"category","embeddable":true,"href":"https:\/\/www.europesays.com\/es\/wp-json\/wp\/v2\/categories?post=739026"},{"taxonomy":"post_tag","embeddable":true,"href":"https:\/\/www.europesays.com\/es\/wp-json\/wp\/v2\/tags?post=739026"}],"curies":[{"name":"wp","href":"https:\/\/api.w.org\/{rel}","templated":true}]}}