{"id":739034,"date":"2026-08-30T18:52:19","date_gmt":"2026-08-30T18:52:19","guid":{"rendered":"https:\/\/www.europesays.com\/es\/739034\/"},"modified":"2026-08-30T18:52:19","modified_gmt":"2026-08-30T18:52:19","slug":"enric-mas-se-corona-en-el-alto-de-aitana-y-se-lleva-la-etapa-9-de-la-vuelta-a-espana-cadena-ser","status":"publish","type":"post","link":"https:\/\/www.europesays.com\/es\/739034\/","title":{"rendered":"Enric Mas se corona en el Alto de Aitana y se lleva la etapa 9 de La Vuelta a Espa\u00f1a | Cadena SER"},"content":{"rendered":"<p><a href=\"https:\/\/cadenaser.com\/nacional\/2026\/08\/29\/enric-mas-nuevo-lider-de-la-vuelta-tras-la-caida-de-pogacar-es-una-gran-pena-ahora-cogere-la-responsabilidad-cadena-ser\/\" target=\"_blank\" rel=\"nofollow noopener\" title=\"https:\/\/cadenaser.com\/nacional\/2026\/08\/29\/enric-mas-nuevo-lider-de-la-vuelta-tras-la-caida-de-pogacar-es-una-gran-pena-ahora-cogere-la-responsabilidad-cadena-ser\/\">Enric Mas ha firmado una aut\u00e9ntica proeza en una jornada inolvidable para el ciclista espa\u00f1ol y para el Movistar Team.<\/a> El balear marc\u00f3 un ritmo alt\u00edsimo durante toda la etapa, siempre por delante de Onley, y termin\u00f3 imponi\u00e9ndose con el maillot rojo que <a href=\"https:\/\/cadenaser.com\/nacional\/2026\/08\/30\/tadej-pogacar-reaparece-tras-su-fuerte-accidente-en-la-vuelta-al-ritmo-de-stayin-alive-cadena-ser\/\" target=\"_blank\" rel=\"nofollow noopener\" title=\"https:\/\/cadenaser.com\/nacional\/2026\/08\/30\/tadej-pogacar-reaparece-tras-su-fuerte-accidente-en-la-vuelta-al-ritmo-de-stayin-alive-cadena-ser\/\">ya hab\u00eda heredado el d\u00eda anterior tras la ca\u00edda de Tadej Pogacar.<\/a> El Alto de Aitana era su primer examen y lo ha aprobado con creces. Los 187,4 kil\u00f3metros y m\u00e1s de 5.000 metros de desnivel, seis puertos puntuables y un encadenado por las monta\u00f1as alicantinas <a href=\"https:\/\/cadenaser.com\/comunitat-valenciana\/2026\/08\/29\/tadej-pogacar-se-retira-y-la-vila-joiosa-abre-un-capitulo-nuevo-en-la-vuelta-radio-benidorm\/\" target=\"_blank\" rel=\"nofollow noopener\" title=\"https:\/\/cadenaser.com\/comunitat-valenciana\/2026\/08\/29\/tadej-pogacar-se-retira-y-la-vila-joiosa-abre-un-capitulo-nuevo-en-la-vuelta-radio-benidorm\/\">han marcado una novena etapa dura para todos los ciclistas<\/a>.<\/p>\n<p>Oscar Onley fue uno de sus principales rivales durante la subida final y estuvo cerca de Mas en los \u00faltimos kil\u00f3metros. Antes de que arrancara esta etapa, Primoz Roglic y Felix Gall son sus principales amenazas en la general. Antes de la etapa, Gall estaba a 1:11 y Roglic a 1:33; la jornada de Aitana estaba llamada a modificar esas diferencias. Ahora Enric se quita un peso de encima psicol\u00f3gico y mantiene el liderato en La Vuelta. <\/p>\n<p>M\u00e1s informaci\u00f3n<\/p>\n<p>Una victoria que permite a Enric celebrar por todo lo alto un d\u00eda muy especial, despu\u00e9s de haber asumido el liderato de La Vuelta en unas circunstancias marcadas por el infortunio del gran favorito. El ciclista espa\u00f1ol no dej\u00f3 pasar la oportunidad y respondi\u00f3 sobre la carretera con una actuaci\u00f3n de enorme nivel.<\/p>\n<p>    <img decoding=\"async\" src=\"https:\/\/www.europesays.com\/es\/wp-content\/uploads\/2026\/08\/1788115939_462_app-ser-4.png\" alt=\"Nueva APP de Cadena SER\" loading=\"lazy\" width=\"109\" height=\"82\"\/><\/p>\n<p>Descubre la nueva app de Cadena\u00a0SER<br \/>\n        Te ofrecemos una mejor experiencia de audio y video\n    <\/p>\n<p>    <a href=\"https:\/\/trackingcodes.prisamedia.com\/ser.html?utm_campaign=app-include-articulo&amp;utm_source=web\" class=\"p-a-fa-b\" rel=\"nofollow noopener\" target=\"_blank\">Descargar<\/a><\/p>\n<p>\u00abHe disfrutado como un ni\u00f1o\u00bb<\/p>\n<p>Tras la etapa, Enric Mas habl\u00f3 con Borja Cuadrado en el micr\u00f3fono de Carrusel Deportivo y reconoci\u00f3 haber disfrutado especialmente de su primer d\u00eda como l\u00edder de la carrera: \u00abHe disfrutado como un ni\u00f1o al llevar el maillot. Hoy s\u00ed que creo que nos lo merecemos y, a partir de ahora, lo vamos a vestir con orgullo. Despu\u00e9s de la desgracia de Tadej de ayer necesitaba que pasara lo que ha pasado. Esta ha sido una carrera muy especial\u00bb. Preguntado por si se ve con opciones de ganar La Vuelta, Mas prefiri\u00f3 no mojarse y respondi\u00f3 con un escueto \u00abpaso palabra\u00bb.<\/p>\n<blockquote class=\"twitter-tweet\">\n<p lang=\"es\" dir=\"ltr\">Es DON ENRIC MAS NICOLAU.<br \/>Ha ganado en el Alto de Aitana.<br \/>Ha sido el m\u00e1s fuerte y el m\u00e1s valiente de todos los favoritos.<\/p>\n<p>Y S\u00cd. ES EL M\u00c1XIMO FAVORITO PARA GANAR ESTA VUELTA A ESPA\u00d1A.<\/p>\n<p>\ud835\ude48\ud835\ude4a\ud835\ude48\ud835\ude40\ud835\ude49\ud835\ude4f\ud835\ude4a \ud835\ude4b\ud835\ude3c\ud835\ude4d\ud835\ude3c \ud835\ude4e\ud835\ude4a\ud835\ude49\u0303\ud835\ude3c\ud835\ude4d<a href=\"https:\/\/x.com\/hashtag\/LaVuelta26?src=hash&amp;ref_src=twsrc%5Etfw\" rel=\"nofollow\">#LaVuelta26<\/a> <a href=\"https:\/\/x.com\/hashtag\/VueltaRTVE30a?src=hash&amp;ref_src=twsrc%5Etfw\" rel=\"nofollow\">#VueltaRTVE30a<\/a> <a href=\"https:\/\/t.co\/OWO0pjK4fY\" rel=\"nofollow\">pic.twitter.com\/OWO0pjK4fY<\/a><\/p>\n<p>\u2014 Teledeporte (@teledeporte) <a href=\"https:\/\/x.com\/teledeporte\/status\/2094087723883565244?ref_src=twsrc%5Etfw\" rel=\"nofollow\">August 30, 2026<\/a><\/p><\/blockquote>\n<p>El pr\u00f3ximo reto de Enric Mas ser\u00e1 el pr\u00f3ximo martes 1 de septiembre. Ese d\u00eda se disputar\u00e1 la etapa 10 en un recorrido que empezar\u00e1 en Alcaraz y terminar\u00e1 en Elche de la Sierra (184,7 km). El maillot rojo le sienta bien y Enric lo sabe.<\/p>\n<p><script async src=\"https:\/\/platform.twitter.com\/widgets.js\" charset=\"utf-8\"><\/script><\/p>\n","protected":false},"excerpt":{"rendered":"Enric Mas ha firmado una aut\u00e9ntica proeza en una jornada inolvidable para el ciclista espa\u00f1ol y para el&hellip;\n","protected":false},"author":2,"featured_media":739035,"comment_status":"","ping_status":"","sticky":false,"template":"","format":"standard","meta":{"footnotes":""},"categories":[273],"tags":[1765,313,312,168,25,24,23,167,1766],"class_list":["post-739034","post","type-post","status-publish","format-standard","has-post-thumbnail","category-ciclismo","tag-bestof","tag-ciclismo","tag-cycling","tag-deportes","tag-es","tag-espana","tag-spain","tag-sports","tag-topix"],"share_on_mastodon":{"url":"https:\/\/pubeurope.com\/@es\/117185974179094434","error":""},"_links":{"self":[{"href":"https:\/\/www.europesays.com\/es\/wp-json\/wp\/v2\/posts\/739034","targetHints":{"allow":["GET"]}}],"collection":[{"href":"https:\/\/www.europesays.com\/es\/wp-json\/wp\/v2\/posts"}],"about":[{"href":"https:\/\/www.europesays.com\/es\/wp-json\/wp\/v2\/types\/post"}],"author":[{"embeddable":true,"href":"https:\/\/www.europesays.com\/es\/wp-json\/wp\/v2\/users\/2"}],"replies":[{"embeddable":true,"href":"https:\/\/www.europesays.com\/es\/wp-json\/wp\/v2\/comments?post=739034"}],"version-history":[{"count":0,"href":"https:\/\/www.europesays.com\/es\/wp-json\/wp\/v2\/posts\/739034\/revisions"}],"wp:featuredmedia":[{"embeddable":true,"href":"https:\/\/www.europesays.com\/es\/wp-json\/wp\/v2\/media\/739035"}],"wp:attachment":[{"href":"https:\/\/www.europesays.com\/es\/wp-json\/wp\/v2\/media?parent=739034"}],"wp:term":[{"taxonomy":"category","embeddable":true,"href":"https:\/\/www.europesays.com\/es\/wp-json\/wp\/v2\/categories?post=739034"},{"taxonomy":"post_tag","embeddable":true,"href":"https:\/\/www.europesays.com\/es\/wp-json\/wp\/v2\/tags?post=739034"}],"curies":[{"name":"wp","href":"https:\/\/api.w.org\/{rel}","templated":true}]}}