{"id":739048,"date":"2026-08-30T19:04:48","date_gmt":"2026-08-30T19:04:48","guid":{"rendered":"https:\/\/www.europesays.com\/es\/739048\/"},"modified":"2026-08-30T19:04:48","modified_gmt":"2026-08-30T19:04:48","slug":"la-promesa-avance-del-capitulo-895-del-lunes-31-de-agosto-en-tve-una-pedida-de-mano-emotiva","status":"publish","type":"post","link":"https:\/\/www.europesays.com\/es\/739048\/","title":{"rendered":"&#8216;La Promesa&#8217;, avance del cap\u00edtulo 895 del lunes 31 de agosto en TVE: Una pedida de mano emotiva"},"content":{"rendered":"<p data-journey-content=\"true\" data-node-id=\"3\" class=\"css-1ood0zq emevuu60\">En los \u00faltimos cap\u00edtulos de la <a href=\"https:\/\/www.diezminutos.es\/telenovela\/espanolas\/a73503937\/la-promesa-avance-semanal-del-24-al-28-de-agosto-en-tve\/\" target=\"_blank\" data-vars-ga-outbound-link=\"https:\/\/www.diezminutos.es\/telenovela\/espanolas\/a73503937\/la-promesa-avance-semanal-del-24-al-28-de-agosto-en-tve\/\" data-vars-ga-ux-element=\"Hyperlink\" data-vars-ga-call-to-action=\"semana del 24 a 28 de agosto\" data-node-id=\"3.1\" class=\"body-link css-1v1lrc0 emevuu60\" rel=\"nofollow noopener\">semana del 24 a 28 de agosto<\/a>, en &#8216;<a href=\"https:\/\/www.diezminutos.es\/telenovela-la-promesa\/\" target=\"_blank\" data-vars-ga-outbound-link=\"https:\/\/www.diezminutos.es\/telenovela-la-promesa\/\" data-vars-ga-ux-element=\"Hyperlink\" data-vars-ga-call-to-action=\"La Promesa\" data-node-id=\"3.3\" class=\"body-link css-1v1lrc0 emevuu60\" rel=\"nofollow noopener\">La Promesa<\/a>&#8216;, Julieta convence a Manuel de no ceder ante Ciro: ser\u00e1 ella quien lidie con su marido. Crist\u00f3bal y Teresa no encuentran soluci\u00f3n al problema de las cocinas. Leocadia y Lorenzo niegan haber filtrado la noticia de la paternidad de M\u00e1ximo; <strong data-node-id=\"3.5\">Alonso no da con el culpable<\/strong>. Manuel rechaza la propuesta de Ciro con firmeza, no va a licenciar su motor a m\u00e1s fabricantes. M\u00e1ximo irrumpe en la reuni\u00f3n sobre la boda y \u00c1ngela lo echa sin contemplaciones. Carlo confiesa a Samuel que le pedir\u00e1 matrimonio a Mar\u00eda Fern\u00e1ndez. <\/p>\n<p><img draggable=\"true\" alt=\"la promesa\" title=\"La Promesa\" loading=\"lazy\" width=\"1620\" height=\"1080\" decoding=\"async\" data-nimg=\"1\" style=\"color:transparent;width:100%;height:auto;\"   src=\"https:\/\/www.europesays.com\/es\/wp-content\/uploads\/2026\/08\/fbaadb12-f672-484c-ad63-3cf91edd44ab.jpeg\" class=\"css-0 e1ddfba50\"\/><\/p>\n<p>Add RTVE<\/p>\n<p>Ricardo y Teresa son relegados a la cocina en &#8216;La Promesa&#8217;<\/p>\n<p data-journey-content=\"true\" data-node-id=\"11\" class=\"css-1ood0zq emevuu60\">Martina y Adriano, por su parte, concluyen que solo queda aceptar el ultim\u00e1tum de Jacobo y separarse para siempre. Ricardo y Teresa son relegados a la cocina como soluci\u00f3n de emergencia. Ciro discute con Julieta delante de Manuel, que se tiene que morder la lengua tal y como prometi\u00f3 a Julieta. A Lorenzo se le ocurre una nueva idea para estafar a Manuel, \u00a1y es todav\u00eda m\u00e1s peligrosa! M\u00e1ximo revela a Leocadia qui\u00e9n filtr\u00f3 la noticia de su paternidad a la prensa. \u00bfDe qui\u00e9n se trata? <strong data-node-id=\"11.1\">Te contamos lo que va a pasar el 31 de agosto en el episodio 895, en TVE.<\/strong> <\/p>\n<p>Cap\u00edtulo 895 del lunes 31 de agosto de &#8216;La Promesa&#8217;<img draggable=\"true\" alt=\"la promesa\" title=\"La Promesa\" loading=\"lazy\" width=\"4096\" height=\"2731\" decoding=\"async\" data-nimg=\"1\" style=\"color:transparent;width:100%;height:auto;\"   src=\"https:\/\/www.europesays.com\/es\/wp-content\/uploads\/2026\/08\/82c98e05-6fb8-4f9f-b134-b3e0e7bff070.jpg\" class=\"css-0 e1ddfba50\"\/><\/p>\n<p>Add RTVE<\/p>\n<p data-journey-content=\"true\" data-node-id=\"17\" class=\"css-1ood0zq emevuu60\">M\u00e1ximo reconoce ante Leocadia haber filtrado la noticia para controlar el relato; ella le advierte que eso lo alejar\u00e1 m\u00e1s de \u00c1ngela. Lorenzo convence a Ciro de conceder licencias a espaldas de Manuel, reparti\u00e9ndose entre ambos las ganancias. Tomasa obliga a Petra a aceptar el puesto de ama de llaves. Samuel se despide veladamente de Mar\u00eda, sabiendo que Carlo va a pedirle matrimonio. Teresa y Ricardo afrontan la primera comida como cocineros de emergencia; Julio les complica las cosas.<strong data-node-id=\"17.1\"> \u00c1ngela estalla ante M\u00e1ximo al saber que fue \u00e9l quien filtr\u00f3 la noticia<\/strong>; Curro tambi\u00e9n le reprocha la maniobra. Ciro convence a Manuel de dejarle hacer trabajo de campo, obteniendo v\u00eda libre para su plan. Adriano y Martina sellan su despedida con un beso&#8230; Leocadia se regodea en lo mucho que ha metido la pata M\u00e1ximo: que no est\u00e9 presente en la boda ser\u00e1 un esc\u00e1ndalo monumental. Carlo da el gran paso: hinca rodilla y pide matrimonio a Mar\u00eda Fern\u00e1ndez, \u00bfqu\u00e9 contestar\u00e1 ella?<\/p>\n<p><img src=\"https:\/\/www.europesays.com\/es\/wp-content\/uploads\/2026\/08\/1788116688_678_43af9b8f-983e-4e74-8e74-9a7479b0966b_1681831601.file.png\" alt=\"Headshot of Pilar Mart\u00ednez\" title=\"Headshot of Pilar Mart\u00ednez\" width=\"100%\" height=\"100%\" decoding=\"async\" loading=\"lazy\" class=\"css-o0wq4v ev8dhu53\"\/><\/p>\n<p>Pilar Mart\u00ednez es periodista especializada en contenidos de televisi\u00f3n y cultura, se gradu\u00f3 en la carrera en Periodismo en la Facultad de Ciencias de la Informaci\u00f3n (Universidad Complutense de Madrid) en el a\u00f1o 2018. Desde entonces ha pasado por las redacciones de Ecoteuve (El Economista), donde realiz\u00f3 sus primeras pr\u00e1cticas durante el verano del 2016.<\/p>\n<p>Posteriormente, concretamente, en el a\u00f1o 2017 se pas\u00f3 al grupo Hearst Espa\u00f1a, donde comenz\u00f3 su andadura en las revistas de televisi\u00f3n: Supertele, Teleprograma, Telenovela. Ahora colabora con Diez Minutos, en su versi\u00f3n web, donde se encarga de realizar los avances semanales de las ficciones diarias de moda, as\u00ed como entrevistas y art\u00edculos sobre los melodramas o telenovelas que aterrizan en nuestro pa\u00eds y aquellos que est\u00e1n por venir.<\/p>\n<p>Toda una cazadora de exclusivas. A esto, se suma su puesto como redactora jefe de la secci\u00f3n de novela narrativa en la revista Culturamas, medio digital de alto impacto al que lleva unida desde el a\u00f1o 2013. \u00c1vida lectora, cin\u00e9fila y seri\u00e9fila de primer nivel, ha hecho de su vocaci\u00f3n su oficio. \u00a0<\/p>\n","protected":false},"excerpt":{"rendered":"En los \u00faltimos cap\u00edtulos de la semana del 24 a 28 de agosto, en &#8216;La Promesa&#8216;, Julieta convence&hellip;\n","protected":false},"author":2,"featured_media":739049,"comment_status":"","ping_status":"","sticky":false,"template":"","format":"standard","meta":{"footnotes":""},"categories":[91],"tags":[253,146,147,25,24,23],"class_list":["post-739048","post","type-post","status-publish","format-standard","has-post-thumbnail","category-entretenimiento","tag-discover","tag-entertainment","tag-entretenimiento","tag-es","tag-espana","tag-spain"],"share_on_mastodon":{"url":"https:\/\/pubeurope.com\/@es\/117186021455867151","error":""},"_links":{"self":[{"href":"https:\/\/www.europesays.com\/es\/wp-json\/wp\/v2\/posts\/739048","targetHints":{"allow":["GET"]}}],"collection":[{"href":"https:\/\/www.europesays.com\/es\/wp-json\/wp\/v2\/posts"}],"about":[{"href":"https:\/\/www.europesays.com\/es\/wp-json\/wp\/v2\/types\/post"}],"author":[{"embeddable":true,"href":"https:\/\/www.europesays.com\/es\/wp-json\/wp\/v2\/users\/2"}],"replies":[{"embeddable":true,"href":"https:\/\/www.europesays.com\/es\/wp-json\/wp\/v2\/comments?post=739048"}],"version-history":[{"count":0,"href":"https:\/\/www.europesays.com\/es\/wp-json\/wp\/v2\/posts\/739048\/revisions"}],"wp:featuredmedia":[{"embeddable":true,"href":"https:\/\/www.europesays.com\/es\/wp-json\/wp\/v2\/media\/739049"}],"wp:attachment":[{"href":"https:\/\/www.europesays.com\/es\/wp-json\/wp\/v2\/media?parent=739048"}],"wp:term":[{"taxonomy":"category","embeddable":true,"href":"https:\/\/www.europesays.com\/es\/wp-json\/wp\/v2\/categories?post=739048"},{"taxonomy":"post_tag","embeddable":true,"href":"https:\/\/www.europesays.com\/es\/wp-json\/wp\/v2\/tags?post=739048"}],"curies":[{"name":"wp","href":"https:\/\/api.w.org\/{rel}","templated":true}]}}