{"id":739060,"date":"2026-08-30T19:15:22","date_gmt":"2026-08-30T19:15:22","guid":{"rendered":"https:\/\/www.europesays.com\/es\/739060\/"},"modified":"2026-08-30T19:15:22","modified_gmt":"2026-08-30T19:15:22","slug":"la-raqueta-mas-veterana-de-oviedo-enrique-aldecoa-de-85-anos-sigue-jugando-al-tenis-dos-veces-por-semana","status":"publish","type":"post","link":"https:\/\/www.europesays.com\/es\/739060\/","title":{"rendered":"La raqueta m\u00e1s veterana de Oviedo: Enrique Aldecoa, de 85 a\u00f1os, sigue jugando al tenis dos veces por semana"},"content":{"rendered":"<p class=\"ft-text ft-helper-closenews\">A <strong>Enrique Aldecoa<\/strong> todav\u00eda no hay quien le haga colgar la raqueta. <strong>Tiene 85 a\u00f1os, juega al tenis dos veces por semana y lleva m\u00e1s de medio siglo viendo la Copa del Real Club de Tenis de Oviedo<\/strong>. El s\u00e1bado a\u00f1adi\u00f3 otro campe\u00f3n a su particular archivo: <strong>el suizo Alexander Ritschard<\/strong>, que se llev\u00f3 la final tras derrotar al madrile\u00f1o <strong>Sergi P\u00e9rez Contri<\/strong>. Antes vio jugar aqu\u00ed a <strong>Orantes, Moy\u00e1<\/strong> y \u00aba muchos de los buenos\u00bb, y presume de tener suficiente ojo como para detectar pronto qui\u00e9n puede llegar lejos. <strong>\u00abEn cuanto pegan cuatro pelotazos, se sabe qui\u00e9n es bueno\u00bb<\/strong>.<\/p>\n<p class=\"ft-text\">Es socio del <strong>Real Club de Tenis de Oviedo desde 1968<\/strong>, cuando la entidad apenas ten\u00eda 18 a\u00f1os de vida, y contin\u00faa entrando en la pista con la raqueta bajo el brazo. Naci\u00f3 en <strong>Mieres<\/strong>, pero lleva viviendo muchos a\u00f1os en <strong>Oviedo<\/strong>. A los 18 se march\u00f3 a Madrid para estudiar Ingenier\u00eda Industrial y empez\u00f3 a jugar al tenis hacia los 25 en el <strong>Club Santiago Ap\u00f3stol<\/strong> de la capital espa\u00f1ola. Aquello, recuerda, ten\u00eda bastante de aprendizaje por libre. <strong>\u00abLas raquetas eran de madera y entrenadores, ni por asomo\u00bb<\/strong>. Eran \u00abcuatro amigos\u00bb haciendo lo que pod\u00edan y mirando hacia el mismo referente: <strong>\u00abTodos quer\u00edamos ser Santana\u00bb<\/strong>.<\/p>\n<p class=\"ft-text\">Fue ya en Oviedo cuando empez\u00f3 a golpear la pelota con algo m\u00e1s de fundamento. En el <strong>Real Club de Tenis<\/strong> tuvo entrenador, aprendi\u00f3 \u00abde verdad\u00bb y particip\u00f3 en algunos torneos internos. \u00abTengo copitas peque\u00f1as del tenis\u00bb, cuenta. Pero su mejor trofeo quiz\u00e1 sea otro: <strong>seis d\u00e9cadas despu\u00e9s de comenzar, sigue jugando<\/strong>.<\/p>\n<p class=\"ft-text\">Lo hace <strong>dos veces por semana<\/strong> y con un entrenador que le conoce bien. Sobre todo, que sabe frenarlo. <strong>Aldecoa fue operado de una cadera hace dos a\u00f1os<\/strong> y procura evitar los partidos porque el marcador despierta todav\u00eda al competidor que lleva dentro. Se \u00abcalienta\u00bb, quiere ir a por todas y termina haciendo m\u00e1s de lo que deber\u00eda. La edad podr\u00e1 haberle quitado alguna carrera a una dejada, pero no las ganas de perseguirla.<\/p>\n<p>M\u00e1s deporte<\/p>\n<p class=\"ft-text\">Tampoco se limita al tenis. <strong>Va al gimnasio, juega al golf los martes, jueves y s\u00e1bados y acaba de descubrir el croquet<\/strong>. Sigue adem\u00e1s compartiendo pista con un grupo de veteranos con el que lleva jugando buena parte de su vida y a algunos de cuyos integrantes les saca hasta quince a\u00f1os. La raqueta tambi\u00e9n ha ido pasando de generaci\u00f3n en generaci\u00f3n: <strong>primero ense\u00f1\u00f3 a jugar a sus hijos y ahora hace lo propio con sus nietos<\/strong>.<\/p>\n<p class=\"ft-text\">Cuando mira a los j\u00f3venes que compiten estos d\u00edas en Oviedo, hay una mezcla de admiraci\u00f3n y cierta envidia. <strong>\u00abLo que dar\u00eda por ser ahora como ellos\u00bb<\/strong>, reconoce. El tenis que contempla hoy tiene poco que ver con el que \u00e9l empez\u00f3 a practicar con una raqueta de madera y un pu\u00f1ado de amigos. Cambiaron los materiales, la preparaci\u00f3n y los jugadores, pero Aldecoa ha permanecido junto a las pistas viendo aparecer nuevas generaciones. <strong>\u00abPor aqu\u00ed pasaron Orantes, Moy\u00e1 y muchos de los buenos\u00bb<\/strong>, recuerda. A los actuales no los conoce todav\u00eda tanto, aunque tampoco le preocupa: <strong>\u00abSeguramente luego los veremos en la tele, porque por Oviedo siempre vienen los nuevos\u00bb<\/strong>.<\/p>\n<p class=\"ft-text\">Mientras el tenis ocupaba sus ratos libres, su vida profesional transcurr\u00eda entre planos, obras y viajes. Aldecoa trabaj\u00f3 buena parte de su carrera como <strong>ingeniero industrial en Dragados y tambi\u00e9n en la actual ACS<\/strong>, y lleg\u00f3 a pasar <strong>cuatro a\u00f1os en Colombia<\/strong>. Particip\u00f3 en numerosas obras, entre ellas <strong>la Facultad de Medicina de Oviedo, la autopista que une Oviedo y Mieres y grandes trabajos vinculados a Ensidesa en Avil\u00e9s, como la cimentaci\u00f3n de la acer\u00eda<\/strong>. \u00abFue sin duda la obra m\u00e1s gorda\u00bb, dice.<\/p>\n<p class=\"ft-text\">Y, entre obra y obra, siempre estaba la Copa. Aldecoa no habla \u00fanicamente de los jugadores. Para \u00e9l, lo fundamental es todo lo que ocurre alrededor. <strong>\u00abEl campeonato da mucho ambiente en Oviedo y en el club\u00bb<\/strong>, destaca. Lo ha visto durante m\u00e1s de cincuenta a\u00f1os y considera que la competici\u00f3n est\u00e1 ya tan ligada a Oviedo como a su propia biograf\u00eda.<\/p>\n<p class=\"ft-text\">Ayer le toc\u00f3 contemplar c\u00f3mo <strong>Ritschard levantaba el t\u00edtulo<\/strong>. Dentro de unos a\u00f1os quiz\u00e1 recuerde tambi\u00e9n su nombre entre todos los que ha ido guardando desde que se hizo socio en 1968. Para entonces, si la cadera y el calendario le conceden ventaja, Aldecoa espera seguir haciendo lo mismo: mirar buenos partidos y, cuando le toque, empu\u00f1ar \u00e9l mismo la raqueta. Porque despu\u00e9s de m\u00e1s de medio siglo hay costumbres que ya no admiten un punto final. <strong>\u00abParece que si me quitan este torneo me quitan algo\u00bb<\/strong>.<\/p>\n<p data-close=\"closedContent\" class=\"subscribeHideForDisplay\">Suscr\u00edbete para seguir leyendo<\/p>\n","protected":false},"excerpt":{"rendered":"A Enrique Aldecoa todav\u00eda no hay quien le haga colgar la raqueta. Tiene 85 a\u00f1os, juega al tenis&hellip;\n","protected":false},"author":2,"featured_media":739061,"comment_status":"","ping_status":"","sticky":false,"template":"","format":"standard","meta":{"footnotes":""},"categories":[274],"tags":[64700,1798,168,12096,25,24,1796,54725,773,23,167,327,326,75146],"class_list":["post-739060","post","type-post","status-publish","format-standard","has-post-thumbnail","category-tenis","tag-aldecoa","tag-club","tag-deportes","tag-enrique","tag-es","tag-espana","tag-oviedo","tag-raqueta","tag-semana","tag-spain","tag-sports","tag-tenis","tag-tennis","tag-veterana"],"share_on_mastodon":{"url":"https:\/\/pubeurope.com\/@es\/117186063631082515","error":""},"_links":{"self":[{"href":"https:\/\/www.europesays.com\/es\/wp-json\/wp\/v2\/posts\/739060","targetHints":{"allow":["GET"]}}],"collection":[{"href":"https:\/\/www.europesays.com\/es\/wp-json\/wp\/v2\/posts"}],"about":[{"href":"https:\/\/www.europesays.com\/es\/wp-json\/wp\/v2\/types\/post"}],"author":[{"embeddable":true,"href":"https:\/\/www.europesays.com\/es\/wp-json\/wp\/v2\/users\/2"}],"replies":[{"embeddable":true,"href":"https:\/\/www.europesays.com\/es\/wp-json\/wp\/v2\/comments?post=739060"}],"version-history":[{"count":0,"href":"https:\/\/www.europesays.com\/es\/wp-json\/wp\/v2\/posts\/739060\/revisions"}],"wp:featuredmedia":[{"embeddable":true,"href":"https:\/\/www.europesays.com\/es\/wp-json\/wp\/v2\/media\/739061"}],"wp:attachment":[{"href":"https:\/\/www.europesays.com\/es\/wp-json\/wp\/v2\/media?parent=739060"}],"wp:term":[{"taxonomy":"category","embeddable":true,"href":"https:\/\/www.europesays.com\/es\/wp-json\/wp\/v2\/categories?post=739060"},{"taxonomy":"post_tag","embeddable":true,"href":"https:\/\/www.europesays.com\/es\/wp-json\/wp\/v2\/tags?post=739060"}],"curies":[{"name":"wp","href":"https:\/\/api.w.org\/{rel}","templated":true}]}}