{"id":739068,"date":"2026-08-30T19:20:16","date_gmt":"2026-08-30T19:20:16","guid":{"rendered":"https:\/\/www.europesays.com\/es\/739068\/"},"modified":"2026-08-30T19:20:16","modified_gmt":"2026-08-30T19:20:16","slug":"aitana-sanchez-gijon-y-maxi-iglesias-juntos-en-trujillo-ya-no-se-esconden","status":"publish","type":"post","link":"https:\/\/www.europesays.com\/es\/739068\/","title":{"rendered":"Aitana S\u00e1nchez-Gij\u00f3n y Maxi Iglesias, juntos en Trujillo: \u00abYa no se esconden\u00bb"},"content":{"rendered":"<p style=\"\">La relaci\u00f3n entre Aitana S\u00e1nchez-Gij\u00f3n y Maxi Iglesias contin\u00faa firme. Aunque hac\u00eda tiempo que no se sab\u00eda nada de la pareja, en las \u00faltimas horas han reaparecido juntos. Seg\u00fan ha informado el periodista Javi Hoyos, los actores han disfrutado recientemente de una escapada rom\u00e1ntica  &#8230; por Trujillom localidad de C\u00e1ceres.<\/p>\n<p class=\"v-d-p\" style=\"\">Seg\u00fan cuenta el periodista, la pareja, que se ha mostrado especialmente natural en esta imagen, <strong>fue vista paseando por la Plaza Mayor de la localidad cacere\u00f1a<\/strong>, donde pasearon abrazados, conversando y compartiendo gestos de complicidad. \u00ab<strong>As\u00ed abrazados, ya no se esconden ni se ocultan<\/strong>. Disfrutan de unos d\u00edas de relax\u00bb afirma el presentador de &#8216;D Coraz\u00f3n: \u00abEsta historia de amor sigue adelante\u00bb. <\/p>\n<p class=\"v-d-p\" style=\"\">La respuesta de sus fans no tardaban en llegar y han sido muchos los que se alegran de la pareja y de que \u00abel amor siempre es bien\u00bb. Una escapada que, en definitiva, muestra la evoluci\u00f3n positiva de una relaci\u00f3n que fue destapada por la revista &#8216;Lecturas&#8217; en marzo de este a\u00f1o, <strong>cuando public\u00f3 unas im\u00e1genes de los actores bes\u00e1ndose en una de sus citas<\/strong>. Aunque ninguno de ellos ha confirmado su historia de amor, las \u00faltimas im\u00e1genes por Trujillo hablan por si solas<\/p>\n<ul class=\"v-cmp-rld__u\">\n<li class=\"v-cmp-rld__l\">\n<p><a class=\"v-a-lnk\" href=\"http:\/\/www.abc.es\/gente\/karol-mensaje-bruno-mars-sobre-latina-desata-20260830144145-nt.html#vtm_modulosEngag=noticiasrelacionadas-cmp-uno:gente:noticia:1\" data-voc-vtm-id=\"in-text-traffic\" rel=\"nofollow noopener\" target=\"_blank\"><br \/>\n<img decoding=\"async\" loading=\"lazy\" src=\"https:\/\/www.europesays.com\/es\/wp-content\/uploads\/2026\/08\/Karol G y Bruno Mars-U33514006616Vcj-366x256@diario_abc.png\" class=\"v-a-img\" width=\"258\" height=\"180\" alt=\"\u00bfSer\u00e1 Karol G? El mensaje de Bruno Mars sobre una latina desata los rumores de romance\"\/><br \/>\n<\/a><\/p>\n<\/li>\n<\/ul>\n<p>\nLa historia de amor sigue adelante\n<\/p>\n<p class=\"v-d-p\" style=\"\">El pasado 31 de marzo, la revista &#8216;Lecturas&#8217; sorprendi\u00f3 al publicar<strong> las primeras im\u00e1genes de esta relaci\u00f3n<\/strong>. En la portada se pod\u00eda ver a los protagonistas bes\u00e1ndose tras una cita por las calles de Madrid. \u00abVan por la calle agarrados, se besan debajo de la farola y \u00e9l la acompa\u00f1a a casa\u00bb, comentaron en aquel momento.<\/p>\n<p class=\"v-d-p\" style=\"\">Los fot\u00f3grafos que siguieron a la pareja pudieron ser testigos de una sucesi\u00f3n de d\u00edas en los que pasearon, <strong>cenaron juntos y vieron a la actriz con un ramo de flores<\/strong>. \u00abPor la tarde-noche vemos a Maxi llegando a casa de Aitana con una botella de vino\u00bb, dijeron en aquel momento. Fue entonces cuando muchos recordaron que la pareja de actores vivi\u00f3 un romance en la ficci\u00f3n en 2014 que <strong>ya estuvo marcada por la diferencia de 22 a\u00f1os de edad. <\/strong><\/p>\n","protected":false},"excerpt":{"rendered":"La relaci\u00f3n entre Aitana S\u00e1nchez-Gij\u00f3n y Maxi Iglesias contin\u00faa firme. Aunque hac\u00eda tiempo que no se sab\u00eda nada&hellip;\n","protected":false},"author":2,"featured_media":739069,"comment_status":"","ping_status":"","sticky":false,"template":"","format":"standard","meta":{"footnotes":""},"categories":[174],"tags":[3519,255,146,147,25,9585,24,256,7534,1300,53492,1622,92471,23,8381],"class_list":["post-739068","post","type-post","status-publish","format-standard","has-post-thumbnail","category-famosos","tag-aitana","tag-celebrities","tag-entertainment","tag-entretenimiento","tag-es","tag-esconden","tag-espana","tag-famosos","tag-iglesias","tag-juntos","tag-maxi","tag-ocultan","tag-sanchezgijon","tag-spain","tag-trujillo"],"share_on_mastodon":{"url":"https:\/\/pubeurope.com\/@es\/117186083378928373","error":""},"_links":{"self":[{"href":"https:\/\/www.europesays.com\/es\/wp-json\/wp\/v2\/posts\/739068","targetHints":{"allow":["GET"]}}],"collection":[{"href":"https:\/\/www.europesays.com\/es\/wp-json\/wp\/v2\/posts"}],"about":[{"href":"https:\/\/www.europesays.com\/es\/wp-json\/wp\/v2\/types\/post"}],"author":[{"embeddable":true,"href":"https:\/\/www.europesays.com\/es\/wp-json\/wp\/v2\/users\/2"}],"replies":[{"embeddable":true,"href":"https:\/\/www.europesays.com\/es\/wp-json\/wp\/v2\/comments?post=739068"}],"version-history":[{"count":0,"href":"https:\/\/www.europesays.com\/es\/wp-json\/wp\/v2\/posts\/739068\/revisions"}],"wp:featuredmedia":[{"embeddable":true,"href":"https:\/\/www.europesays.com\/es\/wp-json\/wp\/v2\/media\/739069"}],"wp:attachment":[{"href":"https:\/\/www.europesays.com\/es\/wp-json\/wp\/v2\/media?parent=739068"}],"wp:term":[{"taxonomy":"category","embeddable":true,"href":"https:\/\/www.europesays.com\/es\/wp-json\/wp\/v2\/categories?post=739068"},{"taxonomy":"post_tag","embeddable":true,"href":"https:\/\/www.europesays.com\/es\/wp-json\/wp\/v2\/tags?post=739068"}],"curies":[{"name":"wp","href":"https:\/\/api.w.org\/{rel}","templated":true}]}}