{"id":739070,"date":"2026-08-30T19:23:23","date_gmt":"2026-08-30T19:23:23","guid":{"rendered":"https:\/\/www.europesays.com\/es\/739070\/"},"modified":"2026-08-30T19:23:23","modified_gmt":"2026-08-30T19:23:23","slug":"la-ultima-serie-turca-que-ha-estrenado-movistar-plus-con-can-yaman","status":"publish","type":"post","link":"https:\/\/www.europesays.com\/es\/739070\/","title":{"rendered":"La \u00faltima serie turca que ha estrenado Movistar Plus con Can Yaman"},"content":{"rendered":"<p data-journey-content=\"true\" data-node-id=\"3\" class=\"css-1ood0zq emevuu60\">Si eres aficionado a las <strong data-node-id=\"3.1\"><a href=\"https:\/\/www.diezminutos.es\/telenovela\/turcas\/a73353521\/yemin-el-compromiso-curiosidades-nueva-serie-turca-nova\/\" target=\"_blank\" data-vars-ga-outbound-link=\"https:\/\/www.diezminutos.es\/telenovela\/turcas\/a73353521\/yemin-el-compromiso-curiosidades-nueva-serie-turca-nova\/\" data-vars-ga-ux-element=\"Hyperlink\" data-vars-ga-call-to-action=\"series turcas\" data-node-id=\"3.1.0\" class=\"body-link css-1v1lrc0 emevuu60\" rel=\"nofollow noopener\">series turcas<\/a> <\/strong>y miembro de la plataforma digital <strong data-node-id=\"3.3\">Movistar Plus<\/strong>, debes saber que puedes encontrar m\u00e1s de una producci\u00f3n de esa nacionalidad que puede convertirse en una de tus favoritas. Como sabes, todas las plataformas digitales hoy en d\u00eda apuestan por las<strong data-node-id=\"3.5\"> ficciones turcas<\/strong>, unas m\u00e1s que otras, pero siempre acaba aterrizando alguna nueva en cada una de estas empresas de <strong data-node-id=\"3.7.0\">streaming <\/strong>que tanto entretenimiento nos brindan en los \u00faltimos a\u00f1os. Precisamente <strong data-node-id=\"3.9\">la \u00faltima turca en llegar a Movistar Plus<\/strong> es una que no ha pasado desapercibida para nadie, sobre todo porque es una s\u00faper producci\u00f3n internacional y m\u00e1s a\u00fan porque est\u00e1 encabezada por el popular\u00edsimo actor turco <strong data-node-id=\"3.11\"><a href=\"https:\/\/www.diezminutos.es\/telenovela\/turcas\/a73333365\/can-yaman-infancia-actor-sandokan\/\" target=\"_blank\" data-vars-ga-outbound-link=\"https:\/\/www.diezminutos.es\/telenovela\/turcas\/a73333365\/can-yaman-infancia-actor-sandokan\/\" data-vars-ga-ux-element=\"Hyperlink\" data-vars-ga-call-to-action=\"Can Yaman\" data-node-id=\"3.11.0\" class=\"body-link css-1v1lrc0 emevuu60\" rel=\"nofollow noopener\">Can Yaman<\/a><\/strong>.<\/p>\n<p data-journey-content=\"true\" data-node-id=\"9\" class=\"css-1ood0zq emevuu60\">Seas o no fan de este int\u00e9rprete, conocido en todo el mundo por \u00e9xitos como <strong data-node-id=\"9.1\"><a href=\"https:\/\/www.diezminutos.es\/telenovela\/turcas\/a70017041\/can-yaman-problema-salud-ciego-el-hormiguero\/\" target=\"_blank\" data-vars-ga-outbound-link=\"https:\/\/www.diezminutos.es\/telenovela\/turcas\/a70017041\/can-yaman-problema-salud-ciego-el-hormiguero\/\" data-vars-ga-ux-element=\"Hyperlink\" data-vars-ga-call-to-action=\"&#039;P\u00e1jaro so\u00f1ador&#039;\" data-node-id=\"9.1.0\" class=\"body-link css-1v1lrc0 emevuu60\" rel=\"nofollow noopener\">&#8216;P\u00e1jaro so\u00f1ador&#8217;<\/a>, <a href=\"https:\/\/www.diezminutos.es\/telenovela\/turcas\/a39514827\/el-hombre-equivocado-final-novela-turca-nova\" target=\"_blank\" data-vars-ga-outbound-link=\"https:\/\/www.diezminutos.es\/telenovela\/turcas\/a39514827\/el-hombre-equivocado-final-novela-turca-nova\" data-vars-ga-ux-element=\"Hyperlink\" data-vars-ga-call-to-action=\"&#039;El hombre equivocado&#039; \" data-node-id=\"9.1.2\" class=\"body-link css-1v1lrc0 emevuu60\" rel=\"nofollow noopener\">&#8216;El hombre equivocado&#8217; <\/a>o su \u00faltimo y triunfal estreno <a href=\"https:\/\/www.diezminutos.es\/teleprograma\/programas-tv\/a73265610\/estreno-sandokan-can-yaman-espana-cuantos-capitulos\/\" target=\"_blank\" data-vars-ga-outbound-link=\"https:\/\/www.diezminutos.es\/teleprograma\/programas-tv\/a73265610\/estreno-sandokan-can-yaman-espana-cuantos-capitulos\/\" data-vars-ga-ux-element=\"Hyperlink\" data-vars-ga-call-to-action=\"&#039;Sandokan&#039;\" data-node-id=\"9.1.4\" class=\"body-link css-1v1lrc0 emevuu60\" rel=\"nofollow noopener\">&#8216;Sandokan&#8217;<\/a><\/strong>, la miniserie que ha llegado a principios de 2026 a la plataforma te va a impresionar por su historia, por su acci\u00f3n y porque es la <strong data-node-id=\"9.3\">primera ficci\u00f3n turca grabada \u00edntegramente en ingl\u00e9s<\/strong> y est\u00e1 dise\u00f1ada a escala europea para unir diferentes culturas y mercados. Se titula <strong data-node-id=\"9.5\"><a href=\"https:\/\/www.diezminutos.es\/telenovela\/turcas\/a71519113\/can-yaman-el-turco-por-que-es-la-serie-que-debes-ver-este-verano\/\" target=\"_blank\" data-vars-ga-outbound-link=\"https:\/\/www.diezminutos.es\/telenovela\/turcas\/a71519113\/can-yaman-el-turco-por-que-es-la-serie-que-debes-ver-este-verano\/\" data-vars-ga-ux-element=\"Hyperlink\" data-vars-ga-call-to-action=\"&#039;El Turco&#039; \" data-node-id=\"9.5.0\" class=\"body-link css-1v1lrc0 emevuu60\" rel=\"nofollow noopener\">&#8216;El Turco&#8217; <\/a><\/strong>y es una producci\u00f3n \u00e9pica de seis episodios sobre la historia real del <strong data-node-id=\"9.7\">&#8216;Turco de Moena&#8217;, Balaban Aga,<\/strong> personaje que interpreta el carism\u00e1tico y apuesto Can Yaman y para el que <a href=\"https:\/\/www.diezminutos.es\/telenovela\/turcas\/a42197352\/can-yaman-el-turco-disney-plus-turquia-budapest\/\" target=\"_blank\" data-vars-ga-outbound-link=\"https:\/\/www.diezminutos.es\/telenovela\/turcas\/a42197352\/can-yaman-el-turco-disney-plus-turquia-budapest\/\" data-vars-ga-ux-element=\"Hyperlink\" data-vars-ga-call-to-action=\"se prepar\u00f3 duramente\" data-node-id=\"9.9\" class=\"body-link css-1v1lrc0 emevuu60\" rel=\"nofollow noopener\">se prepar\u00f3 duramente<\/a>.<\/p>\n<p><img draggable=\"true\" alt=\"can yaman el turco\" title=\"Can yaman el turco\" loading=\"lazy\" width=\"1440\" height=\"1800\" decoding=\"async\" data-nimg=\"1\" style=\"color:transparent;width:100%;height:auto;\"   src=\"https:\/\/www.europesays.com\/es\/wp-content\/uploads\/2026\/08\/canyaman-1712504878-3341055538542755773-8147665-66151c6a95f35.jpg\" class=\"css-0 e1ddfba50\"\/><\/p>\n<p>Instagram<\/p>\n<p>De qu\u00e9 trata &#8216;El Turco&#8217;, la \u00faltima serie turca en llegar a Movistar Plus<\/p>\n<p data-journey-content=\"true\" data-node-id=\"15\" class=\"css-1ood0zq emevuu60\">Este <strong data-node-id=\"15.1\">soldado jen\u00edzaro<\/strong>, que es traicionado y condenado a muerte por <strong data-node-id=\"15.3\">Marco (Will Kemp)<\/strong>, a quien consideraba su hermano, durante el segundo asedio de Viena por parte del <strong data-node-id=\"15.5\">Imperio Otomano, en 1683<\/strong>, llega herido a un id\u00edlico y pintoresco pueblo en Los Alpes italianos llamado <strong data-node-id=\"15.7\">Moena<\/strong>, donde encuentra refugio y es curado por <strong data-node-id=\"15.9\">Gloria (<a href=\"https:\/\/www.diezminutos.es\/telenovela\/turcas\/a70059148\/greta-ferro-actriz-italiana-el-turco-can-yaman\/\" target=\"_blank\" data-vars-ga-outbound-link=\"https:\/\/www.diezminutos.es\/telenovela\/turcas\/a70059148\/greta-ferro-actriz-italiana-el-turco-can-yaman\/\" data-vars-ga-ux-element=\"Hyperlink\" data-vars-ga-call-to-action=\"Greta Ferro\" data-node-id=\"15.9.1\" class=\"body-link css-1v1lrc0 emevuu60\" rel=\"nofollow noopener\">Greta Ferro<\/a>).<\/strong> Recuperado de sus heridas, Balaban decide defender a los habitantes de Moena de la opresi\u00f3n de los se\u00f1ores feudales (liderados por su propio enemigo, Marco). Los lugare\u00f1os, agradecidos, lo apodan afectuosamente &#8216;El Turco&#8217;.<\/p>\n<p data-journey-content=\"true\" data-node-id=\"20\" class=\"css-1ood0zq emevuu60\">La serie fue rodada en <a href=\"https:\/\/www.diezminutos.es\/telenovela\/turcas\/a41292275\/can-yaman-el-turco-disney-turquia\/\" target=\"_blank\" data-vars-ga-outbound-link=\"https:\/\/www.diezminutos.es\/telenovela\/turcas\/a41292275\/can-yaman-el-turco-disney-turquia\/\" data-vars-ga-ux-element=\"Hyperlink\" data-vars-ga-call-to-action=\"Budapest (Hungr\u00eda)\" data-node-id=\"20.1\" class=\"body-link css-1v1lrc0 emevuu60\" rel=\"nofollow noopener\">Budapest (Hungr\u00eda)<\/a> y est\u00e1 coprotagonizada por un elenco internacional que incluye a la <strong data-node-id=\"20.3\">italiana Greta Ferro, el brit\u00e1nico Will Kemp y el sueco Magnus Samuelsson.<\/strong> Est\u00e1 inspirada en una leyenda real del norte de Italia y hoy en d\u00eda <strong data-node-id=\"20.5\">en Moena todav\u00eda se celebra un festival cultural<\/strong> de m\u00e1s de 300 a\u00f1os de tradici\u00f3n en honor a este soldado otomano que se convirti\u00f3 en su <strong data-node-id=\"20.7\">h\u00e9roe local<\/strong>.<\/p>\n<p><img draggable=\"true\" alt=\"can yaman el turco\" title=\"can yaman el turco\" loading=\"lazy\" width=\"1440\" height=\"810\" decoding=\"async\" data-nimg=\"1\" style=\"color:transparent;width:100%;height:auto;\"   src=\"https:\/\/www.europesays.com\/es\/wp-content\/uploads\/2026\/08\/elturco-tv-1727975444-3470832050659993372-68048285367-67052151225d1.jpg\" class=\"css-0 e1ddfba50\"\/><\/p>\n<p>Productora<\/p>\n<p data-journey-content=\"true\" data-node-id=\"25\" class=\"css-1ood0zq emevuu60\"><a href=\"https:\/\/www.diezminutos.es\/telenovela\/turcas\/a73403312\/can-yaman-actor-nuevo-look-serie-turca-bro\/\" target=\"_blank\" data-vars-ga-outbound-link=\"https:\/\/www.diezminutos.es\/telenovela\/turcas\/a73403312\/can-yaman-actor-nuevo-look-serie-turca-bro\/\" data-vars-ga-ux-element=\"Hyperlink\" data-vars-ga-call-to-action=\"Can Yaman \" data-node-id=\"25.0\" class=\"body-link css-1v1lrc0 emevuu60\" rel=\"nofollow noopener\">Can Yaman <\/a><strong data-node-id=\"25.1\"\/>est\u00e1 instalado desde hace varios a\u00f1os en <strong data-node-id=\"25.3\">Italia<\/strong>, donde decidi\u00f3 internacionalizar su carrera fuera de las fronteras de Turqu\u00eda y los melodramas tradicionales. Actualmente se centra en expandir su marca en Europa con<strong data-node-id=\"25.5\"> grandes superproducciones f\u00edsicas de acci\u00f3n<\/strong> -como tambi\u00e9n lo es su \u00faltimo estreno &#8216;Sandokan&#8217;, que ya <a href=\"https:\/\/www.diezminutos.es\/telenovela\/turcas\/a71016375\/can-yaman-sandokan-segunda-temporada-secretos-detalles\/\" target=\"_blank\" data-vars-ga-outbound-link=\"https:\/\/www.diezminutos.es\/telenovela\/turcas\/a71016375\/can-yaman-sandokan-segunda-temporada-secretos-detalles\/\" data-vars-ga-ux-element=\"Hyperlink\" data-vars-ga-call-to-action=\"prepara segunda temporada\" data-node-id=\"25.7\" class=\"body-link css-1v1lrc0 emevuu60\" rel=\"nofollow noopener\">prepara segunda temporada<\/a>-, y puede hacerlo gracias a que es un aut\u00e9ntico <strong data-node-id=\"25.9\">pol\u00edglota<\/strong>: habla con fluidez turco, italiano, alem\u00e1n, ingl\u00e9s y recientemente ha dominado el espa\u00f1ol para participar en proyectos en nuestro pa\u00eds.  <\/p>\n<p><img src=\"https:\/\/www.europesays.com\/es\/wp-content\/uploads\/2026\/08\/1788117803_807_ded5e1ed-0131-401e-b7e8-7a68de80543b_1684752816.file.png\" alt=\"Headshot of Vilma Degorgue Alegre\" title=\"Headshot of Vilma Degorgue Alegre\" width=\"100%\" height=\"100%\" decoding=\"async\" loading=\"lazy\" class=\"css-o0wq4v ev8dhu53\"\/><\/p>\n<p>Vilma Degorgue es una experimentada periodista, con 30 a\u00f1os de recorrido profesional. Entre otras cosas, est\u00e1 especializada en contenidos de televisi\u00f3n, principalmente ficci\u00f3n y, m\u00e1s concretamente, en series turcas y latinoamericanas. Lleva desde el a\u00f1o 2000 entrevistando a actores y actrices mexicanos, colombianos, argentinos, chilenos, etc, y hasta 2020 estuvo viajando a diversos pa\u00edses de Am\u00e9rica Latina y Estados Unidos (Miami, Venezuela, M\u00e9xico, Colombia, Chile, Argentina, Per\u00fa) para cubrir grabaciones de series\/telenovelas que despu\u00e9s se emit\u00edan en Espa\u00f1a, y para entrevistar a los actores que formaban parte de ellas. \u00a0\u00a0\u00a0<\/p>\n<p>Desde que irrumpieron las telenovelas turcas, se ha especializado en estos productos, entrevistando a los actores que trabajan en ellas y estando al tanto de cualquier novedad en relaci\u00f3n a las ficciones y los int\u00e9rpretes de ese pa\u00eds. \u00a0\u00a0<\/p>\n<p>Nacida en Barcelona, se licenci\u00f3 en Periodismo, en 1993, en la Universidad Aut\u00f3noma de la ciudad condal, cursando dos Erasmus, uno en Francia (Grenoble) y otro en Gran Breta\u00f1a (Cardiff). Comenz\u00f3 su carrera en su ciudad natal, trabajando en Europa Press Catalunya, pero al a\u00f1o se traslad\u00f3 a Madrid, y desde 1995 trabaja en la capital de Espa\u00f1a. Ha pasado por agencias (Europa Press, Euroimagen), televisi\u00f3n (Antena3, Telecinco, RTVE y Telemadrid), revistas (Teleindiscreta, Telenovela, colaboraciones en Lecturas y Semana) y ha sido coordinadora del Portal del Consumidor de la Comunidad de Madrid. Estos a\u00f1os de experiencia, y gracias a tres idiomas que habla (franc\u00e9s, ingl\u00e9s y alem\u00e1n, adem\u00e1s de su catal\u00e1n natal) le han permitido viajar por todo el mundo para entrevistar a personajes de la vida p\u00fablica y realizar reportajes casi todos relacionados con el mundo art\u00edstico y social. \u00a0\u00a0\u00a0<\/p>\n<p>Desde el a\u00f1o 2000 est\u00e1 vinculada, entre otras empresas, a la revista Telenovela (que ahora forma parte de Diez Minutos) y, desde su paso por el Portal del Consumidor de la Comunidad de Madrid (2006-2016), se ha especializado en prensa e informaci\u00f3n digital, gracias a cursos y experiencia en webs y portales de informaci\u00f3n en internet. En los \u00faltimos a\u00f1os, ha creado dos peri\u00f3dicos digitales, <a href=\"https:\/\/elmiradordemadrid.es\/\" target=\"_blank\" rel=\"nofollow noopener\">www.elmiradordemadrid.es<\/a> y <a href=\"https:\/\/elmiradordebenidorm.es\/\" target=\"_blank\" rel=\"nofollow noopener\">www.elmiradordebenidorm.es<\/a>, que son de su propiedad y gestiona junto con otros colaboradores. \u00a0\u00a0<\/p>\n","protected":false},"excerpt":{"rendered":"Si eres aficionado a las series turcas y miembro de la plataforma digital Movistar Plus, debes saber que&hellip;\n","protected":false},"author":2,"featured_media":739071,"comment_status":"","ping_status":"","sticky":false,"template":"","format":"standard","meta":{"footnotes":""},"categories":[171],"tags":[253,146,147,25,24,23,214],"class_list":["post-739070","post","type-post","status-publish","format-standard","has-post-thumbnail","category-tv","tag-discover","tag-entertainment","tag-entretenimiento","tag-es","tag-espana","tag-spain","tag-tv"],"share_on_mastodon":{"url":"https:\/\/pubeurope.com\/@es\/117186096338211559","error":""},"_links":{"self":[{"href":"https:\/\/www.europesays.com\/es\/wp-json\/wp\/v2\/posts\/739070","targetHints":{"allow":["GET"]}}],"collection":[{"href":"https:\/\/www.europesays.com\/es\/wp-json\/wp\/v2\/posts"}],"about":[{"href":"https:\/\/www.europesays.com\/es\/wp-json\/wp\/v2\/types\/post"}],"author":[{"embeddable":true,"href":"https:\/\/www.europesays.com\/es\/wp-json\/wp\/v2\/users\/2"}],"replies":[{"embeddable":true,"href":"https:\/\/www.europesays.com\/es\/wp-json\/wp\/v2\/comments?post=739070"}],"version-history":[{"count":0,"href":"https:\/\/www.europesays.com\/es\/wp-json\/wp\/v2\/posts\/739070\/revisions"}],"wp:featuredmedia":[{"embeddable":true,"href":"https:\/\/www.europesays.com\/es\/wp-json\/wp\/v2\/media\/739071"}],"wp:attachment":[{"href":"https:\/\/www.europesays.com\/es\/wp-json\/wp\/v2\/media?parent=739070"}],"wp:term":[{"taxonomy":"category","embeddable":true,"href":"https:\/\/www.europesays.com\/es\/wp-json\/wp\/v2\/categories?post=739070"},{"taxonomy":"post_tag","embeddable":true,"href":"https:\/\/www.europesays.com\/es\/wp-json\/wp\/v2\/tags?post=739070"}],"curies":[{"name":"wp","href":"https:\/\/api.w.org\/{rel}","templated":true}]}}