{"id":739086,"date":"2026-08-30T19:34:16","date_gmt":"2026-08-30T19:34:16","guid":{"rendered":"https:\/\/www.europesays.com\/es\/739086\/"},"modified":"2026-08-30T19:34:16","modified_gmt":"2026-08-30T19:34:16","slug":"mas-ahora-entiendo-a-pogacar-el-maillot-rojo-da-alas","status":"publish","type":"post","link":"https:\/\/www.europesays.com\/es\/739086\/","title":{"rendered":"Mas: \u00abAhora entiendo a Pogacar, el maillot rojo da alas\u00bb"},"content":{"rendered":"<p class=\"mb-4 text-lg md:leading-8 break-words\">Alto de Aitana (Alicante), 30 ago (EFE).- El l\u00edder dela Vuelta, Enric Mas (Movistar) se mostr\u00f3 euf\u00f3rico tras vencer en el Alto de Aitana con el maillot rojo de l\u00edder, por lo que pudo entender al esloveno Tadej Pogacar, comprobando que esa prenda \u00abda alas\u00bb.<\/p>\n<p class=\"mb-4 text-lg md:leading-8 break-words\">\u00abAhora entiendo a Tadej Pogacar, el maillot rojo te da alas. Hemos estado de 10 en todo momento, desde ayer hasta ahora el trabajo del equipo ha sido sobresaliente. Estuvimos supercalmados todo el tiempo, hemos controlado ben, y al final estaba bien, con buenas piernas\u00bb, explic\u00f3 Mas en meta.<\/p>\n<p class=\"mb-4 text-lg md:leading-8 break-words\">Mas (Art\u00e1, 31 a\u00f1os), admiti\u00f3 que se encuentra en un momento de forma muy especial.<\/p>\n<p class=\"mb-4 text-lg md:leading-8 break-words\">\u00abCreo que estoy en mi mejor momento, esta victoria da confianza, pero soy muy cauto porque me he llevado muchos palos en mi carrera. He tenido las mejores sensaciones de mi carrera\u00bb, asegur\u00f3.<\/p>\n<p class=\"mb-4 text-lg md:leading-8 break-words\">El mallorqu\u00edn bati\u00f3 a todos sus rivales de la general, otro aspecto que hace so\u00f1ar al l\u00edder del Movistar.<\/p>\n<p class=\"mb-4 text-lg md:leading-8 break-words\">\u00abDejar atr\u00e1s a grandes rivales es importante, esta ma\u00f1ana estaba ilusionado como un ni\u00f1o peque\u00f1o. Ganar con el maillot rojo es muy especial\u00bb, concluy\u00f3.<\/p>\n<p class=\"mb-4 text-lg md:leading-8 break-words\">(c) Agencia EFE<\/p>\n","protected":false},"excerpt":{"rendered":"Alto de Aitana (Alicante), 30 ago (EFE).- El l\u00edder dela Vuelta, Enric Mas (Movistar) se mostr\u00f3 euf\u00f3rico tras&hellip;\n","protected":false},"author":2,"featured_media":739087,"comment_status":"","ping_status":"","sticky":false,"template":"","format":"standard","meta":{"footnotes":""},"categories":[5],"tags":[131109,131217,59104,2206,131210,87814,17,18,92536,158,3594,25,24,131212,13,14,131215,11,131211,19,20,131216,1179,131214,303,9,10,15,16,131213,23,463,12,21,22,1357],"class_list":["post-739086","post","type-post","status-publish","format-standard","has-post-thumbnail","category-titulares","tag-30-ago","tag-31-anos","tag-agencia-efe","tag-alicante","tag-alto-de-aitana","tag-arta","tag-breaking-news","tag-breakingnews","tag-concluyo","tag-el","tag-enric-mas","tag-es","tag-espana","tag-euforico-tras-vencer-en-el-alto-de-aitana","tag-featured-news","tag-featurednews","tag-ganar-con-el-maillot-rojo-es-muy-especial","tag-headlines","tag-hemos-estado-de-10-en-todo-momento","tag-latest-news","tag-latestnews","tag-llevado-muchos-palos-en-mi-carrera","tag-mas","tag-mas-en-meta","tag-movistar","tag-news","tag-noticias","tag-noticias-destacadas","tag-noticiasdestacadas","tag-soy-muy-cauto-porque","tag-spain","tag-tadej-pogacar","tag-titulares","tag-ultimas-noticias","tag-ultimasnoticias","tag-vuelta"],"share_on_mastodon":{"url":"","error":""},"_links":{"self":[{"href":"https:\/\/www.europesays.com\/es\/wp-json\/wp\/v2\/posts\/739086","targetHints":{"allow":["GET"]}}],"collection":[{"href":"https:\/\/www.europesays.com\/es\/wp-json\/wp\/v2\/posts"}],"about":[{"href":"https:\/\/www.europesays.com\/es\/wp-json\/wp\/v2\/types\/post"}],"author":[{"embeddable":true,"href":"https:\/\/www.europesays.com\/es\/wp-json\/wp\/v2\/users\/2"}],"replies":[{"embeddable":true,"href":"https:\/\/www.europesays.com\/es\/wp-json\/wp\/v2\/comments?post=739086"}],"version-history":[{"count":0,"href":"https:\/\/www.europesays.com\/es\/wp-json\/wp\/v2\/posts\/739086\/revisions"}],"wp:featuredmedia":[{"embeddable":true,"href":"https:\/\/www.europesays.com\/es\/wp-json\/wp\/v2\/media\/739087"}],"wp:attachment":[{"href":"https:\/\/www.europesays.com\/es\/wp-json\/wp\/v2\/media?parent=739086"}],"wp:term":[{"taxonomy":"category","embeddable":true,"href":"https:\/\/www.europesays.com\/es\/wp-json\/wp\/v2\/categories?post=739086"},{"taxonomy":"post_tag","embeddable":true,"href":"https:\/\/www.europesays.com\/es\/wp-json\/wp\/v2\/tags?post=739086"}],"curies":[{"name":"wp","href":"https:\/\/api.w.org\/{rel}","templated":true}]}}