{"id":73910,"date":"2025-08-26T17:18:09","date_gmt":"2025-08-26T17:18:09","guid":{"rendered":"https:\/\/www.europesays.com\/es\/73910\/"},"modified":"2025-08-26T17:18:09","modified_gmt":"2025-08-26T17:18:09","slug":"miguel-galan-denuncia-el-fair-play-financiero-de-laliga-ante-la-comision-nacional-de-la-competencia","status":"publish","type":"post","link":"https:\/\/www.europesays.com\/es\/73910\/","title":{"rendered":"Miguel Gal\u00e1n denuncia el fair play financiero de LaLiga ante la Comisi\u00f3n Nacional de la Competencia"},"content":{"rendered":"<p><img decoding=\"async\" class=\"voc-author__img\" src=\"https:\/\/www.europesays.com\/es\/wp-content\/uploads\/2025\/08\/autor-1375-foto-9.jpeg\" alt=\"Jorge Abizanda\"\/><\/p>\n<p>26\/08\/2025<br \/>\n<br \/><strong><br \/>\nActualizado a las 16:12h.<br \/>\n<\/strong><\/p>\n<p class=\"voc-p\" style=\"\"><strong>Miguel \u00c1ngel Gal\u00e1n<\/strong>, presidente de la Asociaci\u00f3n Transparencia y Democracia en el Deporte, ha denunciado ante el Consejo de la Comisi\u00f3n de los Mercados y la Competencia el <strong>fair play financiero de LaLiga<\/strong>, el mecanismo de control econ\u00f3mico que tantos problemas est\u00e1 generando, y ha creado en temporadas anteriores, a los clubes para poder inscribir jugadores. <\/p>\n<p class=\"voc-p\" style=\"\">Seg\u00fan la denuncia de la citada asociaci\u00f3n, el fair play financiero supone un abuso de posici\u00f3n de dominio por parte de la <strong>Liga Nacional de F\u00fatbol Profesional<\/strong> (LNFP), \u00ablo cual infringe el art\u00edculo 102 del Tratado de Funcionamiento de la Uni\u00f3n Europea y el art\u00edculo 2 de la Ley de Defensa de la Competencia\u00bb. Este sistema de equilibrio financiero se implementa a trav\u00e9s de un r\u00e9gimen de licencias que exige que los gastos de los clubes se ajusten a los ingresos, estableciendo ratios espec\u00edficos, un control que tiene como objetivo evitar p\u00e9rdidas econ\u00f3micas y asegurar la estabilidad financiera. \u00abEste control f\u00e9rreo genera un efecto restrictivo en la competencia porque, bajo la apariencia de una gesti\u00f3n responsable, este modelo enmascara un abuso de poder que perjudica la competitividad de los clubes con menores ingresos\u00bb, seg\u00fan recoge la Asociaci\u00f3n Transparencia y Democracia en el Deporte.<\/p>\n<p class=\"voc-p\" style=\"\">Un control que, al entender de Gal\u00e1n, provoca que los clubes m\u00e1s modestos no puedan asumir riesgos empresariales o realizar inversiones significativas para mejorar su rendimiento deportivo. \u00abEsto crea una barrera que les impide progresar y competir en igualdad de condiciones con los clubes m\u00e1s grandes, perpetuando as\u00ed una estructura de poder desigual en el f\u00fatbol profesional espa\u00f1ol. En esencia, el control econ\u00f3mico de la LNFP no solo restringe la capacidad de mejora de los clubes, sino que tambi\u00e9n limita la libre competencia en el mercado del f\u00fatbol\u00bb.<\/p>\n<p>\nProblemas de varios equipos\n<\/p>\n<p class=\"voc-p\" style=\"\">Este verano, clubes como el <strong>Barcelona, el Getafe o el Sevilla<\/strong> est\u00e1n teniendo graves problemas para inscribir jugadores al no ajustarse a la regla del 1+1 de LaLiga. En este sentido, en las pr\u00f3xima horas se har\u00e1 oficial la marcha de Uche a la Premier League, una salida que permitir\u00e1 al equipo de \u00c1ngel Torres hacer ficha a varios jugadores de la plantilla que a\u00fan no la tienen. \u00abLo que me ha motivado a interponer esta denuncia es lo que pasa con el Getafe y Uche, yo soy getafense de toda la vida. He sido jugador y entrenador del Getafe de las categor\u00edas inferiores\u00bb, explica a este peri\u00f3dico Gal\u00e1n.<\/p>\n<p class=\"voc-p\" style=\"\">En su denuncia, la Asociaci\u00f3n Transparencia y Democracia en el Deporte pide a la Comisi\u00f3n de los Mercados y la Competencia que se declare que \u00ablas normas de control econ\u00f3mico de la LNFP, en particular la regla 1:1 y las Normas de Elaboraci\u00f3n de Presupuestos de Clubes y Sociedades An\u00f3nimas Deportivas, constituyen un abuso de la posici\u00f3n de dominio de la LNFP en el mercado del f\u00fatbol profesional espa\u00f1ol\u00bb.<\/p>\n<p class=\"voc-p\" style=\"\">En este sentido, tambi\u00e9n pide que se que requiera a la LNFP a modificar o eliminar las disposiciones normativas que restrinjan de manera injustificada la capacidad de gasto y competitividad de los clubes, as\u00ed como  que se ordene a la LNFP \u00abel cese inmediato de la aplicaci\u00f3n de las normas que impiden a los clubes m\u00e1s modestos asumir riesgos empresariales y realizar inversiones para mejorar su rendimiento deportivo, con el fin de restaurar la competencia en el mercado\u00bb.<\/p>\n<p class=\"voc-p\" style=\"\"> La Asociaci\u00f3n Transparencia y Democracia en el Deporte pide tambi\u00e9n una sanci\u00f3n  econ\u00f3mica para la LNFP \u00abconsiderando la gravedad, la duraci\u00f3n y el impacto de la infracci\u00f3n en el mercado, en los clubes y en la competencia del f\u00fatbol profesional\u00bb.<\/p>\n<p>Reportar un error<\/p>\n","protected":false},"excerpt":{"rendered":"26\/08\/2025 Actualizado a las 16:12h. Miguel \u00c1ngel Gal\u00e1n, presidente de la Asociaci\u00f3n Transparencia y Democracia en el Deporte,&hellip;\n","protected":false},"author":2,"featured_media":73911,"comment_status":"","ping_status":"","sticky":false,"template":"","format":"standard","meta":{"footnotes":""},"categories":[268],"tags":[6775,168,25,24,20516,28947,280,282,27853,288,4098,11394,281,23,167,28946],"class_list":{"0":"post-73910","1":"post","2":"type-post","3":"status-publish","4":"format-standard","5":"has-post-thumbnail","7":"category-futbol","8":"tag-denuncia","9":"tag-deportes","10":"tag-es","11":"tag-espana","12":"tag-fair","13":"tag-financiero","14":"tag-football","15":"tag-futbol","16":"tag-galan","17":"tag-laliga","18":"tag-miguel","19":"tag-play","20":"tag-soccer","21":"tag-spain","22":"tag-sports","23":"tag-xxxxx"},"share_on_mastodon":{"url":"","error":""},"_links":{"self":[{"href":"https:\/\/www.europesays.com\/es\/wp-json\/wp\/v2\/posts\/73910","targetHints":{"allow":["GET"]}}],"collection":[{"href":"https:\/\/www.europesays.com\/es\/wp-json\/wp\/v2\/posts"}],"about":[{"href":"https:\/\/www.europesays.com\/es\/wp-json\/wp\/v2\/types\/post"}],"author":[{"embeddable":true,"href":"https:\/\/www.europesays.com\/es\/wp-json\/wp\/v2\/users\/2"}],"replies":[{"embeddable":true,"href":"https:\/\/www.europesays.com\/es\/wp-json\/wp\/v2\/comments?post=73910"}],"version-history":[{"count":0,"href":"https:\/\/www.europesays.com\/es\/wp-json\/wp\/v2\/posts\/73910\/revisions"}],"wp:featuredmedia":[{"embeddable":true,"href":"https:\/\/www.europesays.com\/es\/wp-json\/wp\/v2\/media\/73911"}],"wp:attachment":[{"href":"https:\/\/www.europesays.com\/es\/wp-json\/wp\/v2\/media?parent=73910"}],"wp:term":[{"taxonomy":"category","embeddable":true,"href":"https:\/\/www.europesays.com\/es\/wp-json\/wp\/v2\/categories?post=73910"},{"taxonomy":"post_tag","embeddable":true,"href":"https:\/\/www.europesays.com\/es\/wp-json\/wp\/v2\/tags?post=73910"}],"curies":[{"name":"wp","href":"https:\/\/api.w.org\/{rel}","templated":true}]}}