{"id":739106,"date":"2026-08-30T19:55:12","date_gmt":"2026-08-30T19:55:12","guid":{"rendered":"https:\/\/www.europesays.com\/es\/739106\/"},"modified":"2026-08-30T19:55:12","modified_gmt":"2026-08-30T19:55:12","slug":"las-familias-de-asturias-afrontan-la-cuesta-de-septiembre-mas-empinada-con-los-precios-al-alza","status":"publish","type":"post","link":"https:\/\/www.europesays.com\/es\/739106\/","title":{"rendered":"Las familias de Asturias afrontan la cuesta de septiembre m\u00e1s empinada con los precios al alza"},"content":{"rendered":"<p style=\"\">La <a href=\"https:\/\/www.elcomercio.es\/economia\/inflacion-repunta-agosto-carburantes-20260828085406-ntrc.html\" data-voc-vtm-id=\"in-text-traffic\" data-mrf-link=\"www.elcomercio.es\" rel=\"nofollow noopener\" target=\"_blank\">cuesta de septiembre<\/a> suele ser empinada. En lo psicol\u00f3gico, porque se deja el verano atr\u00e1s y, para muchos, las ansiadas vacaciones, con el  &#8230; regreso a la rutina de prisas, trabajo y estudios. Pero m\u00e1s all\u00e1 de ese impacto mental se hace dura en lo econ\u00f3mico. Llegan gastos extraordinarios para aquellas familias con <a href=\"https:\/\/www.elcomercio.es\/vivir\/tendencias\/uniforme-libros-mercado-segunda-mano-arrasa-vuelta-20260828000622-ntrc.html\" data-voc-vtm-id=\"in-text-traffic\" data-mrf-link=\"www.elcomercio.es\" rel=\"nofollow noopener\" target=\"_blank\">ni\u00f1os y j\u00f3venes estudiantes<\/a>; tambi\u00e9n toca, en muchos casos, llenar la nevera, <a href=\"https:\/\/www.elcomercio.es\/economia\/empresas\/petroleras-prolongan-guerra-descuentos-ante-repunte-carburantes-20260827104450-ntrc.html\" data-voc-vtm-id=\"in-text-traffic\" data-mrf-link=\"www.elcomercio.es\" rel=\"nofollow noopener\" target=\"_blank\">cargar el dep\u00f3sito del coche<\/a> y volver a pensar, tras quiz\u00e1s un tiempo de desconexi\u00f3n, en la realidad econ\u00f3mica de hipotecas, seguros y facturas de todo tipo, muy marcadas en los \u00faltimos a\u00f1os por los costes energ\u00e9ticos, pero este 2026 a\u00fan m\u00e1s, con la guerra de Ucrania que se mantiene y el a\u00f1adido del conflicto en Oriente Pr\u00f3ximo, que retiene buena parte de los tr\u00e1ficos por el estrecho de Ormuz, que concentra aproximadamente el 20% del consumo global de petr\u00f3leo y entre el 20% y el 30% del comercio global de gas natural licuado (GNL).<\/p>\n<p class=\"v-d-p\" style=\"\">En un planeta tan interconectado como el actual, estos problemas repercuten en todo el mundo y se extienden a trav\u00e9s de toda la cadena de suministro, empezando por el transporte, pero contagiando cualquier insumo, con el agravante de que Europa necesita reponer sus reservas de gas para el invierno, cuando se dispara su consumo por las calefacciones y la subida del gas se traslada directamente a la electricidad. De hecho, la factura de la luz apunta a una subida de m\u00e1s del 20% en agosto con respecto al mismo mes del a\u00f1o pasado.<\/p>\n<p class=\"v-d-p\" style=\"\">A ello se suma el verano especialmente caluroso y seco que ha sufrido Europa, que ha hecho tirar m\u00e1s de aires acondicionados y combustibles f\u00f3siles \u2013se han tenido que parar reactores nucleares por falta de agua para refrigerarlos\u2013, y que ha dejado las reservas h\u00eddricas en m\u00ednimos, lo que augura tambi\u00e9n un oto\u00f1o complicado y, si no cambian las tornas, un invierno a\u00fan m\u00e1s dif\u00edcil, con la hidr\u00e1ulica pr\u00e1cticamente fuera de juego. La sequ\u00eda, adem\u00e1s, est\u00e1 afectando a la agricultura y la ganader\u00eda con lo que todo apunta a una nueva espiral inflacionista. <\/p>\n<p class=\"v-d-p\" style=\"\">El IPC adelantado de agosto, que se conoci\u00f3 el pasado viernes y que no cuenta con datos por comunidades, <a href=\"https:\/\/www.elcomercio.es\/economia\/inflacion-repunta-agosto-carburantes-20260828085406-ntrc.html\" target=\"_self\" data-voc-vtm-id=\"in-text-traffic\" data-mrf-link=\"www.elcomercio.es\" rel=\"nofollow noopener\">se situ\u00f3 en el 4,3%<\/a>, precisamente a causa de los combustibles. Hay que tener en cuenta que el tejido econ\u00f3mico asturiano, muy influenciado por su industria pesada, hace que el peso de los precios energ\u00e9ticos sea superior. <\/p>\n<p class=\"v-d-p\" style=\"\">Para saber qu\u00e9 efectos puede tener esta espiral no hay que irse muy lejos. En la memoria est\u00e1 2022, a\u00f1o en el que el IPC finaliz\u00f3 en alrededor del 8,5% y la subida de los alimentos se situ\u00f3 por encima del 10%, una evoluci\u00f3n que sigui\u00f3 en 2023, con productos encareci\u00e9ndose por encima de los dos d\u00edgitos durante buena parte del a\u00f1o. Entonces se unieron la sequ\u00eda, que afect\u00f3 a buena parte del continente, y la guerra en Ucrania, que dispar\u00f3 los precios de la electricidad y los combustibles por la dependencia de Rusia, pero tambi\u00e9n los de los alimentos \u2013hasta entonces Ucrania era conocida como &#8216;el granero&#8217; de Europa\u2013, as\u00ed como de productos clave en la cadena alimentaria, como los fertilizantes y piensos.<\/p>\n<p>\nCarburantes\n<\/p>\n<p class=\"v-d-p\" style=\"\">El precio de la gasolina en Asturias se situ\u00f3 a finales de la semana pasada ya en 1,787 euros el litro, un 16% m\u00e1s que hace un a\u00f1o; mientras que el del gas\u00f3leo se coloc\u00f3 en 1,921 de media y vuelve a coquetear con los dos euros. Es un 30,3% m\u00e1s alto que en estas fechas en 2025, cuando rondaba los 1,474 euros. Precisamente, con esta evoluci\u00f3n el Gobierno ha activado la cl\u00e1usula de salvaguarda que hab\u00eda incluido dentro de su plan de respuesta anticrisis y, en vez de seguir retirando progresivamente las ayudas, como estableci\u00f3 en junio, las elevar\u00e1 hasta 20 c\u00e9ntimos por litro en el di\u00e9sel a partir de septiembre, cuatro veces m\u00e1s de los 5 esperados. Esto se debe a que este combustible registr\u00f3 una subida superior al 15% en julio. Sin embargo, para la gasolina se mantiene el calendario normal, al registrar un alza del 7,3%, muy por debajo del l\u00edmite del 15%, por lo que el descuento en septiembre ser\u00e1 de solo 5 c\u00e9ntimos por litro.<\/p>\n<p class=\"v-d-p\" style=\"\">Pero no solo la inflaci\u00f3n amenaza directamente a las econom\u00edas dom\u00e9sticas. Para combatir la escalada hist\u00f3rica de 2022, el Banco Central Europeo (BCE) ejecut\u00f3 un giro dr\u00e1stico en su pol\u00edtica monetaria. Tras a\u00f1os con los tipos en m\u00ednimos, subi\u00f3 el coste del dinero a una velocidad r\u00e9cord para intentar contener los precios. As\u00ed, el eur\u00edbor a 12 meses, que cotizaba en negativo en febrero de 2022 (-0,33%), se dispar\u00f3 por encima del 4% en 2023, encareciendo enormemente las hipotecas variables, algo que podr\u00eda volver a suceder. De hecho, este indicador ha vuelto a romper <a href=\"https:\/\/www.elcomercio.es\/economia\/vivienda\/euribor-acerca-cierre-agosto-encarecera-hipotecas-variables-20260828140910-ntrc.html\" target=\"_self\" data-voc-vtm-id=\"in-text-traffic\" data-mrf-link=\"www.elcomercio.es\" rel=\"nofollow noopener\">la barrera del 3%<\/a>, cifra que no se superaba desde hace dos a\u00f1os, una tendencia al alza que impactar\u00e1 en aquellos que tengan una hipoteca a tipo variable, pero tambi\u00e9n en los que est\u00e1n en pleno proceso de negociaci\u00f3n con su banca o vayan a iniciarlo. La pr\u00f3xima reuni\u00f3n de pol\u00edtica monetaria del BCE tendr\u00e1 lugar el 10 de septiembre de 2026 en Berl\u00edn y el eur\u00edbor est\u00e1 adelantando ya una posible subida de 25 puntos b\u00e1sicos. No obstante, cualquier previsi\u00f3n puede saltar por los aires tanto si los dos grandes conflictos b\u00e9licos que afectan a la energ\u00eda se recrudecen como si bajan de intensidad.<\/p>\n","protected":false},"excerpt":{"rendered":"La cuesta de septiembre suele ser empinada. En lo psicol\u00f3gico, porque se deja el verano atr\u00e1s y, para&hellip;\n","protected":false},"author":2,"featured_media":739107,"comment_status":"","ping_status":"","sticky":false,"template":"","format":"standard","meta":{"footnotes":""},"categories":[80],"tags":[30510,7429,2447,82,5191,95,94,79198,25,24,630,8038,1971,23],"class_list":["post-739106","post","type-post","status-publish","format-standard","has-post-thumbnail","category-economia","tag-afrontan","tag-alza","tag-asturianas","tag-business","tag-cuesta","tag-economia","tag-economy","tag-empinada","tag-es","tag-espana","tag-familias","tag-precios","tag-septiembre","tag-spain"],"share_on_mastodon":{"url":"","error":""},"_links":{"self":[{"href":"https:\/\/www.europesays.com\/es\/wp-json\/wp\/v2\/posts\/739106","targetHints":{"allow":["GET"]}}],"collection":[{"href":"https:\/\/www.europesays.com\/es\/wp-json\/wp\/v2\/posts"}],"about":[{"href":"https:\/\/www.europesays.com\/es\/wp-json\/wp\/v2\/types\/post"}],"author":[{"embeddable":true,"href":"https:\/\/www.europesays.com\/es\/wp-json\/wp\/v2\/users\/2"}],"replies":[{"embeddable":true,"href":"https:\/\/www.europesays.com\/es\/wp-json\/wp\/v2\/comments?post=739106"}],"version-history":[{"count":0,"href":"https:\/\/www.europesays.com\/es\/wp-json\/wp\/v2\/posts\/739106\/revisions"}],"wp:featuredmedia":[{"embeddable":true,"href":"https:\/\/www.europesays.com\/es\/wp-json\/wp\/v2\/media\/739107"}],"wp:attachment":[{"href":"https:\/\/www.europesays.com\/es\/wp-json\/wp\/v2\/media?parent=739106"}],"wp:term":[{"taxonomy":"category","embeddable":true,"href":"https:\/\/www.europesays.com\/es\/wp-json\/wp\/v2\/categories?post=739106"},{"taxonomy":"post_tag","embeddable":true,"href":"https:\/\/www.europesays.com\/es\/wp-json\/wp\/v2\/tags?post=739106"}],"curies":[{"name":"wp","href":"https:\/\/api.w.org\/{rel}","templated":true}]}}