{"id":739112,"date":"2026-08-30T19:58:14","date_gmt":"2026-08-30T19:58:14","guid":{"rendered":"https:\/\/www.europesays.com\/es\/739112\/"},"modified":"2026-08-30T19:58:14","modified_gmt":"2026-08-30T19:58:14","slug":"video-con-las-armas-de-bellingham-y-mbappe-el-real-madrid-arrolla-al-malaga-con-un-triplete-en-11-minutos","status":"publish","type":"post","link":"https:\/\/www.europesays.com\/es\/739112\/","title":{"rendered":"V\u00eddeo: con las armas de Bellingham y Mbapp\u00e9, el Real Madrid arrolla al M\u00e1laga con un triplete en 11 minutos"},"content":{"rendered":"<p>El Real Madrid impuso su dominio absoluto en su partido ante el M\u00e1laga, en el estadio Santiago Bernab\u00e9u, en la competici\u00f3n de LaLiga espa\u00f1ola.<\/p>\n<p>Jude Bellingham, estrella del Real Madrid, acapar\u00f3 los focos en el encuentro de su equipo este domingo, mientras su compa\u00f1ero Kylian Mbapp\u00e9 ejerci\u00f3 su afici\u00f3n de sacudir las redes.<\/p>\n<p>Bellingham marc\u00f3 el primer gol del Real Madrid en el minuto 19, tras un arranque destacado con el que penetr\u00f3 en la defensa del M\u00e1laga y remat\u00f3 un bal\u00f3n excelente a las redes.<\/p>\n<p>Los jugadores del M\u00e1laga protestaron, reclamando una falta de Bellingham al inicio de la jugada, pero el \u00e1rbitro confirm\u00f3 la validez del gol.<\/p>\n<p style=\"text-align:start\">Pueden debatir los temas y las noticias de forma m\u00e1s profunda en los foros de \u00abKooora\u00bb<\/p>\n<p>Y en el minuto 26 Bellingham contribuy\u00f3 a un nuevo gol, al rematar un fuerte cabezazo a la porter\u00eda que uno de los jugadores del M\u00e1laga intent\u00f3 despejar, y que rebot\u00f3 en la espalda del portero Alfonso Herrero para acabar en las redes.<\/p>\n<p>El minuto 30 fue testigo del tercer gol del Real Madrid, a trav\u00e9s de Kylian Mbapp\u00e9, que aprovech\u00f3 un excelente centro de Arnold, para que el conjunto blanco sentenciara pr\u00e1cticamente el partido en esos pocos minutos.<\/p>\n<p style=\"text-align:start\">Pueden debatir los temas y las noticias de forma m\u00e1s profunda en los foros de \u00abKooora\u00bb<\/p>\n","protected":false},"excerpt":{"rendered":"El Real Madrid impuso su dominio absoluto en su partido ante el M\u00e1laga, en el estadio Santiago Bernab\u00e9u,&hellip;\n","protected":false},"author":2,"featured_media":739113,"comment_status":"","ping_status":"","sticky":false,"template":"","format":"standard","meta":{"footnotes":""},"categories":[5],"tags":[17,18,25,24,13,14,11,102953,102952,288,19,20,3855,9,10,15,16,1945,3048,131219,23,12,21,22],"class_list":["post-739112","post","type-post","status-publish","format-standard","has-post-thumbnail","category-titulares","tag-breaking-news","tag-breakingnews","tag-es","tag-espana","tag-featured-news","tag-featurednews","tag-headlines","tag-j-bellingham","tag-k-mbappe","tag-laliga","tag-latest-news","tag-latestnews","tag-malaga","tag-news","tag-noticias","tag-noticias-destacadas","tag-noticiasdestacadas","tag-primera-division","tag-real-madrid","tag-real-madrid-vs-malaga","tag-spain","tag-titulares","tag-ultimas-noticias","tag-ultimasnoticias"],"share_on_mastodon":{"url":"https:\/\/pubeurope.com\/@es\/117186232474977104","error":""},"_links":{"self":[{"href":"https:\/\/www.europesays.com\/es\/wp-json\/wp\/v2\/posts\/739112","targetHints":{"allow":["GET"]}}],"collection":[{"href":"https:\/\/www.europesays.com\/es\/wp-json\/wp\/v2\/posts"}],"about":[{"href":"https:\/\/www.europesays.com\/es\/wp-json\/wp\/v2\/types\/post"}],"author":[{"embeddable":true,"href":"https:\/\/www.europesays.com\/es\/wp-json\/wp\/v2\/users\/2"}],"replies":[{"embeddable":true,"href":"https:\/\/www.europesays.com\/es\/wp-json\/wp\/v2\/comments?post=739112"}],"version-history":[{"count":0,"href":"https:\/\/www.europesays.com\/es\/wp-json\/wp\/v2\/posts\/739112\/revisions"}],"wp:featuredmedia":[{"embeddable":true,"href":"https:\/\/www.europesays.com\/es\/wp-json\/wp\/v2\/media\/739113"}],"wp:attachment":[{"href":"https:\/\/www.europesays.com\/es\/wp-json\/wp\/v2\/media?parent=739112"}],"wp:term":[{"taxonomy":"category","embeddable":true,"href":"https:\/\/www.europesays.com\/es\/wp-json\/wp\/v2\/categories?post=739112"},{"taxonomy":"post_tag","embeddable":true,"href":"https:\/\/www.europesays.com\/es\/wp-json\/wp\/v2\/tags?post=739112"}],"curies":[{"name":"wp","href":"https:\/\/api.w.org\/{rel}","templated":true}]}}