{"id":739118,"date":"2026-08-30T20:06:17","date_gmt":"2026-08-30T20:06:17","guid":{"rendered":"https:\/\/www.europesays.com\/es\/739118\/"},"modified":"2026-08-30T20:06:17","modified_gmt":"2026-08-30T20:06:17","slug":"la-francia-de-amine-noua-se-impone-a-la-suecia-de-melwin-pantzar","status":"publish","type":"post","link":"https:\/\/www.europesays.com\/es\/739118\/","title":{"rendered":"La Francia de Amine Noua se impone a la Suecia de Melwin Pantzar"},"content":{"rendered":"<p style=\"\">Dos de los cuatro jugadores internacionales del Unicaja pusieron fin este domingo a su participaci\u00f3n en esta ventana FIBA. Hablamos de dos de las nuevas  &#8230; incorporaciones del cuadro malague\u00f1o: Amine Noua, que ni siquiera ha llegado a incorporarse a la pretemporada cajista al comenzar antes su convocatoria con Francia, y Melwin Pantzar, que volvi\u00f3 a alistarse a las filas de Suecia. Y ambos se despidieron de una forma muy especial, midi\u00e9ndose como rivales en esta fase de grupos de clasificaci\u00f3n para el Mundial de Catar 2027. <\/p>\n<p class=\"v-d-p\" style=\"\">El triunfo se lo llev\u00f3 al favorita, Francia (69-84), una de las potencias mundiales, pero no fue todo tan rodado para el cuadro galo. De hecho, comenz\u00f3 imponi\u00e9ndose Suecia en el primer cuarto (24-20) y marcharon al descanso firmando tablas, resultado que mantuvieron buena parte de la segunda mitad del partido. La igualdad se mantuvo casi hasta el final, llegando Francia s\u00f3lo un punto por encima al inicio del \u00faltimo cuarto. Incluso, se mantuvo s\u00f3lo con un +2 hasta menos de 4 minutos del final, pero fue entonces cuando comenz\u00f3 la remontada francesa para sentenciar el triunfo.<\/p>\n<p>\nFin de la ventana\n<\/p>\n<p class=\"v-d-p\" style=\"\">Con respecto a los cajistas, Amine Noua contribuy\u00f3 a esta victoria con 5 puntos y 3 rebotes en un equipo en el que su m\u00e1xima referencia ofensiva esta vez fue V\u00edctor Wembanyama (18 puntos y 8 rebotes), el alt\u00edsimo p\u00edvot de los San Antonio Spurs (2,24 de estatura). Por su parte, por segundo partido consecutivo, el combinado de Suecia estuvo liderado por un sensacional Pelle Larsson, jugador de los Miami Heat, que elev\u00f3 su marcador a la friolera de 23 puntos. Por su parte, el cajista Melwin Pantzar colabor\u00f3 con 6 puntos, 2 rebotes y 1 asistencia. <\/p>\n<p class=\"v-d-p\" style=\"\">As\u00ed las cosas, con dos victorias tanto para la Francia de Amine Noua como para la Suecia de Melwin Pantzar, estos dos cajistas cierran su ventana internacional y pondr\u00e1n rumbo ya a M\u00e1laga para unirse lo antes posible a la pretemporada de Txus Vidorreta. Por su parte, este lunes habr\u00e1 que estar atentos a los otros dos cajistas en esta ventana: Alberto D\u00edaz y Willy Hernang\u00f3mez, que juegan con Espa\u00f1a ante Grecia, en Atenas (18.00 horas, por Teledeporte), partido en el que tambi\u00e9n participar\u00e1 el malague\u00f1o Mario Saint-Sup\u00e9ry. Espa\u00f1a buscar\u00e1 su primera victoria de la ventana tras caer ante Portugal (89-95) el viernes. El capit\u00e1n cajista, descartado para ese partido, s\u00ed que ha sido convocado para este lunes.<\/p>\n","protected":false},"excerpt":{"rendered":"Dos de los cuatro jugadores internacionales del Unicaja pusieron fin este domingo a su participaci\u00f3n en esta ventana&hellip;\n","protected":false},"author":2,"featured_media":739119,"comment_status":"","ping_status":"","sticky":false,"template":"","format":"standard","meta":{"footnotes":""},"categories":[269],"tags":[123725,1575,299,298,168,25,24,317,15265,46360,123726,29918,8057,23,167,7218],"class_list":["post-739118","post","type-post","status-publish","format-standard","has-post-thumbnail","category-baloncesto","tag-amine","tag-ante","tag-baloncesto","tag-basketball","tag-deportes","tag-es","tag-espana","tag-francia","tag-impone","tag-melwin","tag-noua","tag-pantzar","tag-remonta","tag-spain","tag-sports","tag-suecia"],"share_on_mastodon":{"url":"https:\/\/pubeurope.com\/@es\/117186264086745955","error":""},"_links":{"self":[{"href":"https:\/\/www.europesays.com\/es\/wp-json\/wp\/v2\/posts\/739118","targetHints":{"allow":["GET"]}}],"collection":[{"href":"https:\/\/www.europesays.com\/es\/wp-json\/wp\/v2\/posts"}],"about":[{"href":"https:\/\/www.europesays.com\/es\/wp-json\/wp\/v2\/types\/post"}],"author":[{"embeddable":true,"href":"https:\/\/www.europesays.com\/es\/wp-json\/wp\/v2\/users\/2"}],"replies":[{"embeddable":true,"href":"https:\/\/www.europesays.com\/es\/wp-json\/wp\/v2\/comments?post=739118"}],"version-history":[{"count":0,"href":"https:\/\/www.europesays.com\/es\/wp-json\/wp\/v2\/posts\/739118\/revisions"}],"wp:featuredmedia":[{"embeddable":true,"href":"https:\/\/www.europesays.com\/es\/wp-json\/wp\/v2\/media\/739119"}],"wp:attachment":[{"href":"https:\/\/www.europesays.com\/es\/wp-json\/wp\/v2\/media?parent=739118"}],"wp:term":[{"taxonomy":"category","embeddable":true,"href":"https:\/\/www.europesays.com\/es\/wp-json\/wp\/v2\/categories?post=739118"},{"taxonomy":"post_tag","embeddable":true,"href":"https:\/\/www.europesays.com\/es\/wp-json\/wp\/v2\/tags?post=739118"}],"curies":[{"name":"wp","href":"https:\/\/api.w.org\/{rel}","templated":true}]}}