{"id":739130,"date":"2026-08-30T20:16:26","date_gmt":"2026-08-30T20:16:26","guid":{"rendered":"https:\/\/www.europesays.com\/es\/739130\/"},"modified":"2026-08-30T20:16:26","modified_gmt":"2026-08-30T20:16:26","slug":"nuria-roca-exprime-sus-ultimos-dias-de-vacaciones-en-menorca-rodeada-de-amigos-y-sin-juan-del-val","status":"publish","type":"post","link":"https:\/\/www.europesays.com\/es\/739130\/","title":{"rendered":"Nuria Roca exprime sus \u00faltimos d\u00edas de vacaciones en Menorca, rodeada de amigos y sin Juan del Val"},"content":{"rendered":"<p><img loading=\"lazy\" decoding=\"async\" src=\"https:\/\/www.europesays.com\/es\/wp-content\/uploads\/2026\/08\/1788120976_668_100x100_informalia-logo.jpg\" itemtype=\"\/\/schema.org\/ImageObject\" itemprop=\"url\" alt=\"Informalia\" width=\"64\" height=\"64\" pinger-seen=\"true\"\/><\/p>\n<p>El verano de Nuria Roca toca ya a su fin y la periodista se prepara para regresar en los pr\u00f3ximos d\u00edas a su rutina televisiva. Antes de volver a Madrid, la mujer de Juan del Val ha compartido un peque\u00f1o resumen de <b>sus \u00faltimos d\u00edas de vacaciones en Menorca<\/b>, donde ha disfrutado de la isla junto a sus amigos y sin rastro de su marido.<\/p>\n<p>                            <img decoding=\"async\" src=\"https:\/\/www.europesays.com\/es\/wp-content\/uploads\/2026\/08\/770x_sunset.jpg\" loading=\"lazy\"\/><\/p>\n<p><b>\u00abTerminar el verano con el mar de fondo, amigos al lado y risas de por medio\u2026<\/b>\u00ab, ha escrito junto a un carrusel de instant\u00e1neas de lo m\u00e1s espont\u00e1neas, en las que deja constancia de algunos de los momentos que ha compartido estos d\u00edas con su gente. Atardeceres, ba\u00f1os en el mar, terraceo y muchas risas. <\/p>\n<p>                            <img decoding=\"async\" src=\"https:\/\/www.europesays.com\/es\/wp-content\/uploads\/2026\/08\/770x_risas.jpg\" loading=\"lazy\"\/><\/p>\n<p>                            <img decoding=\"async\" src=\"https:\/\/www.europesays.com\/es\/wp-content\/uploads\/2026\/08\/770x_coche.jpg\" loading=\"lazy\"\/><\/p>\n<p>                            <img decoding=\"async\" src=\"https:\/\/www.europesays.com\/es\/wp-content\/uploads\/2026\/08\/770x_terraza.jpg\" loading=\"lazy\"\/><\/p>\n<p><b>Tanto Nuria como Juan del Val han aprovechado al m\u00e1ximo este verano<\/b> y han pasado buena parte de estos meses fuera de Madrid. <a href=\"https:\/\/www.eleconomista.es\/informalia\/famosos\/noticias\/14007988\/08\/26\/nuria-roca-reune-a-sus-padres-divorciados-desde-hace-51-anos-en-su-hogar-familiar-paella-valenciana-piscina-y-parchis.html\" title=\"Nuria Roca re\u00fane a sus padres, separados desde hace 51 a\u00f1os, en su hogar familiar: paella valenciana, piscina y parch\u00eds\" rel=\"nofollow noopener\" target=\"_blank\">Valencia, donde visitaron a los padres de ella<\/a>; Nueva York, en un viaje en familia; C\u00e1diz y su casa de campo en Candeleda han sido algunas de las paradas del matrimonio estas vacaciones. <\/p>\n<p>                            <img decoding=\"async\" src=\"https:\/\/www.europesays.com\/es\/wp-content\/uploads\/2026\/08\/770x_ventana.jpg\" loading=\"lazy\"\/><\/p>\n<p>                            <img decoding=\"async\" src=\"https:\/\/www.europesays.com\/es\/wp-content\/uploads\/2026\/08\/770x_gildas.jpg\" loading=\"lazy\"\/><\/p>\n<p>Durante su \u00faltima estancia en Menorca, la presentadora tambi\u00e9n ha dejado claro cu\u00e1les han sido algunos de sus imprescindibles gastron\u00f3micos. <b>Entre sus platos favoritos, las gildas; y para brindar, vino, tanto tinto como blanco<\/b>.<\/p>\n<p>Un final de verano que tiene, eso s\u00ed, un punto agridulce para Roca y Del Val. <a href=\"https:\/\/www.eleconomista.es\/informalia\/famosos\/noticias\/14009720\/08\/26\/el-mensaje-de-nuria-roca-antes-de-mandar-a-su-hija-olivia-a-estudiar-al-extranjero-y-ahora-que-hago-yo.html\" title=\"El mensaje de Nuria Roca antes de mandar a su hija Olivia a estudiar al extranjero: &quot;\u00bfY ahora qu\u00e9 hago yo?&quot;\" rel=\"nofollow noopener\" target=\"_blank\">Hace apenas unos d\u00edas se despidieron de su hija Olivia, de 16 a\u00f1os, que ha puesto rumbo al extranjero para pasar una temporada y reforzar su nivel de ingl\u00e9s<\/a>. <\/p>\n<p>                            <img decoding=\"async\" src=\"https:\/\/www.europesays.com\/es\/wp-content\/uploads\/2026\/08\/1788120986_289_770x_nuria-roca-family1200.jpg\" loading=\"lazy\"\/><\/p>\n<p>                            Nuria Roca y Juan del Val, junto a sus tres hijos, Pau, Olivia y Juan<\/p>\n<p>WhatsApp<a href=\"https:\/\/api.whatsapp.com\/send?text=https:\/\/www.eleconomista.es\/informalia\/famosos\/noticias\/14010686\/08\/26\/nuria-roca-exprime-sus-ultimos-dias-de-vacaciones-en-menorca-rodeada-de-amigos-y-sin-juan-del-val.html?utm_source%3Dwhatsapp%26utm_medium%3Dshare_button&amp;id=1648118629957_whatsapp\" target=\"_blank\" data-action=\"share\/whatsapp\/share\" aria-label=\"Compartir en Whatsapp\" rel=\"nofollow noopener\"><\/a>Facebook<a id=\"fb-share\" href=\"#\" target=\"_blank\" rel=\"noopener noreferrer\" aria-label=\"Compartir en Facebook\"><\/a>Twitter<a href=\"https:\/\/twitter.com\/share?text=Nuria+Roca+exprime+sus+%C3%BAltimos+d%C3%ADas+de+vacaciones+en+Menorca%2C+rodeada+de+amigos+y+sin+Juan+del+Val&amp;url=https:\/\/www.eleconomista.es\/informalia\/famosos\/noticias\/14010686\/08\/26\/nuria-roca-exprime-sus-ultimos-dias-de-vacaciones-en-menorca-rodeada-de-amigos-y-sin-juan-del-val.html&amp;via=Informalia&amp;id=1648118839245_twitter\" target=\"_blank\" aria-label=\"Compartir en Twitter\" rel=\"nofollow noopener\"><\/a>Linkedin<a onclick=\"return abrirLinkedin();\" href=\"https:\/\/www.linkedin.com\/shareArticle?text=Nuria+Roca+exprime+sus+%C3%BAltimos+d%C3%ADas+de+vacaciones+en+Menorca%2C+rodeada+de+amigos+y+sin+Juan+del+Val&amp;url=https:\/\/www.eleconomista.es\/informalia\/famosos\/noticias\/14010686\/08\/26\/nuria-roca-exprime-sus-ultimos-dias-de-vacaciones-en-menorca-rodeada-de-amigos-y-sin-juan-del-val.html&amp;mini=true\" target=\"_blank\" aria-label=\"Compartir en linkedin\" rel=\"nofollow noopener\"><\/a>Beloud<a href=\"https:\/\/beloud.com\/share?text=Nuria+Roca+exprime+sus+%C3%BAltimos+d%C3%ADas+de+vacaciones+en+Menorca%2C+rodeada+de+amigos+y+sin+Juan+del+Val&amp;url=https:\/\/www.eleconomista.es\/informalia\/famosos\/noticias\/14010686\/08\/26\/nuria-roca-exprime-sus-ultimos-dias-de-vacaciones-en-menorca-rodeada-de-amigos-y-sin-juan-del-val.html&amp;via=Informalia&amp;id=1648118839245_beloud\" target=\"_blank\" aria-label=\"Compartir en beloud\" rel=\"nofollow noopener\"><\/a>Bluesky<a href=\"https:\/\/bsky.app\/intent\/compose?text=https:\/\/bsky.app\/intent\/compose?text=https:\/\/www.eleconomista.es\/informalia\/famosos\/noticias\/14010686\/08\/26\/nuria-roca-exprime-sus-ultimos-dias-de-vacaciones-en-menorca-rodeada-de-amigos-y-sin-juan-del-val.html&amp;url=https:\/\/www.eleconomista.es\/informalia\/famosos\/noticias\/14010686\/08\/26\/nuria-roca-exprime-sus-ultimos-dias-de-vacaciones-en-menorca-rodeada-de-amigos-y-sin-juan-del-val.html&amp;via=elEconomistaes&amp;id=1648118839245_bluesky\" target=\"_blank\" aria-label=\"Compartir en bluesky\" rel=\"nofollow noopener\"><\/a><\/p>\n<p><script async src=\"https:\/\/platform.twitter.com\/widgets.js\" charset=\"utf-8\"><\/script><\/p>\n","protected":false},"excerpt":{"rendered":"El verano de Nuria Roca toca ya a su fin y la periodista se prepara para regresar en&hellip;\n","protected":false},"author":2,"featured_media":739131,"comment_status":"","ping_status":"","sticky":false,"template":"","format":"standard","meta":{"footnotes":""},"categories":[91],"tags":[146,147,25,24,260,23],"class_list":["post-739130","post","type-post","status-publish","format-standard","has-post-thumbnail","category-entretenimiento","tag-entertainment","tag-entretenimiento","tag-es","tag-espana","tag-gente","tag-spain"],"share_on_mastodon":{"url":"https:\/\/pubeurope.com\/@es\/117186305359724398","error":""},"_links":{"self":[{"href":"https:\/\/www.europesays.com\/es\/wp-json\/wp\/v2\/posts\/739130","targetHints":{"allow":["GET"]}}],"collection":[{"href":"https:\/\/www.europesays.com\/es\/wp-json\/wp\/v2\/posts"}],"about":[{"href":"https:\/\/www.europesays.com\/es\/wp-json\/wp\/v2\/types\/post"}],"author":[{"embeddable":true,"href":"https:\/\/www.europesays.com\/es\/wp-json\/wp\/v2\/users\/2"}],"replies":[{"embeddable":true,"href":"https:\/\/www.europesays.com\/es\/wp-json\/wp\/v2\/comments?post=739130"}],"version-history":[{"count":0,"href":"https:\/\/www.europesays.com\/es\/wp-json\/wp\/v2\/posts\/739130\/revisions"}],"wp:featuredmedia":[{"embeddable":true,"href":"https:\/\/www.europesays.com\/es\/wp-json\/wp\/v2\/media\/739131"}],"wp:attachment":[{"href":"https:\/\/www.europesays.com\/es\/wp-json\/wp\/v2\/media?parent=739130"}],"wp:term":[{"taxonomy":"category","embeddable":true,"href":"https:\/\/www.europesays.com\/es\/wp-json\/wp\/v2\/categories?post=739130"},{"taxonomy":"post_tag","embeddable":true,"href":"https:\/\/www.europesays.com\/es\/wp-json\/wp\/v2\/tags?post=739130"}],"curies":[{"name":"wp","href":"https:\/\/api.w.org\/{rel}","templated":true}]}}