{"id":739144,"date":"2026-08-30T20:27:13","date_gmt":"2026-08-30T20:27:13","guid":{"rendered":"https:\/\/www.europesays.com\/es\/739144\/"},"modified":"2026-08-30T20:27:13","modified_gmt":"2026-08-30T20:27:13","slug":"despedido-por-subir-al-serantes-en-bici-cuando-estaba-de-baja-por-el-codo","status":"publish","type":"post","link":"https:\/\/www.europesays.com\/es\/739144\/","title":{"rendered":"Despedido por subir al Serantes en bici cuando estaba de baja por el codo"},"content":{"rendered":"<p style=\"\">La Sala de lo Social del Tribunal Superior de Justicia del Pa\u00eds Vasco (TSJPV) ha confirmado el despido disciplinario de un trabajador que, estando con  &#8230; Incapacidad Temporal (IT) por &#8216;codo de tenista&#8217; y en \u00abfase \u00e1lgida\u00bb de esta dolencia, sali\u00f3 con su bicicleta de monta\u00f1a para transitar una v\u00eda verde entre Sestao y Galdames, con un recorrido de 45 kil\u00f3metros que incluy\u00f3 una subida al Serantes, tal como comprob\u00f3 un detective contratado por la empresa para la que trabajaba.<\/p>\n<p class=\"v-d-p\" style=\"\">En la sentencia, a la que ha tenido acceso Europa Press, el TSJPV considera que el empleado transgredi\u00f3 \u00abla buena fe contractual\u00bb, ya que realiz\u00f3 una actividad deportiva que \u00abcompromet\u00eda su recuperaci\u00f3n\u00bb. Adem\u00e1s, asegura que no hace falta que una actividad concreta est\u00e9 contraindicada para el paciente, porque la lista ser\u00eda \u00abinterminable\u00bb, sino que \u00abbasta con atender a la l\u00f3gica de la raz\u00f3n\u00bb para saber que era perjudicial.<\/p>\n<p class=\"v-d-p\" style=\"\">La Sala de lo Social desestima, as\u00ed, el recurso de suplicaci\u00f3n interpuesto por el trabajador contra la resoluci\u00f3n de un Tribunal de Instancia de Bilbao que ratific\u00f3 la decisi\u00f3n de la empresa.<\/p>\n<p class=\"v-d-p\" style=\"\">La resoluci\u00f3n judicial recuerda que el trabajador comunic\u00f3 por mensajer\u00eda electr\u00f3nica el 18 de abril de 2025 a su encargado que ten\u00eda el brazo lesionado, que le tiraba el tend\u00f3n del codo y que llevaba \u00abaguantando cerca de dos meses\u00bb, pero la dolencia se le estaba \u00abagravando\u00bb, y ya hasta le dol\u00eda al ponerse la camisa, quitarse los guantes o mover una silla.<\/p>\n<p class=\"v-d-p\" style=\"\">Tras pasar por una cl\u00ednica privada para recibir 20 sesiones de rehabilitaci\u00f3n, inici\u00f3 un periodo de incapacidad temporal desde el 19 de mayo de 2025 por epicondilitis de codo derecho. Entonces fue atendido por el m\u00e9dico de atenci\u00f3n primaria, y le deriv\u00f3 a traumatolog\u00eda. En el mes de julio, una empleada de la empresa puso en conocimiento de la direcci\u00f3n de la empresa que hab\u00eda rumores de que el empleado de baja sol\u00eda andar en bicicleta, por lo que se contrat\u00f3 a un detective. Ese mismo mes, atendido en la cl\u00ednica privada, esta determin\u00f3 que \u00abpersist\u00eda el dolor en codo derecho\u00bb y le mand\u00f3 otras 20 sesiones de rehabilitaci\u00f3n.<\/p>\n<p>\nExpediente disciplinario\n<\/p>\n<p class=\"v-d-p\" style=\"\">El detective, en su seguimiento, observ\u00f3 que los d\u00edas 27 de julio, y 10 y 17 de agosto, el trabajador sali\u00f3 con su bicicleta de monta\u00f1a para transitar una v\u00eda verde que existe entre Sestao y Galdames, con un recorrido de 45 kil\u00f3metros entre la ida y la vuelta. Adem\u00e1s, hab\u00eda subido el puerto de Serantes. La empresa le abri\u00f3 expediente disciplinario el 8 de noviembre de 2025 y comunic\u00f3 por carta al empleado que ten\u00eda \u00abconocimiento fehaciente\u00bb de que, en periodo de baja laboral, hab\u00eda estado varios d\u00edas practicando bicicleta de monta\u00f1a durante varias horas. En este sentido, se\u00f1alaba que entend\u00eda que esta actividad era \u00abincompatible con la dolencia alegada y con su situaci\u00f3n de incapacidad temporal, pudiendo comprometer la zona lesionada, dificultando y retardando su recuperaci\u00f3n\u00bb. Tras las alegaciones del trabajador, fue despedido el 19 de septiembre.<\/p>\n","protected":false},"excerpt":{"rendered":"La Sala de lo Social del Tribunal Superior de Justicia del Pa\u00eds Vasco (TSJPV) ha confirmado el despido&hellip;\n","protected":false},"author":2,"featured_media":739145,"comment_status":"","ping_status":"","sticky":false,"template":"","format":"standard","meta":{"footnotes":""},"categories":[273],"tags":[6814,2237,313,77853,312,168,11790,25,24,131221,23,167,20716],"class_list":["post-739144","post","type-post","status-publish","format-standard","has-post-thumbnail","category-ciclismo","tag-baja","tag-bici","tag-ciclismo","tag-codo","tag-cycling","tag-deportes","tag-despedido","tag-es","tag-espana","tag-serantes","tag-spain","tag-sports","tag-subir"],"share_on_mastodon":{"url":"https:\/\/pubeurope.com\/@es\/117186346756721801","error":""},"_links":{"self":[{"href":"https:\/\/www.europesays.com\/es\/wp-json\/wp\/v2\/posts\/739144","targetHints":{"allow":["GET"]}}],"collection":[{"href":"https:\/\/www.europesays.com\/es\/wp-json\/wp\/v2\/posts"}],"about":[{"href":"https:\/\/www.europesays.com\/es\/wp-json\/wp\/v2\/types\/post"}],"author":[{"embeddable":true,"href":"https:\/\/www.europesays.com\/es\/wp-json\/wp\/v2\/users\/2"}],"replies":[{"embeddable":true,"href":"https:\/\/www.europesays.com\/es\/wp-json\/wp\/v2\/comments?post=739144"}],"version-history":[{"count":0,"href":"https:\/\/www.europesays.com\/es\/wp-json\/wp\/v2\/posts\/739144\/revisions"}],"wp:featuredmedia":[{"embeddable":true,"href":"https:\/\/www.europesays.com\/es\/wp-json\/wp\/v2\/media\/739145"}],"wp:attachment":[{"href":"https:\/\/www.europesays.com\/es\/wp-json\/wp\/v2\/media?parent=739144"}],"wp:term":[{"taxonomy":"category","embeddable":true,"href":"https:\/\/www.europesays.com\/es\/wp-json\/wp\/v2\/categories?post=739144"},{"taxonomy":"post_tag","embeddable":true,"href":"https:\/\/www.europesays.com\/es\/wp-json\/wp\/v2\/tags?post=739144"}],"curies":[{"name":"wp","href":"https:\/\/api.w.org\/{rel}","templated":true}]}}