{"id":739150,"date":"2026-08-30T20:31:14","date_gmt":"2026-08-30T20:31:14","guid":{"rendered":"https:\/\/www.europesays.com\/es\/739150\/"},"modified":"2026-08-30T20:31:14","modified_gmt":"2026-08-30T20:31:14","slug":"el-hijo-de-catherine-zeta-jones-dylan-douglas-fotografiado-con-la-actriz-bella-woody-en-mallorca","status":"publish","type":"post","link":"https:\/\/www.europesays.com\/es\/739150\/","title":{"rendered":"El hijo de Catherine Zeta-Jones, Dylan Douglas, fotografiado con la actriz Bella Woody en Mallorca"},"content":{"rendered":"<p id=\"ee26QjB1tDG\" data-wc=\"70\">En agosto de 2000, m\u00e1s concretamente el d\u00eda 8 de ese mes, en la mansi\u00f3n de los Douglas estaban de enhorabuena:<strong>\u00a0Catherine Zeta-Jones\u00a0<\/strong>daba a luz a su primer hijo con <strong>Michael Douglas<\/strong>. Y lo llamaron Dylan. <a class=\"hm-link ho-link\" href=\"https:\/\/www.hola.com\/actualidad\/20260808917087\/michael-douglas-catherine-zeta-jones-celebran-26-cumpleanos-hijo-dylanimagenes-ineditas\/\" data-mrf-recirculation=\"article-body-link\" rel=\"nofollow noopener\" target=\"_blank\">Pues 26 a\u00f1os m\u00e1s tarde, ese Dylan es ya un hombre hecho y derecho\u00a0<\/a>(y muy atractivo, por cierto) que sigue la estela art\u00edstica de una de las sagas m\u00e1s famosas de Hollywood.<\/p>\n<p id=\"eBrdTMkoGU\" data-wc=\"98\">Estos d\u00edas, se le ha visto en el que considera <strong>su segundo hogar, Mallorca<\/strong>, donde sus padres tienen una mansi\u00f3n de esas de dejarte sin aliento: <a class=\"hm-link ho-link\" href=\"https:\/\/www.hola.com\/decoracion\/20260803915802\/la-espectacular-casa-de-michael-douglas-y-catherine-zeta-jones-en-mallorca\/\" data-mrf-recirculation=\"article-body-link\" rel=\"nofollow noopener\" target=\"_blank\">\u00abS\u2019Estaca\u00bb,<\/a> de mil metros cuadrados <strong>y con vistas a la costa<\/strong>, entre Valldemossa y Dei\u00e0. Un espectacular refugio mediterr\u00e1neo que Michael Douglas adquiri\u00f3 en los a\u00f1os 90 y que, con el paso del tiempo, se ha convertido en uno de los lugares m\u00e1s especiales para la familia. Entre <strong>naturaleza, privacidad y unas vistas privilegiadas al Mediterr\u00e1neo<\/strong>, no es dif\u00edcil entender por qu\u00e9 la isla ocupa un lugar tan importante en sus vidas.<\/p>\n<p>  <img src=\"https:\/\/www.europesays.com\/es\/wp-content\/uploads\/2026\/08\/adcedd95315e-dlu330357009.jpg\"   width=\"1080\" height=\"1080\" loading=\"lazy\" decoding=\"async\" alt=\"Una fotograf\u00eda familiar de los Douglas Zeta-Jones en un 'photocall'\" fetchpriority=\"auto\" class=\"image ho-image\"\/>\u00a9 GTRESDylan acaba de cumplir 26\u00a0a\u00f1os y sigue las huellas de sus famosos padres, Michael Douglas y Caterine Zeta-Jones, y de Kirk Douglas, su m\u00edtico abuelo, aunque detr\u00e1s de las c\u00e1maras (una fotograf\u00eda de la famosa saga de estrellas al completo). <\/p>\n<p id=\"eE7dZsYld3\" data-wc=\"72\"><strong>Precisamente en Dei\u00e0<\/strong>, se celebr\u00f3 la novena edici\u00f3n de un festival de cortometrajes de un minuto, en la que Dylan particip\u00f3 a trav\u00e9s del corto de un amigo. La tem\u00e1tica de este a\u00f1o no pod\u00eda ser m\u00e1s evidente: el eclipse. Y a tenor de la imagen que acompa\u00f1a estas lineas, este <a class=\"hm-link ho-link\" href=\"https:\/\/www.hola.com\/actualidad\/20260526903586\/carys-hija-michael-douglas-y-catherine-zeta-jones-debut-teatro-nueva-york\/\" data-mrf-recirculation=\"article-body-link\" rel=\"nofollow noopener\" target=\"_blank\">Douglas podr\u00eda estar eclipsado por la belleza y la personalidad de la actriz Bella Woody<\/a>, con quien pos\u00f3 para las c\u00e1maras.\u00a0<\/p>\n<p>Bella Woody, una joven promesa entre la m\u00fasica y la interpretaci\u00f3n<\/p>\n<p id=\"ecrc1VK0NQ\" data-wc=\"124\">Bella es actriz y cantante, especializada en <strong>voz de\u00a0<\/strong><strong>mezzo-soprano<\/strong>, y con una especial predilecci\u00f3n por el jazz y el folk. Reci\u00e9n <strong>graduada en Bellas Artes<\/strong>, con especializaci\u00f3n en actuaci\u00f3n (BFA) por el Ithaca College en 2025, ahora est\u00e1 a punto de dar un importante paso en su carrera: <strong>mudarse a Nueva York<\/strong>, una ciudad que parece hecha a medida para alguien con sus inquietudes art\u00edsticas. Su papel m\u00e1s reciente fue el de una estudiante de posgrado en el estreno mundial de <strong>Milkweed<\/strong>, una nueva obra de Wendy Dann, en la Kitchen Theatre Company. All\u00ed tambi\u00e9n hizo su debut profesional el verano pasado como suplente y actriz en <strong>Extended Stay<\/strong>, un nuevo musical que le permiti\u00f3 empezar a hacerse un hueco sobre las tablas.<\/p>\n<p id=\"e3rMwH3Q8T_\" data-wc=\"62\">Y parece que el arte tambi\u00e9n ha sido uno de los puntos de conexi\u00f3n con <a class=\"hm-link ho-link\" href=\"https:\/\/www.hola.com\/actualidad\/20190724146424\/dylan-douglas-un-joven-que-sigue-pasos-padres\/\" data-mrf-recirculation=\"article-body-link\" rel=\"nofollow noopener\" target=\"_blank\">Dylan, que atraviesa precisamente uno de los momentos m\u00e1s emocionantes de su trayectoria<\/a>. Acaba de conseguir <strong>su primer papel cinematogr\u00e1fico en Killing Hitler<\/strong>, una pel\u00edcula sobre asesinatos vinculados a la mafia en la que compartir\u00e1 reparto con David Arquette, Graham Sibley y otros int\u00e9rpretes, seg\u00fan inform\u00f3 Deadline.<\/p>\n<p>  <img src=\"https:\/\/www.europesays.com\/es\/wp-content\/uploads\/2026\/08\/a6ed81703be2-dylan-douglas-14.jpg\"   width=\"1080\" height=\"1800\" loading=\"lazy\" decoding=\"async\" alt=\"Un fotograf\u00eda de Dylan Douglas muy c\u00f3mplice con la actriz Bella Woody\" fetchpriority=\"auto\" class=\"image ho-image\"\/>\u00a9 JOAN LLADOMuy c\u00f3mplice con la actriz Bella Woody, en el Festival de Cortometrajes de Dei\u00e0<\/p>\n<p>\u00bfAmigos, compa\u00f1eros o algo m\u00e1s? La complicidad entre Dylan y Bella<\/p>\n<p id=\"eBVSQvfHfd\" data-wc=\"62\">Sin embargo, la t\u00f3nica de Dylan, acostumbrado a la fama desde la cuna, ha sido siempre la discreci\u00f3n y, por el momento, <strong>no hay ninguna confirmaci\u00f3n<\/strong> por su parte, ni por la de Bella, de que sean pareja. La qu\u00edmica ya la tienen <a class=\"hm-link ho-link\" href=\"https:\/\/www.hola.com\/actualidad\/20251119868358\/catherine-zeta-jones-y-michael-douglas-celebran-sus-bodas-de-plata\/\" data-mrf-recirculation=\"article-body-link\" rel=\"nofollow noopener\" target=\"_blank\">y el marco no pod\u00eda ser m\u00e1s id\u00edlico<\/a>, porque las noches estrelladas del verano mallorqu\u00edn son un aut\u00e9ntico lujo.\u00a0<\/p>\n<p id=\"erFOFWtTLTW\" data-wc=\"81\">As\u00ed, entre el encanto de la isla, dos j\u00f3venes que comparten inquietudes art\u00edsticas y unas im\u00e1genes que alimentan los rumores, todo parece apuntar a que <strong data-end=\"1427\" data-start=\"1394\">hay algo especial entre ellos<\/strong>, aunque por ahora <strong>ninguno haya querido ponerle nombre<\/strong>. Y quiz\u00e1 ah\u00ed est\u00e9 precisamente la gracia: mientras ellos disfrutan de su verano lejos de las prisas, son las miradas, la complicidad y los momentos compartidos los que se encargan de alimentar las especulaciones que, por ahora, no han hecho m\u00e1s que arder.<\/p>\n<p> Te puede interesarSeguir leyendo<\/p>\n","protected":false},"excerpt":{"rendered":"En agosto de 2000, m\u00e1s concretamente el d\u00eda 8 de ese mes, en la mansi\u00f3n de los Douglas&hellip;\n","protected":false},"author":2,"featured_media":739151,"comment_status":"","ping_status":"","sticky":false,"template":"","format":"standard","meta":{"footnotes":""},"categories":[174],"tags":[3900,517,17850,255,3899,146,147,25,24,256,15149,23],"class_list":["post-739150","post","type-post","status-publish","format-standard","has-post-thumbnail","category-famosos","tag-hola","tag-actualidad","tag-catherine-zeta-jones","tag-celebrities","tag-contenido-sensible","tag-entertainment","tag-entretenimiento","tag-es","tag-espana","tag-famosos","tag-michael-douglas","tag-spain"],"share_on_mastodon":{"url":"https:\/\/pubeurope.com\/@es\/117186363728381228","error":""},"_links":{"self":[{"href":"https:\/\/www.europesays.com\/es\/wp-json\/wp\/v2\/posts\/739150","targetHints":{"allow":["GET"]}}],"collection":[{"href":"https:\/\/www.europesays.com\/es\/wp-json\/wp\/v2\/posts"}],"about":[{"href":"https:\/\/www.europesays.com\/es\/wp-json\/wp\/v2\/types\/post"}],"author":[{"embeddable":true,"href":"https:\/\/www.europesays.com\/es\/wp-json\/wp\/v2\/users\/2"}],"replies":[{"embeddable":true,"href":"https:\/\/www.europesays.com\/es\/wp-json\/wp\/v2\/comments?post=739150"}],"version-history":[{"count":0,"href":"https:\/\/www.europesays.com\/es\/wp-json\/wp\/v2\/posts\/739150\/revisions"}],"wp:featuredmedia":[{"embeddable":true,"href":"https:\/\/www.europesays.com\/es\/wp-json\/wp\/v2\/media\/739151"}],"wp:attachment":[{"href":"https:\/\/www.europesays.com\/es\/wp-json\/wp\/v2\/media?parent=739150"}],"wp:term":[{"taxonomy":"category","embeddable":true,"href":"https:\/\/www.europesays.com\/es\/wp-json\/wp\/v2\/categories?post=739150"},{"taxonomy":"post_tag","embeddable":true,"href":"https:\/\/www.europesays.com\/es\/wp-json\/wp\/v2\/tags?post=739150"}],"curies":[{"name":"wp","href":"https:\/\/api.w.org\/{rel}","templated":true}]}}