{"id":739166,"date":"2026-08-30T20:43:11","date_gmt":"2026-08-30T20:43:11","guid":{"rendered":"https:\/\/www.europesays.com\/es\/739166\/"},"modified":"2026-08-30T20:43:11","modified_gmt":"2026-08-30T20:43:11","slug":"operacion-retorno-de-agosto-en-directo","status":"publish","type":"post","link":"https:\/\/www.europesays.com\/es\/739166\/","title":{"rendered":"Operaci\u00f3n retorno de agosto, en directo"},"content":{"rendered":"<p class=\"c-paragraph\">Contin\u00faa la operaci\u00f3n retorno del verano. Este domingo, el \u00faltimo de agosto y la <b>tercera jornada de este dispositivo especial por la vuelta de las vacaciones\u00a0<\/b>que finaliza este lunes 31, el tr\u00e1fico por carretera ha vuelto a presentar algunas complicaciones en los accesos a grandes ciudades como Madrid, Valencia o Sevilla.\u00a0<\/p>\n<p class=\"c-paragraph\">Desde el mediod\u00eda, la <a href=\"https:\/\/www.20minutos.es\/tags\/temas\/direccion-general-de-trafico-dgt.html\" title=\"Direcci\u00f3n General de Tr\u00e1fico (DGT)\" rel=\"nofollow noopener\" target=\"_blank\">Direcci\u00f3n General de Tr\u00e1fico (DGT)<\/a> ha informado de tr\u00e1fico lento<b>\u00a0en los accesos a la capital <\/b>tanto por la A-1a la altura de El Molar, en la provincia de<a href=\"https:\/\/www.20minutos.es\/tags\/lugares\/avila.html\" title=\"\u00c1vila\" rel=\"nofollow noopener\" target=\"_blank\"> \u00c1vila<\/a>, como en la A-6 en Ar\u00e9valo y desde la A-3, en Cervera del Llano o Taranc\u00f3n, en la provincia de <a href=\"https:\/\/www.20minutos.es\/tags\/lugares\/cuenca.html\" title=\"Cuenca\" rel=\"nofollow noopener\" target=\"_blank\">Cuenca<\/a>, tambi\u00e9n en sentido a la capital.\u00a0<\/p>\n<p class=\"c-paragraph\">En el caso de<a href=\"https:\/\/www.20minutos.es\/tags\/lugares\/barcelona.html\" title=\"Barcelona\" rel=\"nofollow noopener\" target=\"_blank\"> Barcelona<\/a>, las dificultades se han presentado durante este domingo en la entrada por la AP-7 en La R\u00e0pita, Granollers y en la A-2 en Jorba. En el norte tambi\u00e9n se ha complicado el tr\u00e1fico en Cantabria, en concreto en la A-8 a la altura de Ori\u00f1\u00f3n y tambi\u00e9n a la altura de Islares, en sentido Vizcaya.\u00a0<\/p>\n<p class=\"c-paragraph\">Asimismo, en la zona del Mediterr\u00e1neo se han producido complicaciones\u00a0<b>en\u00a0la entrada a Valencia<\/b>\u00a0por la A-7, a la altura de Benifay\u00f3, mientras que en Andaluc\u00eda ha habido dificultades en el acceso a Ja\u00e9n por la A-44, a la altura de Carchelejo, y en el acceso a Sevilla, por la A-49 en Huevas del Aljarafe.<\/p>\n<p class=\"c-paragraph\">Adem\u00e1s de estas dificultades en los accesos,<b> varios accidentes han complicado la circulaci\u00f3n<\/b> en la provincia Toledo, en la A-4 en Oca\u00f1a y en la A-5 en Los Cerralbos, en ambos casos en direcci\u00f3n Madrid. Lo mismo ha ocurrido en la AP-7 en Castell\u00f3n, en Playa de Nules sentido Tarragona; en Valencia, en la A-7 en Torrent, direcci\u00f3n Catalu\u00f1a y tambi\u00e9n en la entrada en Sevilla por la AP-4 en Las Cabezas de San Juan. Asimismo, un siniestro ha complicado\u00a0<b>la circulaci\u00f3n en la A2<\/b> a su paso por Morata de Jal\u00f3n, en Zaragoza.\u00a0<\/p>\n<p class=\"c-paragraph\">La DGT ha pedido a los conductores que <b>tengan especial precauci\u00f3n <\/b>en esta jornada de la operaci\u00f3n retorno, dispositivo en el que se esperan casi 6,9 millones de desplazamientos por carretera, el grueso de ellos en la jornada de este lunes, \u00faltimo d\u00eda de agosto, aunque Tr\u00e1fico prev\u00e9 tambi\u00e9n un regreso escalonado de las vacaciones.\u00a0<\/p>\n<p class=\"c-paragraph\">En esta operaci\u00f3n especial coinciden los viajes de quienes terminan sus vacaciones,<b> los que disfrutar\u00e1n del descanso estival en septiembre<\/b> y tambi\u00e9n de los que vuelven a su residencia habitual en otros pa\u00edses europeos, adem\u00e1s de los desplazamientos por eventos deportivos como el Gran Premio de Arag\u00f3n de MotoGP, que se ha celebrado este fin de semana.<\/p>\n","protected":false},"excerpt":{"rendered":"Contin\u00faa la operaci\u00f3n retorno del verano. Este domingo, el \u00faltimo de agosto y la tercera jornada de este&hellip;\n","protected":false},"author":2,"featured_media":739167,"comment_status":"","ping_status":"","sticky":false,"template":"","format":"standard","meta":{"footnotes":""},"categories":[8],"tags":[296,17,18,2125,25,24,13,14,11,19,20,9,10,15,16,2885,5483,23,12,21,22],"class_list":["post-739166","post","type-post","status-publish","format-standard","has-post-thumbnail","category-espana","tag-agosto","tag-breaking-news","tag-breakingnews","tag-directo","tag-es","tag-espana","tag-featured-news","tag-featurednews","tag-headlines","tag-latest-news","tag-latestnews","tag-news","tag-noticias","tag-noticias-destacadas","tag-noticiasdestacadas","tag-operacion","tag-retorno","tag-spain","tag-titulares","tag-ultimas-noticias","tag-ultimasnoticias"],"share_on_mastodon":{"url":"https:\/\/pubeurope.com\/@es\/117186409784928444","error":""},"_links":{"self":[{"href":"https:\/\/www.europesays.com\/es\/wp-json\/wp\/v2\/posts\/739166","targetHints":{"allow":["GET"]}}],"collection":[{"href":"https:\/\/www.europesays.com\/es\/wp-json\/wp\/v2\/posts"}],"about":[{"href":"https:\/\/www.europesays.com\/es\/wp-json\/wp\/v2\/types\/post"}],"author":[{"embeddable":true,"href":"https:\/\/www.europesays.com\/es\/wp-json\/wp\/v2\/users\/2"}],"replies":[{"embeddable":true,"href":"https:\/\/www.europesays.com\/es\/wp-json\/wp\/v2\/comments?post=739166"}],"version-history":[{"count":0,"href":"https:\/\/www.europesays.com\/es\/wp-json\/wp\/v2\/posts\/739166\/revisions"}],"wp:featuredmedia":[{"embeddable":true,"href":"https:\/\/www.europesays.com\/es\/wp-json\/wp\/v2\/media\/739167"}],"wp:attachment":[{"href":"https:\/\/www.europesays.com\/es\/wp-json\/wp\/v2\/media?parent=739166"}],"wp:term":[{"taxonomy":"category","embeddable":true,"href":"https:\/\/www.europesays.com\/es\/wp-json\/wp\/v2\/categories?post=739166"},{"taxonomy":"post_tag","embeddable":true,"href":"https:\/\/www.europesays.com\/es\/wp-json\/wp\/v2\/tags?post=739166"}],"curies":[{"name":"wp","href":"https:\/\/api.w.org\/{rel}","templated":true}]}}