{"id":739168,"date":"2026-08-30T20:44:20","date_gmt":"2026-08-30T20:44:20","guid":{"rendered":"https:\/\/www.europesays.com\/es\/739168\/"},"modified":"2026-08-30T20:44:20","modified_gmt":"2026-08-30T20:44:20","slug":"el-hijo-de-nicolas-maduro-publica-nuevas-imagenes-del-presidente-venezolano-tomadas-en-prision","status":"publish","type":"post","link":"https:\/\/www.europesays.com\/es\/739168\/","title":{"rendered":"El hijo de Nicol\u00e1s Maduro publica nuevas im\u00e1genes del presidente venezolano tomadas en prisi\u00f3n"},"content":{"rendered":"<p class=\"article-text\">\n        El diputado Nicol\u00e1s Maduro Guerra ha hecho p\u00fablicas este domingo unas nuevas im\u00e1genes de su padre, el presidente venezolano Nicol\u00e1s Maduro, depuesto tras un secuestro expr\u00e9s por militares estadounidense y actualmente encarcelado en Nueva York.\n    <\/p>\n<p class=\"article-text\">\n        \u201cEnv\u00edo estas fotos como un peque\u00f1o regalo a todos mis nietos y nietas, a los ni\u00f1os y ni\u00f1as, y a toda la gente noble que nos ama\u201d, reza el mensaje que acompa\u00f1a las im\u00e1genes, que tienen fecha de 25 de junio, y en las que se ve a Maduro con un pantal\u00f3n y sudadera gris en dos fotograf\u00edas.\n    <\/p>\n<p class=\"article-text\">\n        Maduro, visiblemente m\u00e1s delgado, aparece sonriente en una de las instant\u00e1neas con lentes, el cabello m\u00e1s canoso y haciendo la V de victoria con ambas manos. En una segunda imagen, ya sin lentes, hace la V con una mano y se observa que usa en la otra un reloj.\n    <\/p>\n<p>            <img decoding=\"async\" class=\"lazy\" loading=\"lazy\" data-src=\"https:\/\/static.eldiario.es\/clip\/0ff85546-aac3-43c7-ba84-febfe930bafb_source-aspect-ratio_default_0_x780y240.jpg\" src=\"data:image\/svg+xml,%3Csvg xmlns=\" http:=\"\" viewbox=\"0 0 1456 1920\" alt=\"Nicol\u00e1s Maduro en una de las fotograf\u00edas hechas p\u00fablicas en su cuenta de Twitter.\"\/><\/p>\n<p class=\"article-text\">\n        El presidente derrocado y su esposa Cilia Flores est\u00e1n detenidos en una prisi\u00f3n de Nueva York desde que fueron secuestrados en una operaci\u00f3n militar de Estados Unidos en territorio venezolano el pasado 3 de enero.\n    <\/p>\n<p class=\"article-text\">\n        En Nueva York se enfrentan un proceso judicial por conspiraci\u00f3n, narcoterrorismo y delitos relacionados con posesi\u00f3n de armas.\n    <\/p>\n<p class=\"article-text\">\n        Estados Unidos y Venezuela retomaron sus relaciones diplom\u00e1ticas, rotas durante siete a\u00f1os, luego de la captura de Maduro.\n    <\/p>\n<p>    <a href=\"https:\/\/www.eldiario.es\/internacional\/venezuela-anuncia-acuerdo-petrolero-trump-tendra-vigencia-25-anos-mantendra-soberania-recursos_1_13474907.html\" data-mrf-recirculation=\"saber-mas-abajo\" data-dl-event=\"saber-mas-abajo\" rel=\"nofollow noopener\" target=\"_blank\"><\/p>\n<p class=\"know-more__title\">Venezuela anuncia que el acuerdo petrolero con Trump tendr\u00e1 una vigencia de 25 a\u00f1os y que mantendr\u00e1 la \u201csoberan\u00eda sobre sus recursos\u201d<\/p>\n<p>            <img decoding=\"async\" class=\"lazy\" loading=\"lazy\" data-src=\"https:\/\/static.eldiario.es\/clip\/d824046a-00ce-45c6-a01f-ba461c26e02d_16-9-aspect-ratio_default_0_x984y299.jpg\" src=\"data:image\/svg+xml,%3Csvg xmlns=\" http:=\"\" viewbox=\"0 0 880 495\" alt=\"Venezuela anuncia que el acuerdo petrolero con Trump tendr\u00e1 una vigencia de 25 a\u00f1os y que mantendr\u00e1 la &quot;soberan\u00eda sobre sus recursos&quot;\"\/><\/p>\n<p>                        <\/a><\/p>\n<p class=\"article-text\">\n        El s\u00e1bado, la mandataria encargada de Venezuela, Delcy Rodr\u00edguez, quien asumi\u00f3 el cargo tras la captura de Maduro, inform\u00f3 que <a href=\"https:\/\/www.eldiario.es\/internacional\/venezuela-anuncia-acuerdo-petrolero-trump-tendra-vigencia-25-anos-mantendra-soberania-recursos_1_13474907.html\" target=\"_blank\" data-mrf-recirculation=\"links-noticia\" class=\"link\" rel=\"nofollow noopener\">el acuerdo petrolero alcanzado con Estados Unidos tendr\u00e1 una vigencia de 25 a\u00f1os<\/a> con un objetivo de producci\u00f3n superior a 1,5 millones de barriles diarios.\n    <\/p>\n","protected":false},"excerpt":{"rendered":"El diputado Nicol\u00e1s Maduro Guerra ha hecho p\u00fablicas este domingo unas nuevas im\u00e1genes de su padre, el presidente&hellip;\n","protected":false},"author":2,"featured_media":739169,"comment_status":"","ping_status":"","sticky":false,"template":"","format":"standard","meta":{"footnotes":""},"categories":[5],"tags":[17,18,25,24,13,14,11,30,1641,19,20,6413,9,7703,10,15,16,2860,1461,16733,4500,23,12,131223,21,22,2618],"class_list":["post-739168","post","type-post","status-publish","format-standard","has-post-thumbnail","category-titulares","tag-breaking-news","tag-breakingnews","tag-es","tag-espana","tag-featured-news","tag-featurednews","tag-headlines","tag-hijo","tag-imagenes","tag-latest-news","tag-latestnews","tag-maduro","tag-news","tag-nicolas","tag-noticias","tag-noticias-destacadas","tag-noticiasdestacadas","tag-nuevas","tag-presidente","tag-prision","tag-publica","tag-spain","tag-titulares","tag-tomadas","tag-ultimas-noticias","tag-ultimasnoticias","tag-venezolano"],"share_on_mastodon":{"url":"https:\/\/pubeurope.com\/@es\/117186413385040670","error":""},"_links":{"self":[{"href":"https:\/\/www.europesays.com\/es\/wp-json\/wp\/v2\/posts\/739168","targetHints":{"allow":["GET"]}}],"collection":[{"href":"https:\/\/www.europesays.com\/es\/wp-json\/wp\/v2\/posts"}],"about":[{"href":"https:\/\/www.europesays.com\/es\/wp-json\/wp\/v2\/types\/post"}],"author":[{"embeddable":true,"href":"https:\/\/www.europesays.com\/es\/wp-json\/wp\/v2\/users\/2"}],"replies":[{"embeddable":true,"href":"https:\/\/www.europesays.com\/es\/wp-json\/wp\/v2\/comments?post=739168"}],"version-history":[{"count":0,"href":"https:\/\/www.europesays.com\/es\/wp-json\/wp\/v2\/posts\/739168\/revisions"}],"wp:featuredmedia":[{"embeddable":true,"href":"https:\/\/www.europesays.com\/es\/wp-json\/wp\/v2\/media\/739169"}],"wp:attachment":[{"href":"https:\/\/www.europesays.com\/es\/wp-json\/wp\/v2\/media?parent=739168"}],"wp:term":[{"taxonomy":"category","embeddable":true,"href":"https:\/\/www.europesays.com\/es\/wp-json\/wp\/v2\/categories?post=739168"},{"taxonomy":"post_tag","embeddable":true,"href":"https:\/\/www.europesays.com\/es\/wp-json\/wp\/v2\/tags?post=739168"}],"curies":[{"name":"wp","href":"https:\/\/api.w.org\/{rel}","templated":true}]}}