{"id":739172,"date":"2026-08-30T20:49:13","date_gmt":"2026-08-30T20:49:13","guid":{"rendered":"https:\/\/www.europesays.com\/es\/739172\/"},"modified":"2026-08-30T20:49:13","modified_gmt":"2026-08-30T20:49:13","slug":"us-open-2026-en-directo-sigue-la-jornada-de-hoy-con-djokovic-pegula-y-los-espanoles-sport","status":"publish","type":"post","link":"https:\/\/www.europesays.com\/es\/739172\/","title":{"rendered":"US Open 2026 en directo: Sigue la jornada de hoy con Djokovic, Pegula y los espa\u00f1oles &#8211; SPORT"},"content":{"rendered":"<ol>\n<li><a href=\"https:\/\/news.google.com\/rss\/articles\/CBMigAFBVV95cUxONVdFQ0FEeWNiOXBqZmV2T001a3hiOVEwTVljYlRpQUdYYlh5Q1N2S2V4bS1CMGNaZk1MV1VLZ1RsM3hRZHdJclhlY3gxYnQ4TEUyUGJKY2NSSTRpVFFGSmNFNXlWamtPZWlXWk81T1JVcGRBRmdKN1FhNGtlSnRNN9IBgAFBVV95cUxNV2lzSlktWmZJZmpFaUlVajdSM2IyU0NyTTlXbVlSVDV0X0RPUUdVQmMxTE1jRlVWUV82azc4dE1meEY5X0JQb2FKQm1LNnlnOHFQQ1JGMWF3X25ENVNHb2xLbi1TanVsa2pRX21MbkNsSjdzQmJBSE1nQU1oS0UtbA?oc=5\" target=\"_blank\" rel=\"nofollow noopener\">US Open 2026 en directo: Sigue la jornada de hoy con Djokovic, Pegula y los espa\u00f1oles<\/a>&nbsp;&nbsp;SPORT<\/li>\n<li><a href=\"https:\/\/news.google.com\/rss\/articles\/CBMijgFBVV95cUxNUV95YVBiczMwNWVuSGtEUnMyQ2tpTU5jLVNzZkFHVGRFaWJvUm04X3RUaHdHM29wT0tocFFvRVRadmsxRnF6U1hVRHRnTS1kcnNESnEtV1VCVW1JU0pocEo4SnhuMm8zaFExb0tRTTdoSm5NZjl3T2lhUHdTWTZ5TzZPa3BTZ2tlTUNSRXBR?oc=5\" target=\"_blank\" rel=\"nofollow noopener\">Djokovic se estrena el d\u00eda que tambi\u00e9n lo hacen M\u00e9rida y Landaluce<\/a>&nbsp;&nbsp;ATP Tour<\/li>\n<li><a href=\"https:\/\/news.google.com\/rss\/articles\/CBMi7wFBVV95cUxNa2VKcFhienpxUUhHT2psMDNURXp6bFpBbTA4UnI2NUM0ODVHU253TjZ6b3E4bmgtUHJ4OWlkVEYwbEhEZG1XekJxeGhzXzRKSml1RlM5bTNKcUdWbkF6UU9MaElHajBBYTl0dERVTDY0cDdQYjEwVkZVRklXeUZFTTYwUjVLS2l1ek54akROT1hsdUFzR2stVlZpbHVYNnFLMVBKT3RYTUJnNGgxQThJNlV4azRhQ05kR0VVV3BBTkVDdjVMNDRzeEw1QjRuS0lZQmJlQzYwN2ZRS2J2WU10YWV0bjRDR211cEZtNGhXd9IBgwJBVV95cUxPSk1nNE1NNGFnUTg4UzJKMzFRa1Y1Q3pBTDZnMnFaYlFCY25qVHJjNkVxUUFmNGRtZ09YZG5YQWNVb2ljS1dNdmNONWVkSXNsVEFwd29GUjdJQmNtaHhiY1duSUVBWTZvSC1BMXBidTVjZ25NOGo4QkdzLUtzaG9IOURaS1FvX1NLUGJQM2JwUjVQckpmTGRVMFhIR2FqSXdMVmwtQ3JSb1kzZTRJb0VzVDQzN0FfbGRjSWNGQkFYQ1YxWFpfVE5JcDFmSThoV3lfdWhIR25nVjdYMjFjVnJYTWVaNlNJRnd0QThtckhrRnJhQjJWQmNSZFE1N1J2eGRBZXVz?oc=5\" target=\"_blank\" rel=\"nofollow noopener\">Dos semanas de tenis de madrugada: el US Open arranca el domingo y Nueva York vuelve a jugar hasta que amanece<\/a>&nbsp;&nbsp;La Raz\u00f3n<\/li>\n<li><a href=\"https:\/\/news.google.com\/rss\/articles\/CBMiqgFBVV95cUxNNElmTUQ2dzVaTk8zeUhEa3FpT2x3bGhxMnRyczV2d3RMcC0yQnpXb3F5M2sxSVIxQzQzNG5aWnZwWlNaaTdTVk11bHJEWUpUTjRkLXcyUEpDdEFNazZiTVlLSnFPb0lFTUVtZ09sMFRlc3hCVWlnQ2ZSNnJ4MjBhdTkycUIxRDdfVFFRbUxLNkxYWHg3R3M5WWFYVnRXUGNZdGRWaEYxd20xd9IBqgFBVV95cUxPYktyU0J4UHhTd1dKM1lEQ19YZXZFbGhEMXBzUnFxbEdhX1BlT2xSZnRLbkt3ckJVMm94bjVCSGs5RzZJdjBseXliRUxIX0ZFSFplSm4wYk5EZGV6aE5wUkxKbGRoUU9IUTMzVy1QWGxaWk1LLXd2dERxd1Y1QmlVaklITEZLQTZwVEdlZVU1Y09GeXFaRDNHbG1LWlU3akp1OEdKdG80NU5wZw?oc=5\" target=\"_blank\" rel=\"nofollow noopener\">M\u00e9rida, Munar, Landaluce y Carre\u00f1o, en la primera jornada del US Open<\/a>&nbsp;&nbsp;MARCA<\/li>\n<li><a href=\"https:\/\/news.google.com\/rss\/articles\/CBMi5wFBVV95cUxPb0JOWTRPUlk1YVpjNDZuS01XUEtvZm9qejJVbl8wNzZJczRhYlczQktxVXlxd3BweEFEMHRVTjEycG5zTHFrczFwa3cxOUJyN21YRFg4LVBFSE80MGhtSm4zM0ZfeUMtWkNWLWNOT0gxVXdRYVdac01adk1BemtqdVZkUFdqNnRITFNpakVDRm1pcm9OLVpOQ0s5ZUhZajF2Snpud2o4MUVaM1ItbVBpYzlORmRoMVRYdFhwaFVCdXQycm5HUTF0SWcyTXNuY211R1M5MWhvZVpBQUQzb29jQ0dJT3FxRlE?oc=5\" target=\"_blank\" rel=\"nofollow noopener\">Orden de juego (D\u00eda 2): Llega el esperado regreso de Alcaraz tras cinco meses de ausencia<\/a>&nbsp;&nbsp;Eurosport<\/li>\n<\/ol>\n","protected":false},"excerpt":{"rendered":"US Open 2026 en directo: Sigue la jornada de hoy con Djokovic, Pegula y los espa\u00f1oles&nbsp;&nbsp;SPORT Djokovic se&hellip;\n","protected":false},"author":2,"featured_media":739173,"comment_status":"","ping_status":"","sticky":false,"template":"","format":"standard","meta":{"footnotes":""},"categories":[274],"tags":[3076,168,2125,25,24,5829,1262,23,167,327,326,1559,541],"class_list":["post-739172","post","type-post","status-publish","format-standard","has-post-thumbnail","category-tenis","tag-3076","tag-deportes","tag-directo","tag-es","tag-espana","tag-open","tag-sigue","tag-spain","tag-sports","tag-tenis","tag-tennis","tag-us","tag-us-open"],"share_on_mastodon":{"url":"https:\/\/pubeurope.com\/@es\/117186433231264862","error":""},"_links":{"self":[{"href":"https:\/\/www.europesays.com\/es\/wp-json\/wp\/v2\/posts\/739172","targetHints":{"allow":["GET"]}}],"collection":[{"href":"https:\/\/www.europesays.com\/es\/wp-json\/wp\/v2\/posts"}],"about":[{"href":"https:\/\/www.europesays.com\/es\/wp-json\/wp\/v2\/types\/post"}],"author":[{"embeddable":true,"href":"https:\/\/www.europesays.com\/es\/wp-json\/wp\/v2\/users\/2"}],"replies":[{"embeddable":true,"href":"https:\/\/www.europesays.com\/es\/wp-json\/wp\/v2\/comments?post=739172"}],"version-history":[{"count":0,"href":"https:\/\/www.europesays.com\/es\/wp-json\/wp\/v2\/posts\/739172\/revisions"}],"wp:featuredmedia":[{"embeddable":true,"href":"https:\/\/www.europesays.com\/es\/wp-json\/wp\/v2\/media\/739173"}],"wp:attachment":[{"href":"https:\/\/www.europesays.com\/es\/wp-json\/wp\/v2\/media?parent=739172"}],"wp:term":[{"taxonomy":"category","embeddable":true,"href":"https:\/\/www.europesays.com\/es\/wp-json\/wp\/v2\/categories?post=739172"},{"taxonomy":"post_tag","embeddable":true,"href":"https:\/\/www.europesays.com\/es\/wp-json\/wp\/v2\/tags?post=739172"}],"curies":[{"name":"wp","href":"https:\/\/api.w.org\/{rel}","templated":true}]}}