{"id":739174,"date":"2026-08-30T20:50:19","date_gmt":"2026-08-30T20:50:19","guid":{"rendered":"https:\/\/www.europesays.com\/es\/739174\/"},"modified":"2026-08-30T20:50:19","modified_gmt":"2026-08-30T20:50:19","slug":"perico-delgado-antes-de-competir-desayunaba-tortilla-carne-pasta-o-arroz-pan-bolleria-y-cafe-con-leche-esto-lo-haces-ahora-y-te-echan","status":"publish","type":"post","link":"https:\/\/www.europesays.com\/es\/739174\/","title":{"rendered":"Perico Delgado: \u00abAntes de competir, desayunaba tortilla, carne, pasta o arroz, pan, boller\u00eda y caf\u00e9 con leche. Esto lo haces ahora y te echan\u00bb"},"content":{"rendered":"<p class=\"ft-text\">La <strong>nutrici\u00f3n deportiva<\/strong> actual se ha convertido en una disciplina casi quir\u00fargica: hidratos medidos, prote\u00ednas calculadas, geles personalizados, recuperaci\u00f3n pautada y men\u00fas dise\u00f1ados al mil\u00edmetro para cada etapa. Pero no siempre fue as\u00ed. En los <strong>a\u00f1os 80<\/strong> y<strong> principios de los 90<\/strong>, el ciclismo se viv\u00eda desde otra l\u00f3gica, m\u00e1s intuitiva y menos cient\u00edfica.<\/p>\n<p class=\"ft-text\"><strong>Perico Delgado<\/strong>, ganador del <strong>Tour de Francia de 1988 y doble vencedor de la Vuelta a Espa\u00f1a<\/strong>, lo ha explicado con una sinceridad que sorprende. En una <a class=\"ft-link ft-link--decoration\" href=\"https:\/\/woman.elperiodico.com\/celebrities\/perico-delgado-desayuno-tortilla-patata-huevos-bistec-mararrones-arroz-133603614\" rel=\"nofollow noopener\" target=\"_blank\">entrevista con Ciclismo al d\u00eda<\/a>, detall\u00f3 qu\u00e9 desayunaba antes de competir: <strong>una tortilla de patata de dos huevos, un bistec grande, un plato de macarrones o arroz, pan tostado, magdalenas y caf\u00e9 con leche<\/strong>. Su conclusi\u00f3n es tan gr\u00e1fica como contundente: \u00abEsto lo haces ahora y te echan\u00bb.<\/p>\n<p class=\"ft-text\">A ojos actuales, aquel men\u00fa parece m\u00e1s propio de una comida de celebraci\u00f3n que de un desayuno previo a una etapa. Sin embargo, en su \u00e9poca la prioridad era llenar el dep\u00f3sito como fuera. Las etapas eran largu\u00edsimas, el desgaste enorme y la cultura nutricional estaba a a\u00f1os luz de la planificaci\u00f3n moderna.<\/p>\n<p>Un ciclismo de otra \u00e9poca<\/p>\n<p class=\"ft-text\"><strong>Delgado <\/strong>siempre ha defendido que como ciclista \u00ab<strong>nunca pas\u00f3 hambre<\/strong>\u00ab, y su desayuno lo confirma. Hoy, en cambio, los corredores comen mucho, pero comen distinto: cantidades controladas, digestiones estudiadas, timing preciso, tolerancia individual y necesidades espec\u00edficas para cada perfil de ciclista.<\/p>\n<p class=\"ft-text\">En declaraciones recogidas por La Raz\u00f3n, Perico reflexionaba sobre esta transformaci\u00f3n. Para \u00e9l, el ciclismo actual est\u00e1 mejor preparado, pero ha perdido parte de aquella espontaneidad que defin\u00eda a su generaci\u00f3n: \u00ab<strong>Mi ciclismo era m\u00e1s divertido<\/strong>\u00ab.<\/p>\n<p><img decoding=\"async\" src=\"https:\/\/www.europesays.com\/es\/wp-content\/uploads\/2026\/08\/1788123018_818_c0b684e9-ea5a-409f-8115-c8875e8a0dcc_alta-libre-aspect-ratio_default_0.jpg\" width=\"1200\" height=\"675\" alt=\"Perico Delgado, exciclista y comentarista de TVE\" class=\"ft-helper-img-rd\" loading=\"lazy\" fetchpriority=\"auto\"\/><\/p>\n<p class=\"ft-helper-fontColor-quaternary ft-helper-fontSize-body-S ft-helper-spacer-t-xxs\">Perico Delgado, exciclista y comentarista de TVE  \/ EFE<\/p>\n<p class=\"ft-text\">Pedro Delgado fue uno de los grandes referentes del ciclismo espa\u00f1ol. Su triunfo en el Tour de 1988 lo convirti\u00f3 en \u00eddolo nacional y sus dos Vueltas consolidaron una carrera marcada por el talento, la valent\u00eda y un punto imprevisible que lo hac\u00eda \u00fanico. Tras retirarse en 1994, encontr\u00f3 una segunda vida profesional como comentarista en RTVE, acercando el ciclismo a nuevas generaciones junto a Carlos de Andr\u00e9s.<\/p>\n<p>Indur\u00e1in y el choque de dos mundos<\/p>\n<p class=\"ft-text\">Una de las an\u00e9cdotas que mejor explica el cambio de paradigma tiene como protagonista a Miguel Indur\u00e1in. Seg\u00fan recogi\u00f3 El Espa\u00f1ol, Perico recordaba c\u00f3mo, despu\u00e9s de una etapa, \u00e9l pod\u00eda disfrutar de un bocadillo, una cerveza, pastas Reglero o mantecados. Indur\u00e1in, en cambio, ten\u00eda que conformarse con un zumo de naranja\u2026 y lo pasaba fatal.<\/p>\n<p class=\"ft-text\">La escena simbolizaba el choque entre dos formas de entender el deporte: la intuici\u00f3n frente a la profesionalizaci\u00f3n. Indur\u00e1in representaba la nueva era: m\u00e1s control, m\u00e1s m\u00e9todo, m\u00e1s preparaci\u00f3n espec\u00edfica. Perico pertenec\u00eda a una generaci\u00f3n que a\u00fan conservaba algo de aventura.<\/p>\n<p><img decoding=\"async\" src=\"https:\/\/www.europesays.com\/es\/wp-content\/uploads\/2026\/08\/e6e40087-8a30-4d6d-9b9f-784ffa875f6c_alta-libre-aspect-ratio_default_0.jpg\" width=\"1200\" height=\"1774\" alt=\"Perico Delgado hizo historia ganando el Tour de 1988\" class=\"ft-helper-img-rd\" loading=\"lazy\" fetchpriority=\"auto\"\/><\/p>\n<p class=\"ft-helper-fontColor-quaternary ft-helper-fontSize-body-S ft-helper-spacer-t-xxs\">Perico Delgado hizo historia ganando el Tour de 1988  \/ Archivo<\/p>\n<p>El combustible de una generaci\u00f3n<\/p>\n<p class=\"ft-text\">El desayuno de Perico tambi\u00e9n revela c\u00f3mo se entend\u00eda el esfuerzo. En una etapa ciclista, el cuerpo necesita energ\u00eda constante. Los hidratos son esenciales, pero hoy se buscan f\u00f3rmulas m\u00e1s digestivas y pautadas. En su \u00e9poca, la l\u00f3gica era directa: <strong>comer mucho para aguantar mucho<\/strong>.<\/p>\n<p class=\"ft-text\">La <strong>tortilla y el bistec<\/strong> aportaban <strong>prote\u00edna y grasa<\/strong>; los<strong> macarrones o el arroz<\/strong>, <strong>hidratos<\/strong>; el <strong>pan tostado, las magdalenas y el caf\u00e9 con leche<\/strong> completaban un men\u00fa contundente. No era ligero ni f\u00e1cil de digerir, pero era el combustible de una generaci\u00f3n que afrontaba etapas dur\u00edsimas con los recursos y el conocimiento de su tiempo.<\/p>\n","protected":false},"excerpt":{"rendered":"La nutrici\u00f3n deportiva actual se ha convertido en una disciplina casi quir\u00fargica: hidratos medidos, prote\u00ednas calculadas, geles personalizados,&hellip;\n","protected":false},"author":2,"featured_media":739175,"comment_status":"","ping_status":"","sticky":false,"template":"","format":"standard","meta":{"footnotes":""},"categories":[273],"tags":[313,12042,312,12919,168,25,24,256,2313,368,37937,40087,23,167],"class_list":["post-739174","post","type-post","status-publish","format-standard","has-post-thumbnail","category-ciclismo","tag-ciclismo","tag-competir","tag-cycling","tag-delgado","tag-deportes","tag-es","tag-espana","tag-famosos","tag-fuera-de-juego","tag-leyenda","tag-perico","tag-perico-delgado","tag-spain","tag-sports"],"share_on_mastodon":{"url":"","error":""},"_links":{"self":[{"href":"https:\/\/www.europesays.com\/es\/wp-json\/wp\/v2\/posts\/739174","targetHints":{"allow":["GET"]}}],"collection":[{"href":"https:\/\/www.europesays.com\/es\/wp-json\/wp\/v2\/posts"}],"about":[{"href":"https:\/\/www.europesays.com\/es\/wp-json\/wp\/v2\/types\/post"}],"author":[{"embeddable":true,"href":"https:\/\/www.europesays.com\/es\/wp-json\/wp\/v2\/users\/2"}],"replies":[{"embeddable":true,"href":"https:\/\/www.europesays.com\/es\/wp-json\/wp\/v2\/comments?post=739174"}],"version-history":[{"count":0,"href":"https:\/\/www.europesays.com\/es\/wp-json\/wp\/v2\/posts\/739174\/revisions"}],"wp:featuredmedia":[{"embeddable":true,"href":"https:\/\/www.europesays.com\/es\/wp-json\/wp\/v2\/media\/739175"}],"wp:attachment":[{"href":"https:\/\/www.europesays.com\/es\/wp-json\/wp\/v2\/media?parent=739174"}],"wp:term":[{"taxonomy":"category","embeddable":true,"href":"https:\/\/www.europesays.com\/es\/wp-json\/wp\/v2\/categories?post=739174"},{"taxonomy":"post_tag","embeddable":true,"href":"https:\/\/www.europesays.com\/es\/wp-json\/wp\/v2\/tags?post=739174"}],"curies":[{"name":"wp","href":"https:\/\/api.w.org\/{rel}","templated":true}]}}