{"id":739178,"date":"2026-08-30T20:53:10","date_gmt":"2026-08-30T20:53:10","guid":{"rendered":"https:\/\/www.europesays.com\/es\/739178\/"},"modified":"2026-08-30T20:53:10","modified_gmt":"2026-08-30T20:53:10","slug":"partido-nastic-de-tarragona-real-zaragoza-en-directo","status":"publish","type":"post","link":"https:\/\/www.europesays.com\/es\/739178\/","title":{"rendered":"Partido N\u00e1stic de Tarragona-Real Zaragoza, en directo"},"content":{"rendered":"<p><b>Minuto 58 (1-0)<\/b><\/p>\n<p class=\"c-paragraph\">Amarilla para Pau Sans por protestar.\u00a0<\/p>\n<p><b>Minuto 56 (1-0)<\/b><\/p>\n<p class=\"c-paragraph\"><b>Cambios en el Real Zaragoza. <\/b>Primeras sustituciones del encuentro. Vadillo y Pereira entran al terreno de juego. Se retiran Sergio Escudero y Marcos Cuenca.\u00a0<\/p>\n<p>22:4830\/08\/2026<\/p>\n<p>Minuto 55 (1-0)<\/p>\n<p class=\"c-paragraph\"><b>\u00a1\u00a1Lo intent\u00f3 Pau Sans!! <\/b>El delantero del Real Zaragoza se intern\u00f3 en el \u00e1rea y dispar\u00f3 raso, con mucha potencia, aunque el bal\u00f3n se march\u00f3 fuera la izquierda de la porter\u00eda de Ayesa.\u00a0<\/p>\n<p>22:4330\/08\/2026<\/p>\n<p><b>Minuto 50 (1-0)<\/b><\/p>\n<p class=\"c-paragraph\"><b>\u00a1\u00a1\u00a1Cuenca dispara fuera!!!<\/b> Otra gran jugada colectiva de los visitantes. Sin embargo, Cuenca lanz\u00f3 alto desde la frontal del \u00e1rea tras un buen env\u00edo de Pau Sans. Sigue mereciendo el gol el cuadro zaragocista.\u00a0<\/p>\n<p>22:3930\/08\/2026<\/p>\n<p><b>Minuto 48 (1-0)<\/b><\/p>\n<p class=\"c-paragraph\"><b>\u00a1\u00a1Ocasi\u00f3n para Joaqu\u00edn!!<\/b> El delantero del Real Zaragoza remat\u00f3 de cabeza en el \u00e1rea peque\u00f1a, pero el bal\u00f3n se march\u00f3 alto.\u00a0<\/p>\n<p>22:3830\/08\/2026<\/p>\n<p><b>Minuto 46 (1-0)<\/b><\/p>\n<p class=\"c-paragraph\"><b>\u00a1Casi marca el N\u00e1stic!<\/b> Tuvo un disparo muy claro Eugeni, dentro del \u00e1rea, pero tpon\u00f3 Tachi; y el rechace fue a las botas de Bakis, cuyo lanzamiento raso fue deternido por Westerveld.\u00a0<\/p>\n<p>22:3630\/08\/2026<\/p>\n<p class=\"c-paragraph\">\u00a1Comienza la segunda mitad!!<\/p>\n<p>22:2830\/08\/2026<\/p>\n<p class=\"c-paragraph\">La posesi\u00f3n de bal\u00f3n ha sido del Real Zaragoza (80 %) en los primeros 45 minutos.<\/p>\n<p>22:2330\/08\/2026<\/p>\n<p class=\"c-paragraph\">Hasta 18 disparos contabiliza el cuadro aragon\u00e9s en este primer tiempo.\u00a0<\/p>\n<p>22:2130\/08\/2026<\/p>\n<p><b>Descanso (1-0)<\/b><\/p>\n<p class=\"c-paragraph\"><b>Final del primer tiempo.<\/b> Mereci\u00f3 el gol el Real Zaragoza, pero pierde al descanso tras haber encajado un gol, obra de Bakis, en la primera llegada del N\u00e1stic de Tarragona.\u00a0<\/p>\n<p>22:2030\/08\/2026<\/p>\n<p><b>Minuto 45+2 (1-0)<\/b><\/p>\n<p class=\"c-paragraph\"><b>\u00a1\u00a1Qu\u00e9 parad\u00f3n de Ayesa!! <\/b>El guardameta del N\u00e1stic desvi\u00f3 con el brazo un potent\u00edsimo lanzamiento de Lucas Terrer.\u00a0<\/p>\n<p>22:1730\/08\/2026<\/p>\n<p class=\"c-paragraph\">Tres minutos de prolongaci\u00f3n.\u00a0<\/p>\n<p><b>Minuto 45 (1-0)<\/b><\/p>\n<p class=\"c-paragraph\">Nueva cartulina amarilla. Ahora<b> es amonestado Sergio Escudero<\/b> por frenar un contragolpe.\u00a0<\/p>\n<p><b>Minuto 43 (1-0)<\/b><\/p>\n<p class=\"c-paragraph\">Ve la amarilla <b>Eugeni <\/b>por una falta sobre Marcos Cuenca.\u00a0<\/p>\n<p><b>Minuto 42 (1-0)<\/b><\/p>\n<p class=\"c-paragraph\">Tarjeta amarilla para <b>Barrachina <\/b>por frenar un contragolpe. Segunda cartulina para el Real Zaragoza.\u00a0<\/p>\n<p>22:1030\/08\/2026<\/p>\n<p><b>Minuto 38 (1-0)<\/b><\/p>\n<p class=\"c-paragraph\">Lo intent\u00f3 de volea Jard\u00ed, pero golpe\u00f3 muy mal con la zurda y el bal\u00f3n se march\u00f3 muy desviado.\u00a0<\/p>\n<p>22:0930\/08\/2026<\/p>\n<p><b>Minuto 35 (1-0)<\/b><\/p>\n<p class=\"c-paragraph\"><b>\u00a1\u00a1Parad\u00f3n de Westerveld!!<\/b> A punto de marcar Bakis el segundo tanto, con un potente disparo raso. Respondi\u00f3 el portero del Real Zaragoza con una gran intervenci\u00f3n.\u00a0<\/p>\n<p>22:0730\/08\/2026<\/p>\n<p><b>Minuto 33 (1-0)<\/b><\/p>\n<p class=\"c-paragraph\">\u00a1\u00a1Y ahora Lucas Terrer!! Sin embargo, el zurdazo del canterano se march\u00f3 desviado a la izquierda de la porter\u00eda de Ayesa.\u00a0\u00a0<\/p>\n<p>22:0630\/08\/2026<\/p>\n<p><b>Minuto 32 (1-0)<\/b><\/p>\n<p class=\"c-paragraph\">Vuelve a crear peligro el conjunto aragon\u00e9s. Dispar\u00f3 <b>Gabilondo<\/b> desde la derecha, aunque no tuvo precisi\u00f3n y el bal\u00f3n se march\u00f3 fuera.\u00a0\u00a0<\/p>\n<p>22:0230\/08\/2026<\/p>\n<p class=\"c-paragraph\">Pausa para la hidrataci\u00f3n.\u00a0<\/p>\n<p><b>Minuto 27 (1-0)<\/b><\/p>\n<p class=\"c-paragraph\">Primera tarjeta del partido. Cartulina amarilla a <b>Lucas Terrer<\/b> por una dura entrada a Meshak.\u00a0<\/p>\n<p>21:5630\/08\/2026<\/p>\n<p><\/p>\n<p class=\"c-paragraph\">As\u00ed ha sido el gol de Bakis.\u00a0<\/p>\n<p>21:5430\/08\/2026<\/p>\n<p><\/p>\n<p class=\"c-paragraph\">El once del Real Zaragoza en Tarragona.\u00a0<\/p>\n<p>21:5130\/08\/2026<\/p>\n<p><b>Minuto 18 (1-0)<\/b><\/p>\n<p class=\"c-paragraph\">Dispar\u00f3 ahora Jard\u00ed desde lejos; detuvo Ayesa sin excesivos problemas.\u00a0<\/p>\n<p>21:4930\/08\/2026<\/p>\n<p><b>Minuto 15 (1-0)<\/b><\/p>\n<p class=\"c-paragraph\"><b>\u00a1\u00a1\u00a1Lo intent\u00f3 de nuevo Pau Sans!!<\/b> El delantero golpe\u00f3 mal, en una situaci\u00f3n muy favorable, y le dio tiempo a Jos\u00e9 Amo a despejar el bal\u00f3n.\u00a0\u00a0<\/p>\n<p>21:4630\/08\/2026<\/p>\n<p><b>Minuto 13 (1-0)<\/b><\/p>\n<p class=\"c-paragraph\">\u00a1\u00a1Otra ocasi\u00f3n para el Real Zaragoza!! <b>\u00a1\u00a1La tuvo Pau Sans!!<\/b> El delantero blanquillo dispar\u00f3 con precisi\u00f3n, pero respondi\u00f3 el portero local con un gran intervenci\u00f3n. Es la segunda gran parada de Ayesa.\u00a0\u00a0<\/p>\n<p>21:4330\/08\/2026<\/p>\n<p><b>Minuto 11 (1-0)<\/b><\/p>\n<p class=\"c-paragraph\">El Real Zaragoza se ha apoderado del bal\u00f3n. Busca con insistencia el empate y lo est\u00e1 mereciendo.\u00a0<\/p>\n<p>21:4130\/08\/2026<\/p>\n<p><b>Minuto 8 (1-0)<\/b><\/p>\n<p class=\"c-paragraph\"><b>\u00a1\u00a1Otra para Joaqu\u00edn Delgado!!<\/b> El atacante lo intent\u00f3, ahora con la pierna izquierda, pero no tuvo precisi\u00f3n y el remate se march\u00f3 muy alto. Al menos, comineza a crear peligro el cuadro aragon\u00e9s.\u00a0<\/p>\n<p>21:3930\/08\/2026<\/p>\n<p><b>Minuto 7 (1-0)<\/b><\/p>\n<p class=\"c-paragraph\"><b>\u00a1\u00a1Casi marca Joaqu\u00edn!!<\/b> El delantero del Real Zaragoza dispar\u00f3 desde la frontal del \u00e1rea, con mucha potencia, pero el bal\u00f3n fue despejado por el guardameta local.\u00a0<\/p>\n<p>21:3930\/08\/2026<\/p>\n<p><b>Minuto 6 (1-0)<\/b><\/p>\n<p class=\"c-paragraph\">A ver c\u00f3mo reacciona el Real Zaragoza en Tarragona. De momento, el equipo est\u00e1 nervioso, muy inc\u00f3modo sobre el c\u00e9sped del Nou Estadi.\u00a0<\/p>\n<p>21:3730\/08\/2026<\/p>\n<p class=\"c-paragraph\">El N\u00e1stic se adelanta en el marcador en su primera llegada al \u00e1rea zaragocista. El infortunio sigue golpeando al cuadro aragon\u00e9s. Los portagonistas han sido dos exjugadores blanquillos: la asistencia es de Eugeni; el gol, de Bakis.\u00a0\u00a0<\/p>\n<p>Minuto 1 (1-0)<\/p>\n<p class=\"c-paragraph\"><b>\u00a1\u00a1Gol del N\u00e1stic!! <\/b>El Real Zaragoza, v\u00edctima de sus errores defensivos, comineza el choque de la peor forma posible. Para colmo, ha marcado Bakis totalmente solo.\u00a0<\/p>\n<p>21:3330\/08\/2026<\/p>\n<p class=\"c-paragraph\">\u00a1\u00a1Comienza el partido!! El Real Zaragoza se estrena en la Primera RFEF.<\/p>\n<p>21:3030\/08\/2026<\/p>\n<p class=\"c-paragraph\">En el extremo izquierdo se hab\u00eda incorporado Emil Hansson (Excelsior), pero al final <b>rescindi\u00f3 su contrato con los aragoneses<\/b> por motivos personales.<\/p>\n<p>21:2930\/08\/2026<\/p>\n<p class=\"c-paragraph\">En el centro del campo, <b>el apuntalamiento ha sido significativo. <\/b>Se ha fichado a Peter Ademo (Sheriff), Ander Herrera (Boca Juniors) y Rub\u00e9n D\u00edaz (Ceuta). En los extremos han sido contratados Jaume Jard\u00ed (N\u00e1stic) y Ure\u00f1a (Bar\u00e7a Athletic).\u00a0Edu Espiau (Arka Gdynia) y Joaqu\u00edn Delgado (Oviedo) son las caras nuevas en la delantera, donde regresa Pau Sans tras su pr\u00e9stamo al KS Cracovia.<\/p>\n<p>21:2730\/08\/2026<\/p>\n<p>Los fichajes<\/p>\n<p class=\"c-paragraph\">El Real Zaragoza<b> ha cambiado much\u00edsimo su aspecto. <\/b>En la porter\u00eda, han llegado Anartz Pe\u00f1a (Arenas) y Sem Westerveld (AZ). Como lateral derecho, se ha incorporado a Jokin Gabilondo (M\u00e1laga), y como laterales izquierdos a Sergio Escudero (Deportivo) y Ra\u00fal Pereira (C\u00e1diz). Los centrales firmados son Diego Gonz\u00e1lez (Ceuta) y Rub\u00e9n Iranzo (Valencia).<\/p>\n<p>21:2530\/08\/2026<\/p>\n<p class=\"c-paragraph\">Un d\u00eda m\u00e1s tarde, <b>el Real Zaragoza dobl\u00f3 la rodilla en Soria,<\/b> en el estadio de Los Pajaritos, frente al Numancia (2-1). Jamelli fue el autor de la diana blanquilla en un partido en el que se estren\u00f3 con el primer equipo el central juvenil Berdejo (16 a\u00f1os).<\/p>\n<p>21:2330\/08\/2026<\/p>\n<p class=\"c-paragraph\">El pasado 21 de agosto, contra el Bilbao Athletic, el cuadro aragon\u00e9s<b> obtuvo el triunfo por 3-1,<\/b> con los goles de Pau Sans, el debutante Joaqu\u00edn Delgado y Emil Hansson.<\/p>\n<p>21:2130\/08\/2026<\/p>\n<p class=\"c-paragraph\">Westerveld, el favorito para la porter\u00eda.\u00a0<\/p>\n<p>21:2030\/08\/2026<\/p>\n<p class=\"c-paragraph\">Asimismo, el equipo de Ibai G\u00f3mez<b> tumb\u00f3 al Villarreal B (0-2),<\/b> en la Ciudad Deportiva de los levantinos, con los tantos de Pau Sans y de Marcos Cuenca.<\/p>\n<p>21:1830\/08\/2026<\/p>\n<p class=\"c-paragraph\">Adem\u00e1s, el conjunto zaragocista <b>venci\u00f3 a domicilio a la UD Logro\u00f1\u00e9s (1-2),<\/b> por la m\u00ednima, con goles de Vadillo, en la primera mitad, y de Tobajas, en la segunda.<\/p>\n<p>21:1530\/08\/2026<\/p>\n<p class=\"c-paragraph\">El filial donostiarra tom\u00f3 ventaja al filo del cuarto de hora, por mediaci\u00f3n de Astiazar\u00e1n, pero el equipo aragon\u00e9s <b>remont\u00f3 el partido <\/b>con los tantos de Jard\u00ed y Peter Ademo.<\/p>\n<p>21:1430\/08\/2026<\/p>\n<p class=\"c-paragraph\">El 8 de agosto, el Real Zaragoza <b>venci\u00f3 a la Real Sociedad B, <\/b>conjunto de Segunda Divisi\u00f3n, tras protagonizar un gran segundo periodo (2-1). Fue en una nueva edici\u00f3n del Trofeo Ciudad de Zaragoza-Memorial Carlos Lapetra.<\/p>\n<p>21:1230\/08\/2026<\/p>\n<p class=\"c-paragraph\">Despu\u00e9s, la escuadra blanquilla perdi\u00f3 por la m\u00ednima en la Ciudad Deportiva, <b>contra el Andorra (0-1),<\/b> con una diana de Sibid\u00e9 a los 77 minutos de juego.<\/p>\n<p>21:0930\/08\/2026<\/p>\n<p class=\"c-paragraph\">En su tercer amistoso,<b> el Real Zaragoza cay\u00f3 ante el Barbastro, en la Ciudad Deportiva (1-2). <\/b>El equipo de Ibai G\u00f3mez se adelant\u00f3 en el marcador con un gol de Pau Sans, al cuarto de hora de partido, pero los visitantes remontaron con un tanto de Iker Gil al filo del descanso y con otro de Asier Angel en el tramo final.<\/p>\n<p>21:0630\/08\/2026<\/p>\n<p class=\"c-paragraph\">El preparador zaragocista, en el Nou Estadi.\u00a0<\/p>\n<p>21:0330\/08\/2026<\/p>\n<p class=\"c-paragraph\">Posteriormente, el cuadro zaragocista <b>bati\u00f3 al Utebo con los tantos de Pinilla y Cuenca (0-2),<\/b> en un duelo celebrado en el Municipal de Villaboya, en Bolta\u00f1a (Huesca).<\/p>\n<p>21:0030\/08\/2026<\/p>\n<p class=\"c-paragraph\">En su primer choque de preparaci\u00f3n, el equipo de Ibai G\u00f3mez <b>super\u00f3 a su filial, el Deportivo Arag\u00f3n, por 4-1,<\/b> con goles de Berdejo, en propia puerta, y de Rub\u00e9n D\u00edez \u2018Jamelli\u2019, Kahl, Cuenca y Enzo Cuartero.<\/p>\n<p>20:5530\/08\/2026<\/p>\n<p class=\"c-paragraph\">Los seguidores del Real Zaragoza se dejan notar.\u00a0<\/p>\n<p>20:5230\/08\/2026<\/p>\n<p>El \u00e1rbitro<\/p>\n<p class=\"c-paragraph\">Arbitrar\u00e1 el colegiado murciano <b>Campos Salinas. <\/b>La noche es agradable, con calor y humedad y 27 grados. El c\u00e9sped presenta un buen estado.<\/p>\n<p>20:4830\/08\/2026<\/p>\n<p>El once del N\u00e1stic<\/p>\n<p class=\"c-paragraph\">Por parte del N\u00e1stic de Tarragona, su entrenador, Xisco Campos, ha optado de inicio por Ayesa; Jos\u00e9 David, Van Rijn, Jos\u00e9 Amo, Royo, Menshak; Eugeni, Montalvo; Shin, Prohens; y Bakis.<\/p>\n<p>20:4430\/08\/2026<\/p>\n<p class=\"c-paragraph\">En el Real Zaragoza,\u00a0<b>la \u00fanica baja es el defensa central Diego Gonz\u00e1lez<\/b>, uno de los fichajes del verano, que convalece de una conmoci\u00f3n cerebral sufrida hace ocho d\u00edas en el amistoso frente al Bilbao Athletic.<\/p>\n<p>20:4030\/08\/2026<\/p>\n<p class=\"c-paragraph\">Los jugadores, en el Nou Estadi.\u00a0<\/p>\n<p>20:3530\/08\/2026<\/p>\n<p>Los suplentes<\/p>\n<p class=\"c-paragraph\">En el <b>banquillo<\/b> estar\u00e1n Anartz Pe\u00f1a, Iranzo, Pereira, Saidu, Rub\u00e9n D\u00edez, Ademo, Monz\u00f3n, Vadillo, Ure\u00f1a, Tobajas, Pinilla, y Edu Espiau.<\/p>\n<p>20:3230\/08\/2026<\/p>\n<p>El once del Real Zaragoza<\/p>\n<p class=\"c-paragraph\">\u00a1\u00a1Ya tenemos alineaciones!!! El Real Zaragoza partir\u00e1 de inicio con Westerveld; Gabilondo, Tachi, Barrachina, Escudero; Ander Herrera, Lucas Terrer; Jaume Jard\u00ed, Pau Sans, Cuenca; y Joaqu\u00edn Delgado.\u00a0<\/p>\n<p>20:1730\/08\/2026<\/p>\n<p class=\"c-paragraph\">La afici\u00f3n del Real Zaragoza nunca falla. El equipo tampoco estar\u00e1 solo en Tarragona.\u00a0<\/p>\n<p>20:1230\/08\/2026<\/p>\n<p class=\"c-paragraph\">El conjunto aragon\u00e9s se presenta a la cita tras haber disputado nueve encuentros amistosos durante la pretemporada.<\/p>\n<p>20:0630\/08\/2026<\/p>\n<p class=\"c-paragraph\">\u00a1\u00a1Buenas tardes!! \u00a1\u00a1Comienza la competici\u00f3n oficial!! Bienvenidos al <b>partido que enfrenta al N\u00e1stic con el Real Zaragoza, <\/b>correspondiente a la primera jornada de la Primera RFEF, que se disputar\u00e1 a partir de las 21.30 en el Nou Estadi.<\/p>\n","protected":false},"excerpt":{"rendered":"Minuto 58 (1-0) Amarilla para Pau Sans por protestar.\u00a0 Minuto 56 (1-0) Cambios en el Real Zaragoza. Primeras&hellip;\n","protected":false},"author":2,"featured_media":739179,"comment_status":"","ping_status":"","sticky":false,"template":"","format":"standard","meta":{"footnotes":""},"categories":[268],"tags":[168,25,24,280,282,20331,1045,798,281,23,167,1665,491],"class_list":["post-739178","post","type-post","status-publish","format-standard","has-post-thumbnail","category-futbol","tag-deportes","tag-es","tag-espana","tag-football","tag-futbol","tag-nastic","tag-partido","tag-real","tag-soccer","tag-spain","tag-sports","tag-tarragona","tag-zaragoza"],"share_on_mastodon":{"url":"https:\/\/pubeurope.com\/@es\/117186449109245541","error":""},"_links":{"self":[{"href":"https:\/\/www.europesays.com\/es\/wp-json\/wp\/v2\/posts\/739178","targetHints":{"allow":["GET"]}}],"collection":[{"href":"https:\/\/www.europesays.com\/es\/wp-json\/wp\/v2\/posts"}],"about":[{"href":"https:\/\/www.europesays.com\/es\/wp-json\/wp\/v2\/types\/post"}],"author":[{"embeddable":true,"href":"https:\/\/www.europesays.com\/es\/wp-json\/wp\/v2\/users\/2"}],"replies":[{"embeddable":true,"href":"https:\/\/www.europesays.com\/es\/wp-json\/wp\/v2\/comments?post=739178"}],"version-history":[{"count":0,"href":"https:\/\/www.europesays.com\/es\/wp-json\/wp\/v2\/posts\/739178\/revisions"}],"wp:featuredmedia":[{"embeddable":true,"href":"https:\/\/www.europesays.com\/es\/wp-json\/wp\/v2\/media\/739179"}],"wp:attachment":[{"href":"https:\/\/www.europesays.com\/es\/wp-json\/wp\/v2\/media?parent=739178"}],"wp:term":[{"taxonomy":"category","embeddable":true,"href":"https:\/\/www.europesays.com\/es\/wp-json\/wp\/v2\/categories?post=739178"},{"taxonomy":"post_tag","embeddable":true,"href":"https:\/\/www.europesays.com\/es\/wp-json\/wp\/v2\/tags?post=739178"}],"curies":[{"name":"wp","href":"https:\/\/api.w.org\/{rel}","templated":true}]}}