{"id":739182,"date":"2026-08-30T20:55:43","date_gmt":"2026-08-30T20:55:43","guid":{"rendered":"https:\/\/www.europesays.com\/es\/739182\/"},"modified":"2026-08-30T20:55:43","modified_gmt":"2026-08-30T20:55:43","slug":"bebe-de-menos-de-un-ano-que-rompio-record-guinness-con-sus-obras-de-arte-expondra-en-una-galeria-de-malmo-suecia","status":"publish","type":"post","link":"https:\/\/www.europesays.com\/es\/739182\/","title":{"rendered":"Beb\u00e9 de menos de un a\u00f1o que rompi\u00f3 r\u00e9cord Guinness con sus obras de arte: expondr\u00e1 en una galer\u00eda de Malm\u00f6, Suecia"},"content":{"rendered":"<p>Beb\u00e9 de menos de un a\u00f1o que rompi\u00f3 r\u00e9cord Guinness con sus obras de arte: expondr\u00e1 en una galer\u00eda de Malm\u00f6, Suecia<\/p>\n<p class=\"c-alerta__item\">\n<p>          \u00a1Hola !, Tu correo ha sido verficado. Ahora puedes elegir los <a href=\"https:\/\/www.eltiempo.com\/zona-usuario\/boletines\" rel=\"nofollow noopener\" target=\"_blank\">Boletines<\/a> que quieras recibir con la mejor informaci\u00f3n.<\/p>\n<p>        Cerrar<\/p>\n<p class=\"c-alerta__item\">\n<p>        Bienvenido , has creado tu cuenta en EL TIEMPO. Conoce y personaliza tu <a href=\"https:\/\/www.eltiempo.com\/zona-usuario\/configurar-mis-datos\" rel=\"nofollow noopener\" target=\"_blank\">perfil<\/a>.<\/p>\n<p>      Cerrar<\/p>\n<p class=\"c-alerta__item\" id=\"user_banner_pending\">\n<p>            Hola {nombre} Verifica tu email {email} para mantener activa tu cuenta y acceder a todos los beneficios.\u00a0<a href=\"https:\/\/www.eltiempo.com\/cultura\/arte-y-teatro\/javascript:void(0)\" id=\"user_verify_email\" rel=\"nofollow noopener\" target=\"_blank\">Verificar correo<\/a><\/p>\n<p class=\"c-alerta__item\" id=\"user_banner_sent\" style=\"display:none;\">\n<p>            Enviamos un mensaje de verificaci\u00f3n a tu correo {email} \u00c1brelo y selecciona el enlace de confirmaci\u00f3n para activar tu cuenta.<\/p>\n<p>        Cerrar<\/p>\n<p>            Cerrar<\/p>\n<p>            <img decoding=\"async\" src=\"https:\/\/www.eltiempo.com\/images\/icon\/alerta-verificacion.svg\" alt=\"icon_alerta_verificacion\"\/><\/p>\n<p>\n                El correo electr\u00f3nico de verificaci\u00f3n se enviar\u00e1 a\n            <\/p>\n<p class=\"c-alerta--modal__email\">\n                clementine@ejemplo.com\n            <\/p>\n<p>\n                Revisa tu bandeja de entrada y si no, en tu carpeta de correo no deseado.\n            <\/p>\n<p>        <a href=\"https:\/\/www.eltiempo.com\/cultura\/arte-y-teatro\/javascript:void(0)\" class=\"c-alerta--modal__btnbox c-alerta--modal__btnbox--primary\" id=\"user_send_email\" rel=\"nofollow noopener\" target=\"_blank\"><br \/>\n            SI, ENVIAR<br \/>\n        <\/a><\/p>\n<p class=\"c-alerta__item\">\n<p>            Ya tienes una cuenta vinculada a EL TIEMPO, por favor inicia sesi\u00f3n con ella y no te pierdas de todos los beneficios que tenemos para t\u00ed. <a href=\"https:\/\/www.eltiempo.com\/login\" rel=\"nofollow noopener\" target=\"_blank\"> Iniciar sesi\u00f3n <\/a><\/p>\n<p>        Cerrar<\/p>\n<p data-id=\"open_chat\">Chat<br \/>\n            <br \/>noti IA\n        <\/p>\n<p>            \u00a1Hazme tu primera pregunta y descubre todo lo que El Tiempo ofrece!<\/p>\n<p>\n    Hazme un resumen de las noticias m\u00e1s relevantes.\n<\/p>\n<p>\n    \u00bfQu\u00e9 est\u00e1 pasando en Colombia?\n<\/p>\n<p>\n    \u00bfQu\u00e9 ocurre en el mundo hoy?\n<\/p>\n<p>\n    \u00bfQu\u00e9 pas\u00f3 en deportes hoy?\n<\/p>\n<p class=\"message_out\">\u00bfQui\u00e9n es James Rodriguez?<\/p>\n<p class=\"message_in\">James Rodr\u00edguez, es un futbolista colombiano que juega como centrocampista en el S\u00e3o Paulo Futebol Clube de la Serie A de Brasil.<\/p>\n<p class=\"title\"> Te recomiendo estos art\u00edculos para ampliar tu b\u00fasqueda.<\/p>\n<p>\n                        Cargar m\u00e1s resultados\n                    <\/p>\n<p>                        \u00a1Hola! Parece que has alcanzado tu l\u00edmite diario de 3 b\u00fasquedas en nuestro chat bot como usuario registrado.<\/p>\n<p>\u00bfQuieres seguir disfrutando de este y otros beneficios exclusivos?\n                        <\/p>\n<p>Adquiere el plan de suscripci\u00f3n que se adapte a tus preferencias y accede a \u00a1contenido ilimitado! No te<br \/>\n                        pierdas la oportunidad de disfrutar todas las funcionalidades que ofrecemos. \ud83c\udf1f\n                    <\/p>\n<p>                    <a href=\"https:\/\/www.eltiempo.com\/suscripcion-digital\" class=\"chat__terminos_button\" rel=\"nofollow noopener\" target=\"_blank\"><br \/>\n                        VER PLANES<br \/>\n                    <\/a><\/p>\n<p>\n                        \u00a1Hola! Haz excedido el m\u00e1ximo de peticiones mensuales.\n                    <\/p>\n<p>                        Estamos resolviendo el problema, int\u00e9ntalo nuevamente m\u00e1s tarde.<\/p>\n<p>\n                        Procesando tu pregunta&#8230; \u00a1Un momento, por favor!\n                    <\/p>\n<p>                                El menor obtuvo el reconocimiento de Guinness World Records en octubre de 2024.<\/p>\n<p class=\"c-articulo-apertura__media__credito\">John Christian Caldeira comenz\u00f3 a pintar a los cinco meses. Foto: Instagram @johncweibull<\/p>\n<p>John Christian Caldeira Weibull fue reconocido por Guinness World Records como el artista m\u00e1s joven del mundo cuando ten\u00eda apenas 10 meses y 7 d\u00edas. <b>El menor comenz\u00f3 a pintar desde sus primeros meses de vida y ahora prepara una exposici\u00f3n internacional en Malm\u00f6, Suecia.<\/b><\/p>\n<p class=\"c-cuerpo__media__txt\">John Christian Caldeira obtuvo un r\u00e9cord Guinness. Foto:Instagram @johncweibull<\/p>\n<p>El reconocimiento fue validado en octubre de 2024, cuando <b>la organizaci\u00f3n internacional determin\u00f3 que el menor cumpl\u00eda con el registro como el artista m\u00e1s joven del mundo. <\/b>Sus padres, quienes documentaron desde temprana edad su acercamiento a diferentes formas de expresi\u00f3n visual, impulsaron el proceso para que el ni\u00f1o fuera considerado para este r\u00e9cord.<\/p>\n<p class=\"c-leatambien__titulo\"> LEA TAMBI\u00c9N <\/p>\n<p><img decoding=\"async\" alt=\"Lucy Bola\u00f1os D\u00edaz.\" width=\"120\" height=\"120\" loading=\"lazy\" src=\"https:\/\/imagenes2.eltiempo.com\/files\/image_120_120\/uploads\/2026\/08\/29\/6a930a0498b0e.jpeg\" data-full-src=\"https:\/\/www.europesays.com\/es\/wp-content\/uploads\/2026\/08\/6a930a0498b0e.jpeg\"\/><\/p>\n<p>Seg\u00fan la informaci\u00f3n difundida sobre el caso, <b>la aproximaci\u00f3n del beb\u00e9 a la creaci\u00f3n visual comenz\u00f3 con una pantalla LED<\/b>, con la que interactuaba moviendo los dedos. Posteriormente, cuando desarroll\u00f3 la capacidad de hacer la llamada pinza, empez\u00f3 a utilizar pinceles y pintura.<\/p>\n<p>Como parte de su desarrollo, el beb\u00e9 comenz\u00f3 haciendo los primeros garabatos. Su madre empez\u00f3 a fotografiar y grabar sus dibujos para documentar c\u00f3mo evolucionaba su acercamiento a la pintura, <b>sin prever que esas primeras creaciones terminar\u00edan vinculadas con un r\u00e9cord internacional.<\/b><\/p>\n<p>El trabajo del menor ser\u00e1 presentado en la exposici\u00f3n\u00a0Art: my first language\u00a0(Arte: mi primer idioma), <b>que se realizar\u00e1 del 20 al 22 de noviembre en MIVA Fine Art Gallery, en Malm\u00f6.<\/b><\/p>\n<p>La muestra reunir\u00e1 los trabajos realizados por el beb\u00e9 y <b>ser\u00e1 una oportunidad para conocer sus primeras experiencias con la pintura<\/b>, luego de que su nombre quedara registrado por Guinness World Records.<\/p>\n<p class=\"c-leatambien__titulo\"> LEA TAMBI\u00c9N <\/p>\n<p><img decoding=\"async\" alt=\"La Orquesta Sinf\u00f3nica Nacional de Colombia celebra 90 a\u00f1os de historia en el Teatro Col\u00f3n.\" width=\"120\" height=\"120\" loading=\"lazy\" src=\"https:\/\/imagenes2.eltiempo.com\/files\/image_120_120\/files\/fp\/uploads\/2026\/08\/19\/6a862a6f9c00c.r_d.1024-683.jpeg\" data-full-src=\"https:\/\/www.europesays.com\/es\/wp-content\/uploads\/2026\/08\/6a862a6f9c00c.jpeg\"\/><\/p>\n<p>El caso ha llamado la atenci\u00f3n por la edad del artista y por el reconocimiento internacional obtenido antes de cumplir un a\u00f1o,\u00a0en un <b>registro que distingue a personas por sus distintas marcas y logros a nivel mundial.<\/b><\/p>\n<p>REDACCI\u00d3N VIDA DE HOY<\/p>\n<p class=\"c-cuerpo__infointernacional\"> Sigue toda la informaci\u00f3n de Cultura en <a href=\"https:\/\/www.facebook.com\/eltiempo\" target=\"_blank\" rel=\"nofollow noopener\">Facebook<\/a> y <a href=\"https:\/\/twitter.com\/eltiempo\" target=\"_blank\" rel=\"nofollow noopener\">Twitter<\/a>, o en nuestra <a href=\"https:\/\/www.eltiempo.com\/zona-usuario\/boletines\" target=\"_blank\" rel=\"nofollow noopener\">newsletter semanal<\/a>. <\/p>\n<p>    <img decoding=\"async\" loading=\"lazy\" alt=\"Alt thumbnail\" width=\"120\" height=\"120\" src=\"https:\/\/imagenes2.eltiempo.com\/files\/image_120_120\/uploads\/2025\/05\/08\/681d5bf2dda81.png\" data-full-src=\"https:\/\/www.europesays.com\/es\/wp-content\/uploads\/2026\/08\/1788123338_757_681d5bf2dda81.png\"\/><\/p>\n<p class=\"c-sugerencia__detalle__txt\">Reg\u00edstrate en nuestros boletines y recibe noticias en tu correo seg\u00fan tus intereses. Mantente informado con lo que realmente te importa.<\/p>\n<p><img decoding=\"async\" loading=\"lazy\" alt=\"Alt thumbnail\" width=\"120\" height=\"120\" src=\"https:\/\/imagenes2.eltiempo.com\/files\/image_120_120\/uploads\/2025\/05\/08\/681d5e242be0f.jpeg\" data-full-src=\"https:\/\/www.europesays.com\/es\/wp-content\/uploads\/2026\/08\/1788123339_366_681d5e242be0f.jpeg\"\/><\/p>\n<p class=\"c-sugerencia__detalle__txt\">S\u00edguenos en GOOGLE NEWS. Mantente siempre actualizado con las \u00faltimas noticias coberturas historias y an\u00e1lisis directamente en Google News.<\/p>\n<p><img decoding=\"async\" loading=\"lazy\" alt=\"Alt thumbnail\" width=\"120\" height=\"120\" src=\"https:\/\/imagenes2.eltiempo.com\/files\/image_120_120\/uploads\/2025\/05\/08\/681d5e80b7a57.jpeg\" data-full-src=\"https:\/\/www.europesays.com\/es\/wp-content\/uploads\/2026\/08\/1788123340_325_681d5e80b7a57.jpeg\"\/><\/p>\n<p class=\"c-sugerencia__detalle__txt\">\u00danete al canal de El Tiempo en WhatsApp para estar al d\u00eda con las noticias m\u00e1s relevantes al momento.<\/p>\n<p><img decoding=\"async\" loading=\"lazy\" alt=\"Alt thumbnail\" width=\"120\" height=\"120\" src=\"https:\/\/imagenes2.eltiempo.com\/files\/image_120_120\/uploads\/2025\/05\/08\/681d5ebb1340c.jpeg\" data-full-src=\"https:\/\/www.europesays.com\/es\/wp-content\/uploads\/2026\/08\/1788123341_184_681d5ebb1340c.jpeg\"\/><\/p>\n<p class=\"c-sugerencia__detalle__txt\">Mantente informado con la app de EL TIEMPO. Recibe las \u00faltimas noticias coberturas historias y an\u00e1lisis directamente en tu dispositivo.<\/p>\n<p><img decoding=\"async\" loading=\"lazy\" alt=\"Alt thumbnail\" width=\"120\" height=\"120\" src=\"https:\/\/imagenes2.eltiempo.com\/files\/image_120_120\/uploads\/2025\/05\/08\/681d5edab947b.png\" data-full-src=\"https:\/\/www.europesays.com\/es\/wp-content\/uploads\/2026\/08\/1788123342_182_681d5edab947b.png\"\/><\/p>\n<p class=\"c-sugerencia__detalle__txt\">Informaci\u00f3n confiable para ti. Suscr\u00edbete a EL TIEMPO y consulta de forma ilimitada nuestros contenidos period\u00edsticos.<\/p>\n<p>                Cerrar<\/p>\n<p>                <img decoding=\"async\" src=\"\" alt=\"\"\/><\/p>\n<p>            <img loading=\"lazy\" decoding=\"async\" class=\"img-tracking\" src=\"https:\/\/www.europesays.com\/es\/wp-content\/uploads\/2026\/08\/article-3582188.gif\" width=\"1\" height=\"1\" alt=\"Imagen de seguimiento\"\/><\/p>\n<p><script async src=\"https:\/\/platform.twitter.com\/widgets.js\" charset=\"utf-8\"><\/script><\/p>\n","protected":false},"excerpt":{"rendered":"Beb\u00e9 de menos de un a\u00f1o que rompi\u00f3 r\u00e9cord Guinness con sus obras de arte: expondr\u00e1 en una&hellip;\n","protected":false},"author":2,"featured_media":739183,"comment_status":"","ping_status":"","sticky":false,"template":"","format":"standard","meta":{"footnotes":""},"categories":[173],"tags":[229,233,231,230,8680,2170,232,234,146,147,25,24,115800,5043,2868,23],"class_list":["post-739182","post","type-post","status-publish","format-standard","has-post-thumbnail","category-arte-y-diseno","tag-arte","tag-arte-y-diseno","tag-arts","tag-arts-and-design","tag-bebe","tag-como","tag-design","tag-diseno","tag-entertainment","tag-entretenimiento","tag-es","tag-espana","tag-guinness","tag-por","tag-reconocido","tag-spain"],"share_on_mastodon":{"url":"https:\/\/pubeurope.com\/@es\/117186457114564488","error":""},"_links":{"self":[{"href":"https:\/\/www.europesays.com\/es\/wp-json\/wp\/v2\/posts\/739182","targetHints":{"allow":["GET"]}}],"collection":[{"href":"https:\/\/www.europesays.com\/es\/wp-json\/wp\/v2\/posts"}],"about":[{"href":"https:\/\/www.europesays.com\/es\/wp-json\/wp\/v2\/types\/post"}],"author":[{"embeddable":true,"href":"https:\/\/www.europesays.com\/es\/wp-json\/wp\/v2\/users\/2"}],"replies":[{"embeddable":true,"href":"https:\/\/www.europesays.com\/es\/wp-json\/wp\/v2\/comments?post=739182"}],"version-history":[{"count":0,"href":"https:\/\/www.europesays.com\/es\/wp-json\/wp\/v2\/posts\/739182\/revisions"}],"wp:featuredmedia":[{"embeddable":true,"href":"https:\/\/www.europesays.com\/es\/wp-json\/wp\/v2\/media\/739183"}],"wp:attachment":[{"href":"https:\/\/www.europesays.com\/es\/wp-json\/wp\/v2\/media?parent=739182"}],"wp:term":[{"taxonomy":"category","embeddable":true,"href":"https:\/\/www.europesays.com\/es\/wp-json\/wp\/v2\/categories?post=739182"},{"taxonomy":"post_tag","embeddable":true,"href":"https:\/\/www.europesays.com\/es\/wp-json\/wp\/v2\/tags?post=739182"}],"curies":[{"name":"wp","href":"https:\/\/api.w.org\/{rel}","templated":true}]}}