{"id":739198,"date":"2026-08-30T21:07:17","date_gmt":"2026-08-30T21:07:17","guid":{"rendered":"https:\/\/www.europesays.com\/es\/739198\/"},"modified":"2026-08-30T21:07:17","modified_gmt":"2026-08-30T21:07:17","slug":"asi-queda-la-clasificacion-general-de-la-vuelta-a-espana-2026-hoy-tras-la-etapa-9","status":"publish","type":"post","link":"https:\/\/www.europesays.com\/es\/739198\/","title":{"rendered":"As\u00ed queda la clasificaci\u00f3n general de la Vuelta a Espa\u00f1a 2026 hoy tras la etapa 9"},"content":{"rendered":"<p class=\"ft-text\"><strong>Enric Mas se apunta la victoria en la novena etapa de la Vuelta a Espa\u00f1a 2026, con inicio en La Vila Joiosa y final en Alto de Aitana<\/strong>, lo que le permite mantener el liderato en la clasificaci\u00f3n general y <a class=\"ft-link ft-link--decoration\" href=\"https:\/\/www.sport.es\/es\/noticias\/ciclismo\/etapa-10-vuelta-espana-2026-perfil-recorrido-horario-133780839\" rel=\"nofollow noopener\" target=\"_blank\">se asegura el maillot rojo hasta el martes<\/a>.<\/p>\n<p class=\"ft-text\">El corredor del Movistar Team fue el primero en coronar el Alto de Aitana <strong>despu\u00e9s imponerse en un pulso trepidante ante Oscar Onley, el \u00fanico que consigui\u00f3 mantenerle el ritmo en los kil\u00f3metros finales.<\/strong><\/p>\n<p class=\"ft-text\">La primera victoria de Enric Mas en la presente edici\u00f3n de La Vuelta le permite afianzar su &#8216;status&#8217; como l\u00edder de la general. <strong>El jefe de filas del Movistar Team acudir\u00e1 a la jornada de descanso encabezando la clasificaci\u00f3n a +1:18 de Primoz Roglic y a +1:39 de Felix Gall<\/strong>, los encargados de completar el podio provisional. Richard Carapaz, otro de los grandes aspirantes al rojo, ocupa la quinta posici\u00f3n a +3:26 de la cabeza.<\/p>\n<p>La clasificaci\u00f3n de la etapa 9 de la Vuelta a Espa\u00f1a<\/p>\n<ol class=\"ft-list ft-list--numbered\">\n<li class=\"ft-list__item\">Enric Mas (Movistar Team): 5:10:40<\/li>\n<li class=\"ft-list__item\"> Oscar Onley (Netcompany INEOS): m.t.<\/li>\n<li class=\"ft-list__item\"> Primo\u017e Rogli\u010d (Red Bull &#8211; BORA &#8211; hansgrohe): +0:12<\/li>\n<li class=\"ft-list__item\"> Felix Gall (Decathlon CMA CGM Team): +0:18<\/li>\n<li class=\"ft-list__item\"> Cristi\u00e1n Rodr\u00edguez (XDS Astana Team): +0:20<\/li>\n<li class=\"ft-list__item\"> Mattias Skjelmose (Lidl &#8211; Trek): +0:20<\/li>\n<li class=\"ft-list__item\"> Jarno Widar (Lotto Intermarch\u00e9): +0:25<\/li>\n<li class=\"ft-list__item\"> Richard Carapaz (XDS Astana Team): +0:33<\/li>\n<li class=\"ft-list__item\"> Harold Tejada (EF Education &#8211; EasyPost): +0:54<\/li>\n<li class=\"ft-list__item\"> Santiago Buitrago (Bahrain &#8211; Victorious): +1:41<\/li>\n<li class=\"ft-list__item\"> Sepp Kuss (Team Visma | Lease a Bike): +1:44<\/li>\n<li class=\"ft-list__item\"> Gregor M\u00fchlberger (Decathlon CMA CGM Team): +1:44<\/li>\n<li class=\"ft-list__item\"> Ramses Debruyne (Alpecin &#8211; Premier Tech): +1:51<\/li>\n<li class=\"ft-list__item\"> Cl\u00e9ment Berthet (Groupama &#8211; FDJ United): +1:51<\/li>\n<li class=\"ft-list__item\"> Jakob Omrzel (Bahrain &#8211; Victorious): +1:51<\/li>\n<li class=\"ft-list__item\"> Matthew Riccitello (Decathlon CMA CGM Team): +2:12<\/li>\n<li class=\"ft-list__item\"> Filippo Zana (Soudal Quick-Step): +3:15<\/li>\n<li class=\"ft-list__item\"> Juan Felipe Rodriguez (EF Education &#8211; EasyPost): +3:22<\/li>\n<li class=\"ft-list__item\"> Pavel Sivakov (Team Picnic PostNL): +3:22<\/li>\n<li class=\"ft-list__item\"> Gijs Leemreize (UAE Team Emirates &#8211; XRG): +3:36<\/li>\n<li class=\"ft-list__item\"> Milan Vader (Pinarello Q36.5 Pro Cycling Team): +3:52<\/li>\n<li class=\"ft-list__item\"> Guillaume Martin (Groupama &#8211; FDJ United): +4:37<\/li>\n<li class=\"ft-list__item\"> L\u00e9o Bisiaux (Decathlon CMA CGM Team): +5:18<\/li>\n<li class=\"ft-list__item\"> Ra\u00fal Garc\u00eda Pierna (Movistar Team): +6:20<\/li>\n<li class=\"ft-list__item\"> Kevin Vermaerke (UAE Team Emirates &#8211; XRG): +7:23<\/li>\n<li class=\"ft-list__item\"> Mario Aparicio (Burgos Burpellet BH): +7:34<\/li>\n<li class=\"ft-list__item\"> Emanuel Buchmann (Cofidis): +7:34<\/li>\n<li class=\"ft-list__item\"> Marcel Camprub\u00ed (Pinarello Q36.5 Pro Cycling Team): +7:36<\/li>\n<li class=\"ft-list__item\"> Jos\u00e9 Manuel D\u00edaz (Burgos Burpellet BH): +7:51<\/li>\n<li class=\"ft-list__item\"> Valentin Paret-Peintre (Soudal Quick-Step): +8:22<\/li>\n<li class=\"ft-list__item\"> Andreas Kron (Uno-X Mobility): +9:47<\/li>\n<li class=\"ft-list__item\"> Carlos Rodr\u00edguez (Netcompany INEOS): +10:21<\/li>\n<li class=\"ft-list__item\"> Jack Haig (Netcompany INEOS): +10:58<\/li>\n<li class=\"ft-list__item\"> Bruno Armirail (Team Visma | Lease a Bike): +11:33<\/li>\n<li class=\"ft-list__item\"> Jan Hirt (NSN Cycling Team): +11:33<\/li>\n<li class=\"ft-list__item\"> Alexey Lutsenko (NSN Cycling Team): +12:16<\/li>\n<li class=\"ft-list__item\"> Finlay Pickering (Team Jayco AlUla): +13:29<\/li>\n<li class=\"ft-list__item\"> Embret Svestad-B\u00e5rdseng (Netcompany INEOS): +13:39<\/li>\n<li class=\"ft-list__item\"> Urko Berrade (Equipo Kern Pharma): +13:39<\/li>\n<li class=\"ft-list__item\"> Pablo Castrillo (Movistar Team): +13:39<\/li>\n<li class=\"ft-list__item\"> Callum Scotson (Decathlon CMA CGM Team): +13:47<\/li>\n<li class=\"ft-list__item\"> Axel Laurance (Netcompany INEOS): +14:29<\/li>\n<li class=\"ft-list__item\"> Enzo Paleni (Groupama &#8211; FDJ United): +14:30<\/li>\n<li class=\"ft-list__item\"> Stefan K\u00fcng (Tudor Pro Cycling Team): +14:50<\/li>\n<li class=\"ft-list__item\"> Valentin Madouas (Groupama &#8211; FDJ United): +14:50<\/li>\n<li class=\"ft-list__item\"> Koen Bouwman (Team Jayco AlUla): +14:50<\/li>\n<li class=\"ft-list__item\"> James Shaw (EF Education &#8211; EasyPost): +15:20<\/li>\n<li class=\"ft-list__item\"> Patrick Konrad (Lidl &#8211; Trek): +15:42<\/li>\n<li class=\"ft-list__item\"> Hugo Hofstetter (NSN Cycling Team): +15:42<\/li>\n<li class=\"ft-list__item\"> Jos\u00e9 Luis Faura (Burgos Burpellet BH): +16:42<\/li>\n<\/ol>\n<p>As\u00ed est\u00e1 la clasificaci\u00f3n general de La Vuelta tras la etapa 9<\/p>\n<ol class=\"ft-list ft-list--numbered\">\n<li class=\"ft-list__item\">Enric Mas (Movistar Team): 28:34:03<\/li>\n<li class=\"ft-list__item\"> Primo\u017e Rogli\u010d (Red Bull &#8211; BORA &#8211; hansgrohe): +1:18<\/li>\n<li class=\"ft-list__item\"> Felix Gall (Decathlon CMA CGM Team): +1:39<\/li>\n<li class=\"ft-list__item\"> Oscar Onley (Netcompany INEOS): +2:20<\/li>\n<li class=\"ft-list__item\"> Richard Carapaz (EF Education &#8211; EasyPost): +3:26<\/li>\n<li class=\"ft-list__item\"> Mattias Skjelmose (Lidl &#8211; Trek): +3:55<\/li>\n<li class=\"ft-list__item\"> Sepp Kuss (Team Visma | Lease a Bike): +4:09<\/li>\n<li class=\"ft-list__item\"> Harold Tejada (XDS Astana Team): +4:39<\/li>\n<li class=\"ft-list__item\"> Jakob Omrzel (Decathlon CMA CGM Team): +7:33<\/li>\n<li class=\"ft-list__item\"> Gregor M\u00fchlberger (Bahrain &#8211; Victorious): +8:05<\/li>\n<li class=\"ft-list__item\"> Cl\u00e9ment Berthet (Groupama &#8211; FDJ United): +9:32<\/li>\n<li class=\"ft-list__item\"> Jarno Widar (Lotto Intermarch\u00e9): +9:34<\/li>\n<li class=\"ft-list__item\"> Cristi\u00e1n Rodr\u00edguez (XDS Astana Team): +9:42<\/li>\n<\/ol>\n<p class=\"ft-text\">Tras la disputa de cada una de las 21 etapas que conforman la presente edici\u00f3n de la ronda espa\u00f1ola, puedes consultar en SPORT <strong>todas las clasificaciones de la Vuelta a Espa\u00f1a 2026 con los resultados de los principales aspirantes a la victoria<\/strong>, adem\u00e1s de los espa\u00f1oles mejor clasificados.<\/p>\n<p class=\"ft-text\"><strong>La presente edici\u00f3n de la Vuelta a Espa\u00f1a contar\u00e1 con un recorrido de 3.275 kil\u00f3metros repartidos a lo largo de las tradicionales 21 etapas<\/strong> y en los que la monta\u00f1a tendr\u00e1 gran protagonismo. Estas contar\u00e1n con perfiles de todo tipo, incluyendo 4 etapas llanas, 5 onduladas, 4 de media monta\u00f1a, 6 de monta\u00f1a y 2 contrarrelojes individuales.<\/p>\n<p><img decoding=\"async\" src=\"https:\/\/www.europesays.com\/es\/wp-content\/uploads\/2026\/08\/1788124037_855_2d0143c9-b680-4e7a-b4d1-bb7d545e0e44_alta-libre-aspect-ratio_default_0_x819y512.jpg\" width=\"1200\" height=\"1125\" alt=\"El recorrido de la Vuelta a Espa\u00f1a 2026\" class=\"ft-helper-img-rd\" loading=\"lazy\" fetchpriority=\"auto\"\/><\/p>\n<p class=\"ft-helper-fontColor-quaternary ft-helper-fontSize-body-S ft-helper-spacer-t-xxs\">El recorrido de la Vuelta a Espa\u00f1a 2026  \/ La Vuelta<\/p>\n<p>Los \u00faltimos ganadores de la Vuelta a Espa\u00f1a<\/p>\n<p class=\"ft-text\">2025 &#8211; Jonas Vingegaard (DIN)<\/p>\n<p class=\"ft-text\">2024 &#8211; Primoz Roglic (ESL)<\/p>\n<p class=\"ft-text\">2023 &#8211; Sepp Kuss (EEUU)<\/p>\n<p class=\"ft-text\">2022 &#8211; Remco Evenepoel (BEL)<\/p>\n<p class=\"ft-text\">2021 &#8211; Primoz Roglic (ESL)<\/p>\n<p class=\"ft-text\">2020 &#8211; Primoz Roglic (ESL)<\/p>\n<p class=\"ft-text\">2019 &#8211; Primoz Roglic (ESL)<\/p>\n<p>\u00bfD\u00f3nde ver la Vuelta a Espa\u00f1a 2026 gratis y en abierto por TV?<\/p>\n<p class=\"ft-text\">En Espa\u00f1a, cada una de las 21 etapas que componen la Vuelta a Espa\u00f1a 2026 se podr\u00e1n ver <strong>gratis <\/strong>y <strong>en abierto<\/strong> a trav\u00e9s de los diferentes canales de <strong>RTVE<\/strong>. La emisi\u00f3n televisiva arrancar\u00e1 en <strong>Teledeporte <\/strong>y cambiar\u00e1 a <strong>La 2<\/strong> o a <strong>La 1<\/strong> para el tramo final de cada jornada.<\/p>\n<p class=\"ft-text\">Otra opci\u00f3n alternativa para seguir la ronda espa\u00f1ola online y en streaming son las plataformas de pago <strong>Eurosport <\/strong>y <strong>HBO Max<\/strong>, habituales en todo tipo de coberturas ciclistas. La retransmisi\u00f3n televisiva correr\u00e1 al cargo de los canales <strong>Eurosport 1 y 2<\/strong>.<\/p>\n<p class=\"ft-text\">Desde <strong>SPORT<\/strong>, te contamos todo lo que suceda en cada una de las 21 etapas de la Vuelta a Espa\u00f1a 2026 con el mejor resumen, todas las clasificaciones actualizadas y las reacciones de los protagonistas.<\/p>\n","protected":false},"excerpt":{"rendered":"Enric Mas se apunta la victoria en la novena etapa de la Vuelta a Espa\u00f1a 2026, con inicio&hellip;\n","protected":false},"author":2,"featured_media":739199,"comment_status":"","ping_status":"","sticky":false,"template":"","format":"standard","meta":{"footnotes":""},"categories":[5],"tags":[3076,5588,17,18,4616,25,24,314,13,14,11,19,20,9,10,15,16,23,12,21,22,1357],"class_list":["post-739198","post","type-post","status-publish","format-standard","has-post-thumbnail","category-titulares","tag-3076","tag-5588","tag-breaking-news","tag-breakingnews","tag-clasificacion","tag-es","tag-espana","tag-etapa","tag-featured-news","tag-featurednews","tag-headlines","tag-latest-news","tag-latestnews","tag-news","tag-noticias","tag-noticias-destacadas","tag-noticiasdestacadas","tag-spain","tag-titulares","tag-ultimas-noticias","tag-ultimasnoticias","tag-vuelta"],"share_on_mastodon":{"url":"https:\/\/pubeurope.com\/@es\/117186504709784019","error":""},"_links":{"self":[{"href":"https:\/\/www.europesays.com\/es\/wp-json\/wp\/v2\/posts\/739198","targetHints":{"allow":["GET"]}}],"collection":[{"href":"https:\/\/www.europesays.com\/es\/wp-json\/wp\/v2\/posts"}],"about":[{"href":"https:\/\/www.europesays.com\/es\/wp-json\/wp\/v2\/types\/post"}],"author":[{"embeddable":true,"href":"https:\/\/www.europesays.com\/es\/wp-json\/wp\/v2\/users\/2"}],"replies":[{"embeddable":true,"href":"https:\/\/www.europesays.com\/es\/wp-json\/wp\/v2\/comments?post=739198"}],"version-history":[{"count":0,"href":"https:\/\/www.europesays.com\/es\/wp-json\/wp\/v2\/posts\/739198\/revisions"}],"wp:featuredmedia":[{"embeddable":true,"href":"https:\/\/www.europesays.com\/es\/wp-json\/wp\/v2\/media\/739199"}],"wp:attachment":[{"href":"https:\/\/www.europesays.com\/es\/wp-json\/wp\/v2\/media?parent=739198"}],"wp:term":[{"taxonomy":"category","embeddable":true,"href":"https:\/\/www.europesays.com\/es\/wp-json\/wp\/v2\/categories?post=739198"},{"taxonomy":"post_tag","embeddable":true,"href":"https:\/\/www.europesays.com\/es\/wp-json\/wp\/v2\/tags?post=739198"}],"curies":[{"name":"wp","href":"https:\/\/api.w.org\/{rel}","templated":true}]}}