{"id":739204,"date":"2026-08-30T21:15:19","date_gmt":"2026-08-30T21:15:19","guid":{"rendered":"https:\/\/www.europesays.com\/es\/739204\/"},"modified":"2026-08-30T21:15:19","modified_gmt":"2026-08-30T21:15:19","slug":"el-cb-gran-canaria-prosigue-su-preparacion-con-el-maximo-compromiso-y-un-derbi-fantasma","status":"publish","type":"post","link":"https:\/\/www.europesays.com\/es\/739204\/","title":{"rendered":"El CB Gran Canaria prosigue su preparaci\u00f3n con el \u00abm\u00e1ximo compromiso\u00bb y un derbi &#8216;fantasma&#8217;"},"content":{"rendered":"<p class=\"ft-text ft-helper-closenews ft-helper-align-justify\"><strong>\u00c9tica de trabajo y m\u00e1xima responsabilidad<\/strong>. <a class=\"ft-link ft-link--decoration\" href=\"https:\/\/www.laprovincia.es\/cb-gran-canaria\/2026\/08\/28\/joe-cremo-toma-testigo-grandes-133737860.html\" target=\"_blank\" rel=\"nofollow noopener\"><strong>La pretemporada del CB Gran Canaria inicia ma\u00f1ana su tercera semana de trabajo<\/strong><\/a> con la mente puesta en llegar en plenas condiciones al debut en <strong>Primera FEB<\/strong> del pr\u00f3ximo s\u00e1bado 26 de septiembre ante el <strong>Oviedo<\/strong> en el <strong>Arena<\/strong>. <a class=\"ft-link ft-link--decoration\" href=\"https:\/\/www.laprovincia.es\/cb-gran-canaria\/2026\/08\/27\/ventanas-fiba-afectan-cb-gran-133716664.html\" target=\"_blank\" rel=\"nofollow noopener\"><strong>El cuadro dirigido por Bruno Savignani ha tenido que continuar adelante esta semana con el a\u00f1adido de las bajas del uruguayo Joaqu\u00edn Rodr\u00edguez y el island\u00e9s Jon Axel Gudmundsson<\/strong><\/a>, que fueron convocados por sus respectivas selecciones nacionales para afrontar los partidos clasificatorios del <strong>Mundial de Baloncesto de Catar 2027<\/strong> previstos para este mes de agosto. Aun as\u00ed, han mantenido un buen ritmo de preparaci\u00f3n justo a solo unos d\u00edas de que arranquen los amistosos donde el t\u00e9cnico brasile\u00f1o podr\u00e1 empezar a realizar ajustes. Todo este proceso de acople, que no siempre resulta f\u00e1cil, se est\u00e1 llevando a cabo con una atm\u00f3sfera especialmente buena durante los entrenamientos gracias al grupo humano que se ha conformado; el compromiso y la convicci\u00f3n son absolutos de cara a lo que se les viene encima en menos de 30 d\u00edas.<\/p>\n<p class=\"ft-text ft-helper-align-justify\">Este nuevo <strong>Granca<\/strong> ha de convivir este curso con aspectos clave en lo mental si quiere alcanzar el objetivo del ascenso. La realidad expone que los amarillos deben asumir el cartel de gigante en la categor\u00eda de plata, el de m\u00e1ximo favorito a volver a la <strong>Liga ACB<\/strong> y el del club con m\u00e1s presupuesto de la competici\u00f3n. Esas cuestiones son ineludibles para los claretianos, pero la mejor manera de combatir la carga de esa pesada mochila es la uni\u00f3n que se est\u00e1 forjando desde dentro. La plantilla insular ha asumido este asunto con madurez y filosof\u00eda, algo en lo que entra tambi\u00e9n el perfil de piezas que se han firmado este verano: figuras veteranas, con ascensos a sus espaldas y que est\u00e1n acostumbradas a la presi\u00f3n. \u00abEl trabajo est\u00e1 siendo muy bueno y el compromiso es m\u00e1ximo por parte de todos. Hac\u00eda tiempo que no ve\u00edamos un vestuario as\u00ed\u00bb, rezan desde los pasillos del recinto de <strong>Siete Palmas<\/strong>.<\/p>\n<p>Sin brindis al sol<\/p>\n<p class=\"ft-text ft-helper-align-justify\">De hecho, son los propios jugadores los que tienen claras esas consignas. Uno de los nuevos fichajes, como <strong>Roberts Stumbris<\/strong>, explicaba durante su presentaci\u00f3n que no le importa su \u00abjuego o mis n\u00fameros. Lo primordial es c\u00f3mo juega el equipo; todo tiene que hacerse siempre por el equipo\u00bb, mientras que otro reci\u00e9n llegado, como <strong>Joe Cremo<\/strong>, aseguraba que no se fija mucho en \u00ablos rivales, porque cuando empiezas a pensar en otros equipos pierdes el foco en lo importante, que es en el objetivo del grupo, en lo que nosotros podemos controlar y en trabajar d\u00eda a d\u00eda\u00bb. M\u00e1s rotundo resultaba el grancanario <strong>Christian D\u00edaz<\/strong>, que destacaba que cualquier rival que aterrice en la Isla lo har\u00e1 \u00abcon un plus de motivaci\u00f3n por medirse a nosotros y tenemos que estar preparados para eso. Sabemos que ser\u00e1 as\u00ed, por lo que hay que estar al cien por cien siempre\u00bb.<\/p>\n<p class=\"ft-text ft-helper-align-justify\">Precisamente, del ala-p\u00edvot let\u00f3n y del escolta de <strong>Scotia<\/strong> dicen, despu\u00e9s de 14 d\u00edas de trabajo, que son \u00absoldados\u00bb, aunque uno que est\u00e1 llamando mucho la atenci\u00f3n es <strong>Fran Guerra<\/strong>, el gran nombre del mercado de fichajes en clave claretiana por su enorme implicaci\u00f3n. De ese modo, las flaquezas y los problemas del curso pasado parecen haber desaparecido ante el comienzo de esta nueva etapa. El fracaso del descenso y las incompatibilidades del vestuario han dejado paso a una regeneraci\u00f3n tan necesaria como obligada para poder reilusionarse sabiendo que la temporada no ser\u00e1 un paseo triunfal hasta la meta. Habr\u00e1 que sudar, pero todo empieza desde el compromiso.<\/p>\n<p>Un derbi sin c\u00e1maras como aperitivo<\/p>\n<p class=\"ft-text ft-helper-align-justify\">M\u00e1s all\u00e1 de lo que est\u00e1n siendo estas primeras semanas de trabajo, el <strong>Granca<\/strong> afronta esta semana su primer test de preparaci\u00f3n. Los grancanarios disputar\u00e1n un derbi ante <strong>La Laguna Tenerife<\/strong> en el <strong>Santiago Mart\u00edn<\/strong> el jueves, que servir\u00e1 como punto de partida. Sin embargo, este duelo ante el exentrenador claretiano <strong>Jaka Lakovic<\/strong>, ahora al frente de la nave aurinegra, no ser\u00e1 retransmitido debido a que se celebrar\u00e1 a puerta cerrada. Por ese motivo, las conclusiones que se saquen de lo que acontezca en el feudo lagunero estar\u00e1n m\u00e1s al servicio de los propios cuerpos t\u00e9cnicos que de cara a los aficionados.<\/p>\n<p data-close=\"closedContent\" class=\"subscribeHideForDisplay\">Suscr\u00edbete para seguir leyendo<\/p>\n","protected":false},"excerpt":{"rendered":"\u00c9tica de trabajo y m\u00e1xima responsabilidad. La pretemporada del CB Gran Canaria inicia ma\u00f1ana su tercera semana de&hellip;\n","protected":false},"author":2,"featured_media":739205,"comment_status":"","ping_status":"","sticky":false,"template":"","format":"standard","meta":{"footnotes":""},"categories":[269],"tags":[299,298,7221,2609,2425,168,25,24,3956,16933,79310,23,167,2752],"class_list":["post-739204","post","type-post","status-publish","format-standard","has-post-thumbnail","category-baloncesto","tag-baloncesto","tag-basketball","tag-canaria","tag-cb","tag-cb-gran-canaria","tag-deportes","tag-es","tag-espana","tag-gran","tag-preparacion","tag-prosigue","tag-spain","tag-sports","tag-trabajo"],"share_on_mastodon":{"url":"https:\/\/pubeurope.com\/@es\/117186535600723189","error":""},"_links":{"self":[{"href":"https:\/\/www.europesays.com\/es\/wp-json\/wp\/v2\/posts\/739204","targetHints":{"allow":["GET"]}}],"collection":[{"href":"https:\/\/www.europesays.com\/es\/wp-json\/wp\/v2\/posts"}],"about":[{"href":"https:\/\/www.europesays.com\/es\/wp-json\/wp\/v2\/types\/post"}],"author":[{"embeddable":true,"href":"https:\/\/www.europesays.com\/es\/wp-json\/wp\/v2\/users\/2"}],"replies":[{"embeddable":true,"href":"https:\/\/www.europesays.com\/es\/wp-json\/wp\/v2\/comments?post=739204"}],"version-history":[{"count":0,"href":"https:\/\/www.europesays.com\/es\/wp-json\/wp\/v2\/posts\/739204\/revisions"}],"wp:featuredmedia":[{"embeddable":true,"href":"https:\/\/www.europesays.com\/es\/wp-json\/wp\/v2\/media\/739205"}],"wp:attachment":[{"href":"https:\/\/www.europesays.com\/es\/wp-json\/wp\/v2\/media?parent=739204"}],"wp:term":[{"taxonomy":"category","embeddable":true,"href":"https:\/\/www.europesays.com\/es\/wp-json\/wp\/v2\/categories?post=739204"},{"taxonomy":"post_tag","embeddable":true,"href":"https:\/\/www.europesays.com\/es\/wp-json\/wp\/v2\/tags?post=739204"}],"curies":[{"name":"wp","href":"https:\/\/api.w.org\/{rel}","templated":true}]}}