{"id":739210,"date":"2026-08-30T21:18:13","date_gmt":"2026-08-30T21:18:13","guid":{"rendered":"https:\/\/www.europesays.com\/es\/739210\/"},"modified":"2026-08-30T21:18:13","modified_gmt":"2026-08-30T21:18:13","slug":"giorgio-piccinato-1935-2026-la-ciudad-como-resultado-social","status":"publish","type":"post","link":"https:\/\/www.europesays.com\/es\/739210\/","title":{"rendered":"Giorgio Piccinato (1935 &#8211; 2026). La ciudad como resultado social"},"content":{"rendered":"<p class=\"text-align-justify\">Nacido en Tolmino, entonces parte del Reino de Italia y hoy en Eslovenia, Piccinato creci\u00f3 en una Europa marcada por la guerra, los cambios de fronteras y las rupturas pol\u00edticas. Era sobrino de Luigi Piccinato, una de las figuras principales del urbanismo italiano del siglo XX, aunque desarrollar\u00eda una trayectoria intelectual propia y diferenciada.<\/p>\n<p class=\"text-align-justify\">Estudi\u00f3 Arquitectura en la Universidad de Roma, actual Sapienza, donde se gradu\u00f3 en 1960. All\u00ed conoci\u00f3 a Manfredo Tafuri, con quien estableci\u00f3 una estrecha amistad intelectual. Ambos participaron en el ambiente cr\u00edtico que cuestionaba la ense\u00f1anza arquitect\u00f3nica convencional y se vincularon a AUA, Architetti Urbanisti Associati, junto a Vieri Quilici, Lucio Barbera y otros.<\/p>\n<p><img decoding=\"async\" src=\"https:\/\/www.europesays.com\/es\/wp-content\/uploads\/2026\/08\/metalocus_giorgio-piccinato_08.jpg\" data-entity-uuid=\"7d5f835d-e29b-4990-8a94-c04d5edb5d6d\" data-entity-type=\"file\" alt=\"metalocus_giorgio-piccinato_07\" width=\"1029\" height=\"1487\" loading=\"lazy\"\/><\/p>\n<p>Grupo de arquitectura romano, AUA (Architetti Urbanisti Associati), activo entre 1958 y 1965.<\/p>\n<p class=\"text-align-justify\">Los viajes fueron fundamentales en su formaci\u00f3n. Con Tafuri recorri\u00f3 Alemania y Escandinavia para conocer directamente la obra de Alvar Aalto, Eliel y Eero Saarinen, Reima Pietil\u00e4 y otros arquitectos que hasta entonces hab\u00edan conocido principalmente a trav\u00e9s de revistas. Al mismo tiempo, Piccinato estuvo profundamente inmerso en la vida cultural de la Roma de comienzos de los a\u00f1os sesenta, desde el cine de Antonioni hasta el teatro experimental de Carmelo Bene y las vanguardias art\u00edsticas. Estas experiencias contribuyeron a configurar su manera de entender el urbanismo no simplemente como una t\u00e9cnica para organizar el espacio, sino como una forma de interpretar las fuerzas sociales, econ\u00f3micas y pol\u00edticas que dan forma a las ciudades.<\/p>\n<p class=\"text-align-justify\">Tras graduarse, trabaj\u00f3 en el estudio romano de su t\u00edo, Luigi Piccinato, durante un periodo de r\u00e1pida expansi\u00f3n metropolitana y de intenso debate sobre el nuevo plan regulador de Roma. Su carrera adquiri\u00f3 pronto una dimensi\u00f3n internacional. Particip\u00f3 en el Harvard International Seminar en 1963, fue investigador visitante en el MIT en 1966, investigador asociado en la University of California, Berkeley, en 1967, y posteriormente senior fellow en Wayne State University. Entre 1968 y 1969 coordin\u00f3 los planes directores de Budva y Ulcinj, en Yugoslavia, dentro de un programa regional de urbanismo de Naciones Unidas.<\/p>\n<p class=\"text-align-justify\">En 1969, Piccinato comenz\u00f3 a ense\u00f1ar Teor\u00eda del Urbanismo en el IUAV de Venecia. All\u00ed desempe\u00f1\u00f3 un papel activo en la consolidaci\u00f3n del urbanismo como disciplina acad\u00e9mica aut\u00f3noma en Italia.<\/p>\n<p><img decoding=\"async\" src=\"https:\/\/www.europesays.com\/es\/wp-content\/uploads\/2026\/08\/metalocus_giorgio-piccinato_02.jpg\" data-entity-uuid=\"f3c0ae75-9634-400c-ac5a-03e021cc05a4\" data-entity-type=\"file\" alt=\"Portada del libro \u00abLa costruzione dell'urbanistica: Germania 1871-1914\u00bb de Giorgio Piccinato. Editado por Officina Edizioni, Roma, 1977.\" width=\"1026\" height=\"1536\" loading=\"lazy\"\/><\/p>\n<p>Portada del libro \u00abLa costruzione dell&#8217;urbanistica: Germania 1871-1914\u00bb de Giorgio Piccinato. Editado por Officina Edizioni, Roma, 1977.<\/p>\n<p class=\"text-align-justify\">Su libro de 1974, \u00abLa costruzione dell&#8217;urbanistica. Germania 1871\u20131914\u00bb, se convirti\u00f3 en una de sus aportaciones m\u00e1s importantes. En lugar de presentar la historia del urbanismo como una sucesi\u00f3n de planes y modelos formales, Piccinato analiz\u00f3 el surgimiento del urbanismo moderno a trav\u00e9s de la industrializaci\u00f3n, la vivienda, el suelo, la administraci\u00f3n municipal, las infraestructuras y el conflicto pol\u00edtico. Desde esta perspectiva, la ciudad no pod\u00eda separarse de las instituciones y de las fuerzas sociales que la produc\u00edan.<\/p>\n<p class=\"text-align-justify\">Entre 1982 y 1988 dirigi\u00f3 el Departamento de Urban\u00edstica del IUAV y, posteriormente, coordin\u00f3 un doctorado interuniversitario en urbanismo territorial junto con los polit\u00e9cnicos de Mil\u00e1n y Tur\u00edn. Su actividad acad\u00e9mica permaneci\u00f3 estrechamente vinculada a la investigaci\u00f3n profesional y a la pr\u00e1ctica urban\u00edstica.<\/p>\n<p class=\"text-align-justify\">Piccinato trabaj\u00f3 sobre centros hist\u00f3ricos, el Mezzogiorno, la urbanizaci\u00f3n difusa del V\u00e9neto, el urbanismo mediterr\u00e1neo, Addis Abeba, Am\u00e9rica Latina y numerosos programas europeos. Tambi\u00e9n colabor\u00f3 con Naciones Unidas y fue uno de los fundadores de la Association of European Schools of Planning (AESOP) en 1987, instituci\u00f3n que presidi\u00f3 entre 1992 y 1994.<\/p>\n<p><img decoding=\"async\" src=\"https:\/\/www.europesays.com\/es\/wp-content\/uploads\/2026\/08\/metalocus_giorgio-piccinato_03.jpg\" data-entity-uuid=\"2605cf83-0377-431e-aa2b-a862ed6dec9c\" data-entity-type=\"file\" alt=\"Portada del libro \u00abCitt\u00e0 del mondo: Quaderni del Dipartimento di studi urbani (n. 1)\u00bb, editado por Giorgio Piccinato y publicado por Quodlibet en 2009.\" width=\"800\" height=\"741\" loading=\"lazy\"\/><\/p>\n<p>Portada del libro \u00abCitt\u00e0 del mondo: Quaderni del Dipartimento di studi urbani (n. 1)\u00bb, editado por Giorgio Piccinato y publicado por Quodlibet en 2009.<\/p>\n<p class=\"text-align-justify\">A mediados de los a\u00f1os noventa regres\u00f3 a Roma para incorporarse a la Universidad Roma Tre, donde dirigi\u00f3 el Departamento de Estudios Urbanos y un programa de doctorado sobre pol\u00edticas territoriales y proyectos locales. En 2010 fue nombrado profesor em\u00e9rito de Urban\u00edstica.<\/p>\n<p class=\"text-align-justify\">Su actividad internacional continu\u00f3 mediante colaboraciones con UNESCO en ciudades hist\u00f3ricas como Fez, Meknes, Tallin y Damasco. Para Piccinato, la ciudad hist\u00f3rica no era un objeto est\u00e1tico destinado \u00fanicamente a la conservaci\u00f3n, sino un organismo vivo en el que era necesario negociar entre las formas heredadas, el desarrollo, el turismo y el cambio social.<\/p>\n<p class=\"text-align-justify\">Entre sus publicaciones se encuentran \u00abCitt\u00e0, territorio e politiche di piano in America Latina\u00bb (1991), \u00abAlla ricerca del centro storico\u00bb (1996), \u00abUn mondo di citt\u00e0\u00bb (2002) y \u00abFermoimmagine. Studi sulla felicit\u00e0 urbana\u00bb (2008). En 2020 public\u00f3 \u00abIl carretto dei gelati. Un&#8217;introduzione all&#8217;urbanistica\u00bb, donde retomaba m\u00e1s de medio siglo de reflexiones sobre la ciudad.<\/p>\n<p class=\"text-align-justify\">Giorgio Piccinato falleci\u00f3 en Roma el 28 de agosto de 2026.<\/p>\n","protected":false},"excerpt":{"rendered":"Nacido en Tolmino, entonces parte del Reino de Italia y hoy en Eslovenia, Piccinato creci\u00f3 en una Europa&hellip;\n","protected":false},"author":2,"featured_media":739211,"comment_status":"","ping_status":"","sticky":false,"template":"","format":"standard","meta":{"footnotes":""},"categories":[173],"tags":[229,233,231,230,232,234,146,147,25,24,23],"class_list":["post-739210","post","type-post","status-publish","format-standard","has-post-thumbnail","category-arte-y-diseno","tag-arte","tag-arte-y-diseno","tag-arts","tag-arts-and-design","tag-design","tag-diseno","tag-entertainment","tag-entretenimiento","tag-es","tag-espana","tag-spain"],"share_on_mastodon":{"url":"","error":""},"_links":{"self":[{"href":"https:\/\/www.europesays.com\/es\/wp-json\/wp\/v2\/posts\/739210","targetHints":{"allow":["GET"]}}],"collection":[{"href":"https:\/\/www.europesays.com\/es\/wp-json\/wp\/v2\/posts"}],"about":[{"href":"https:\/\/www.europesays.com\/es\/wp-json\/wp\/v2\/types\/post"}],"author":[{"embeddable":true,"href":"https:\/\/www.europesays.com\/es\/wp-json\/wp\/v2\/users\/2"}],"replies":[{"embeddable":true,"href":"https:\/\/www.europesays.com\/es\/wp-json\/wp\/v2\/comments?post=739210"}],"version-history":[{"count":0,"href":"https:\/\/www.europesays.com\/es\/wp-json\/wp\/v2\/posts\/739210\/revisions"}],"wp:featuredmedia":[{"embeddable":true,"href":"https:\/\/www.europesays.com\/es\/wp-json\/wp\/v2\/media\/739211"}],"wp:attachment":[{"href":"https:\/\/www.europesays.com\/es\/wp-json\/wp\/v2\/media?parent=739210"}],"wp:term":[{"taxonomy":"category","embeddable":true,"href":"https:\/\/www.europesays.com\/es\/wp-json\/wp\/v2\/categories?post=739210"},{"taxonomy":"post_tag","embeddable":true,"href":"https:\/\/www.europesays.com\/es\/wp-json\/wp\/v2\/tags?post=739210"}],"curies":[{"name":"wp","href":"https:\/\/api.w.org\/{rel}","templated":true}]}}