{"id":739216,"date":"2026-08-30T21:25:14","date_gmt":"2026-08-30T21:25:14","guid":{"rendered":"https:\/\/www.europesays.com\/es\/739216\/"},"modified":"2026-08-30T21:25:14","modified_gmt":"2026-08-30T21:25:14","slug":"sara-carbonero-deslumbra-con-falda-larga-de-flecos-boho-perfecta-para-el-entretiempo-2026","status":"publish","type":"post","link":"https:\/\/www.europesays.com\/es\/739216\/","title":{"rendered":"Sara Carbonero deslumbra con falda larga de flecos boho perfecta para el entretiempo 2026"},"content":{"rendered":"<p id=\"sara-carbonero-deslumbra-con-falda-larga-de-flecos-boho-perfecta-para-el-entretiempo-2026\" data-journey-content=\"true\" data-node-id=\"3\" class=\"body-text css-1ood0zq emevuu60\"><strong data-node-id=\"3.0\">Podr\u00edamos decir que cierta prendas tienen la capacidad de resumir todo un estilo, y la \u00faltima elecci\u00f3n de Sara Carbonero es una de ellas.<\/strong> La presentadora ha compartido en redes una fotograf\u00eda v\u00eda &#8216;storie&#8217; con uno de esos conjuntos que parecen sencillos a primera vista, pero que esconden todos los c\u00f3digos de su inequ\u00edvoca est\u00e9tica boho. Y,<strong data-node-id=\"3.2\"> la protagonista absoluta de su &#8216;oufit&#8217; es la falda.<\/strong><\/p>\n<p id=\"sara-carbonero-deslumbra-con-falda-larga-de-flecos-boho-perfecta-para-el-entretiempo-2026\" data-journey-content=\"true\" data-node-id=\"9\" class=\"body-text css-1ood0zq emevuu60\">Sara ha combinado una <strong data-node-id=\"9.1\">falda larga de antelina marr\u00f3n con flecos, una de esas piezas que parecen hechas para acompa\u00f1ar los primeros d\u00edas de entretiempo<\/strong><strong data-node-id=\"9.2\">, con una b\u00e1sica blanca y una chaqueta vaquera muy especial<\/strong>, decorada con peque\u00f1os detalles de brillo. Una mezcla aparentemente casual e impecable con ese aire boho que tanto define el armario de la presentadora.<\/p>\n<p id=\"sara-carbonero-deslumbra-con-falda-larga-de-flecos-boho-perfecta-para-el-entretiempo-2026\" data-journey-content=\"true\" data-node-id=\"13\" class=\"body-text css-1ood0zq emevuu60\"><strong data-node-id=\"13.0\">La falda pertenece a su propia firma &#8216;Slowlove&#8217;<\/strong>, de la que Sara Carbonero es cofundadora junto a su amiga y socia Isabel Jim\u00e9nez. Ambas llevan a\u00f1os trasladando a la marca su propio universo estil\u00edstico con prendas femeninas y un punto &#8216;folk&#8217; que convierte los b\u00e1sicos en algo m\u00e1s especial.<\/p>\n<p id=\"sara-carbonero-deslumbra-con-falda-larga-de-flecos-boho-perfecta-para-el-entretiempo-2026\" data-journey-content=\"true\" data-node-id=\"18\" class=\"body-text css-1ood0zq emevuu60\">El modelo de esta falda que luce Sara ya no est\u00e1 disponible actualmente en la web de la firma, pero <strong data-node-id=\"18.1\">hemos localizado una alternativa de la nueva colecci\u00f3n de &#8216;Slowlove&#8217; que comparte buena parte de su esencia. En lugar de los flecos, esta nueva versi\u00f3n incorpora un pa\u00f1uelo<\/strong> como detalle protagonista y mantiene ese caracter\u00edstico tono marr\u00f3n que funciona especialmente bien durante los meses de entretiempo.<\/p>\n<p>Sara Carbonero deslumbra con falda larga de flecos boho perfecta para el entretiempo 2026<\/p>\n<p id=\"sara-carbonero-deslumbra-con-falda-larga-de-flecos-boho-perfecta-para-el-entretiempo-2026\" data-journey-content=\"true\" data-node-id=\"23\" class=\"body-text css-1ood0zq emevuu60\">Se trata de una<strong data-node-id=\"23.1\"> falda midi de corte evas\u00e9, con cinturilla el\u00e1stica en la espalda y un detalle de bordado en la cadera d<\/strong>ispuesto en forma diagonal. Una combinaci\u00f3n de detalles que mantiene ese esp\u00edritu boho de Slow. <\/p>\n<p id=\"sara-carbonero-deslumbra-con-falda-larga-de-flecos-boho-perfecta-para-el-entretiempo-2026\" data-journey-content=\"true\" data-node-id=\"27\" class=\"body-text css-1ood0zq emevuu60\">Sin embargo, hay un detalle en esta foto de Sara que nuestro ojo &#8216;fashionista&#8217; no ha pasado por alto y que, en parte, no tiene que ver con su &#8216;outfit&#8217; (\u00bfo s\u00ed?). Mientras Carbonero hace la fotograf\u00eda con su m\u00f3vil, podemos ver que <strong data-node-id=\"27.1\">la funda que lleva el tel\u00e9fono reproduce uno de los estampados presentes en algunas de las prendas de &#8216;Slowlove&#8217;.<\/strong><\/p>\n<p id=\"sara-carbonero-deslumbra-con-falda-larga-de-flecos-boho-perfecta-para-el-entretiempo-2026\" data-journey-content=\"true\" data-node-id=\"31\" class=\"body-text css-1ood0zq emevuu60\"> No es casualidad. <strong data-node-id=\"31.1\">La firma lanz\u00f3 en su momento una colaboraci\u00f3n con &#8216;La Casa de las Carcasas&#8217; para crear fundas de m\u00f3vil inspiradas en algunos de sus estampados m\u00e1s reconocibles<\/strong>. La idea era precisamente es,: llevar el m\u00f3vil a juego con la ropa y convertir un accesorio que utilizamos constantemente en una pieza m\u00e1s del look. Un peque\u00f1o gui\u00f1o que quiz\u00e1 podr\u00eda pasar desapercibido, pero que nos parece de lo m\u00e1s divertido.   <\/p>\n<p><img draggable=\"true\" alt=\"woman taking a mirror selfie, wearing a denim jacket and large earrings.\" title=\"woman taking a mirror selfie, wearing a denim jacket and large earrings.\" loading=\"lazy\" width=\"1179\" height=\"1919\" decoding=\"async\" data-nimg=\"1\" style=\"color:transparent;width:100%;height:auto;\"   src=\"https:\/\/www.europesays.com\/es\/wp-content\/uploads\/2026\/08\/84db31b8-99e4-44bf-8fb6-e73451312fc3.jpg\" class=\"css-0 e1ddfba50\"\/><\/p>\n<p>instagram<\/p>\n<p><a target=\"_blank\" rel=\"nofollow noopener\" data-theme-key=\"product-image-wrapper\" href=\"https:\/\/slowlove.com\/es\/es\/mujer\/faldas\/falda-midi-con-bordado\/6054003.html?dwvar_6054003_color=52\" aria-label=\"60\u00a0\u20ac en slowlove for falda pa\u00f1uelo\" data-href=\"https:\/\/slowlove.com\/es\/es\/mujer\/faldas\/falda-midi-con-bordado\/6054003.html?dwvar_6054003_color=52\" data-product-url=\"https:\/\/slowlove.com\/es\/es\/mujer\/faldas\/falda-midi-con-bordado\/6054003.html?dwvar_6054003_color=52\" data-affiliate=\"false\" data-affiliate-network=\"\" data-fp-affiliate-inline-link=\"false\" data-fp-affiliate-button-link=\"false\" data-vars-ga-call-to-action=\"60\u00a0\u20ac en slowlove\" data-vars-ga-media-role=\"\" data-vars-ga-media-type=\"Single Product Embed\" data-vars-ga-outbound-link=\"https:\/\/slowlove.com\/es\/es\/mujer\/faldas\/falda-midi-con-bordado\/6054003.html?dwvar_6054003_color=52\" data-vars-ga-product-brand=\"Slowlove\" data-vars-ga-product-id=\"63b5b44a-aaa9-470d-9d20-c709c25dcd02\" data-vars-ga-product-price=\"59,99\u00a0\u20ac\" data-vars-ga-product-retailer-id=\"063aeb2b-7ece-4d5e-a5cb-98ef1b7f5a16\" data-vars-ga-product-sem3-brand=\"Slowlove\" data-vars-ga-link-treatment=\"(not set) | (not set)\" class=\"product-image-link ebgq4gw7 e12px3ys0 css-g6od0w e1socmtw0\" data-><img  alt=\"falda pa\u00f1uelo\" title=\"falda pa\u00f1uelo\" data-fp-product-image=\"true\" datafptag=\"data-fp-product-image\" src=\"https:\/\/www.europesays.com\/es\/wp-content\/uploads\/2026\/08\/1788117459-56b86fd3-2da4-41da-9543-0a1dce654e8d.jpg\" width=\"918\" height=\"1368\" decoding=\"async\" loading=\"lazy\"\/><\/a><img src=\"https:\/\/www.europesays.com\/es\/wp-content\/uploads\/2026\/08\/1788125114_198_fdb40614-5afb-491b-84a7-5d9b44b2dcde_1658480441.file.png\" alt=\"Headshot of Amanda Prado\" title=\"Headshot of Amanda Prado\" width=\"100%\" height=\"100%\" decoding=\"async\" loading=\"lazy\" class=\"css-o0wq4v ev8dhu53\"\/><\/p>\n<p>Amanda Prado es colaboradora de ELLE, experta en moda, tendencias y actualidad. Como buena defensora del periodismo multimedia, tambi\u00e9n es creadora de contenido para redes sociales (empez\u00f3 en Fotolog y ha terminado en TikTok). Su especialidad es localizar las nuevas tendencias de la pasarela y del street style. Amante del estilo boho, la ropa vintage y la moda sostenible. Especialista en transformar b\u00e1sicos en lookazos y en localizar joyitas textiles de donde crees que no se puede sacar nada. De las rom\u00e1nticas que a\u00fan compran en tienda f\u00edsica. \u00a0<\/p>\n<p>Descubrir qu\u00e9 llevan las famosas es otra de sus funciones. Adem\u00e1s de analizar qu\u00e9 prendas visten las celebrities (y, sobre todo, c\u00f3mo lo llevan, su estilo) tambi\u00e9n se encarga de cubrir todo lo que sucede en alfombras rojas y eventos de moda. No deja escapar ning\u00fan detalle del d\u00eda a d\u00eda que comparten las influencers y creadores de contenido en sus redes sociales o en los eventos a los que acuden. \u00a0<\/p>\n<p>Amanda Prado se gradu\u00f3 primero en Derecho y despu\u00e9s en Periodismo en la Universidad Rey Juan Carlos. En tercero de carrera result\u00f3 ganadora de la Superbeca Elle y trabaj\u00f3 durante un a\u00f1o en cuatro empresas: para el equipo de comunicaci\u00f3n de ZARA (Inditex), el departamento de Relaciones P\u00fablicas de Est\u00e9e Lauder, la agencia de comunicaci\u00f3n Equipo Singular y, por \u00faltimo, la redacci\u00f3n de la revista ELLE. Al terminar la beca comenz\u00f3 a colaborar en la revista Cosmopolitan cubriendo temas de belleza y moda y, tras varios a\u00f1os, regres\u00f3 a ELLE.\u00a0<\/p>\n","protected":false},"excerpt":{"rendered":"Podr\u00edamos decir que cierta prendas tienen la capacidad de resumir todo un estilo, y la \u00faltima elecci\u00f3n de&hellip;\n","protected":false},"author":2,"featured_media":739217,"comment_status":"","ping_status":"","sticky":false,"template":"","format":"standard","meta":{"footnotes":""},"categories":[91],"tags":[253,146,147,25,24,23],"class_list":["post-739216","post","type-post","status-publish","format-standard","has-post-thumbnail","category-entretenimiento","tag-discover","tag-entertainment","tag-entretenimiento","tag-es","tag-espana","tag-spain"],"share_on_mastodon":{"url":"https:\/\/pubeurope.com\/@es\/117186575093630274","error":""},"_links":{"self":[{"href":"https:\/\/www.europesays.com\/es\/wp-json\/wp\/v2\/posts\/739216","targetHints":{"allow":["GET"]}}],"collection":[{"href":"https:\/\/www.europesays.com\/es\/wp-json\/wp\/v2\/posts"}],"about":[{"href":"https:\/\/www.europesays.com\/es\/wp-json\/wp\/v2\/types\/post"}],"author":[{"embeddable":true,"href":"https:\/\/www.europesays.com\/es\/wp-json\/wp\/v2\/users\/2"}],"replies":[{"embeddable":true,"href":"https:\/\/www.europesays.com\/es\/wp-json\/wp\/v2\/comments?post=739216"}],"version-history":[{"count":0,"href":"https:\/\/www.europesays.com\/es\/wp-json\/wp\/v2\/posts\/739216\/revisions"}],"wp:featuredmedia":[{"embeddable":true,"href":"https:\/\/www.europesays.com\/es\/wp-json\/wp\/v2\/media\/739217"}],"wp:attachment":[{"href":"https:\/\/www.europesays.com\/es\/wp-json\/wp\/v2\/media?parent=739216"}],"wp:term":[{"taxonomy":"category","embeddable":true,"href":"https:\/\/www.europesays.com\/es\/wp-json\/wp\/v2\/categories?post=739216"},{"taxonomy":"post_tag","embeddable":true,"href":"https:\/\/www.europesays.com\/es\/wp-json\/wp\/v2\/tags?post=739216"}],"curies":[{"name":"wp","href":"https:\/\/api.w.org\/{rel}","templated":true}]}}