{"id":739230,"date":"2026-08-30T21:36:16","date_gmt":"2026-08-30T21:36:16","guid":{"rendered":"https:\/\/www.europesays.com\/es\/739230\/"},"modified":"2026-08-30T21:36:16","modified_gmt":"2026-08-30T21:36:16","slug":"santiago-buitrago-nuevo-lider-de-la-montana-en-la-vuelta-a-espana-esciclismo","status":"publish","type":"post","link":"https:\/\/www.europesays.com\/es\/739230\/","title":{"rendered":"Santiago Buitrago, nuevo l\u00edder de la monta\u00f1a en la Vuelta a Espa\u00f1a &#8211; Esciclismo"},"content":{"rendered":"<ol>\n<li><a href=\"https:\/\/news.google.com\/rss\/articles\/CBMiakFVX3lxTE16NHRyX2ptUzViNzdKVlhMdElWWFFJRkI0VDB3QUkzODNkZVhiS21Wa3Q3ZXk3dzBrbGQ0cjlyVngwOXJYNTloZ25qNmZYb1A0T3o1M05aaVJRTzQ2TmQxX0lVTkVLalRHQUE?oc=5\" target=\"_blank\" rel=\"nofollow noopener\">Santiago Buitrago, nuevo l\u00edder de la monta\u00f1a en la Vuelta a Espa\u00f1a<\/a>&nbsp;&nbsp;Esciclismo<\/li>\n<li><a href=\"https:\/\/news.google.com\/rss\/articles\/CBMi9wFBVV95cUxNaFlvWmlOdzNoSUg5cmxwS0toUUlVUXdKeEpORGk2c29YUE5MSUFrQVVHTDM0X04zZHhnbXlTd2FXdkVSSHlxYXFBVWxUTC1TUVNBTlRDWnBmMUJHYmt1Y2NPU1hhNVpZTTN3RHhGb2FZYjctRm9wRExDc0FGRzdoLUxlZnhGN01kbTRqR0VUZ1FIX0pmalNteVZ1T29oWldxZnQxejlIaHR4U0ZIcnlSV1RmVHAtWjNZRnhMNUFBNkV2dWVyMXRJMlJEZFRqVVhJMnluYnF2RTRCeUxuT1RGZWFUd3hJSkdXZWZ5Q2F0MEZubUxpSHN30gH8AUFVX3lxTE14a1RQN0h3QTdmUlN2ZFRabmh0Y3RoR3F4WVlTd2VXYlg2YmNnWnd6VVlieDZWcVloOXdCX0xUeGk0TGdYcDFhcWNyV2txUkZjY2haaGxGSkZ0T1BZR3dvZWZLTnlfSGxnQWZ1OWZwU1pfbWJyNjhQV0Npa2UtMUZjeXpOWWdpdi1JM1dLNjlDd0l3NU9aLTZwa3lFZUFPU0pMSVRSSDVFZ1NtZU5CbEZJM3F6a21SVnp2eHNMWU5QQ0xscUVoX3FDU3g0MXhSelNnTmhnbFdueTZETEhXb0o3cHRCenRkU05LQzRxSU9GSmVHdlQwNnlfX1lKcw?oc=5\" target=\"_blank\" rel=\"nofollow noopener\">Clasificaci\u00f3n general de la Vuelta a Espa\u00f1a: magistral actuaci\u00f3n de Harold Tejada lo consolida en el top 10<\/a>&nbsp;&nbsp;Revista Semana<\/li>\n<li><a href=\"https:\/\/news.google.com\/rss\/articles\/CBMi9AFBVV95cUxPSllsYjd0WHRESmdKLVUzT0FzdTBaOVF3Y3FnU1h0cmtnYU8xWlU3S3M0aGlrWDBweGRJVmQtOXhob29EMks4TkZCWVVrNk9FRTZTZzAwaHpETW5DUllpalo3V05Fdms3UTFBdnN6WVl0TUFiMGJPR2FmSWxadmJhX211U3FZVEN0Y0VBOThoRlFmM2lOSlVOajd3d2NHck5JcUNVVVJpbWZEMkc2dGJMejdLT3BzR1VUdVdoRGktVjZUTDhXaDBITXlsWWtJMXlKNjh5S1N6N2V6VWlyVFVoa2VJUU1Db0hlcFl3Z3JCa0t1aDdQ0gH6AUFVX3lxTE5QMUVUMk05Sm1WZ0hJLWpNcW5DbkRTYWFtSUYzMWFQcGJ6V3RsWVFqZWkyN25WN2FuN25BYUctd0lrcGh5VlFORWx0dG8xN3dvc0pySWdfOUNRNjRSdzREZFBMbi1XNUJ6ZGV4bzEybmRNNHpxWUFSZkVZaTAyY0NhYjVLVEFwMFhYM2VtdVM3aWdvOVRMaGlpclh5RW9yRzAxTEg4VTN2elcyUkc2QWNFb05KQVR2dE91OUx4ak93NnpSUXl3MG5rdUVnQXh0Rk02R3c4NDc0ZC11cUJLX1loNmZQbWotc29Qb05vSFlTcEhjakI5US1vVkE?oc=5\" target=\"_blank\" rel=\"nofollow noopener\">Brutal ascenso en la general de la Vuelta a Espa\u00f1a de Santiago Buitrago tras la etapa 9: as\u00ed van los colombianos<\/a>&nbsp;&nbsp;El Tiempo<\/li>\n<li><a href=\"https:\/\/news.google.com\/rss\/articles\/CBMiqAFBVV95cUxOVXpEdGQ5VUZBLXQzZEJ2c1JrQW5Wb0Z0S0FOMGxqMXR3VW9QaWxJRTlDOUd5bkNrbTVYbmEtQkdXU21EcVRHVHlaTmc3VWJlblRFRWZqdFR0RGNZZGJVMWRScVI4clhDQzZUdUxVY2d6MFljRXp2M1ZhZ1NDb0JBV3FUUDZkZ3RDdTZJVS04MERaRDVjS3N5enRQS0poOEd3dGVPeld0NDM?oc=5\" target=\"_blank\" rel=\"nofollow noopener\">Vuelta a Espa\u00f1a 2026: as\u00ed quedaron los colombianos en la general tras la etapa 9<\/a>&nbsp;&nbsp;La FM<\/li>\n<li><a href=\"https:\/\/news.google.com\/rss\/articles\/CBMi_gFBVV95cUxPS0I0VXZCZU1IRVFrZl9ObGZ5QUFlUmNqVjBzNjlubUhtWTBaWnRnbmU4RUxZdnoxRGY1VGh6ZGJjem83QmhScGJpTjhwdlEydmJLTTlxZWpWQnlUY3FfaS1NcDRrMHFPWnVBOUhEUk9yYWVtQUU5VndGbHZmcVYtR2h6YWpPbV9vTDd4Z2tERVMweE5iN25NZEtsRVRQT3pRWHVENEFHeEFrN0Rnc2dOOGk5VVNhV0I2dmVVSWU5OHE0NGVJWURfWnR3RjlJeFZFUUZmTTRLS3p3dXNpTGtNSUF1cXpMTjVOUC13ODl2QmgxTHV3Zk9QeDJpS00zZw?oc=5\" target=\"_blank\" rel=\"nofollow noopener\">Harold Tejada, mejor colombiano en la Vuelta a Espa\u00f1a que lidera Enric Mas. El bogotano Santiago Buitrago es nuevo l\u00edder de monta\u00f1a<\/a>&nbsp;&nbsp;El Quindiano<\/li>\n<\/ol>\n","protected":false},"excerpt":{"rendered":"Santiago Buitrago, nuevo l\u00edder de la monta\u00f1a en la Vuelta a Espa\u00f1a&nbsp;&nbsp;Esciclismo Clasificaci\u00f3n general de la Vuelta a&hellip;\n","protected":false},"author":2,"featured_media":739231,"comment_status":"","ping_status":"","sticky":false,"template":"","format":"standard","meta":{"footnotes":""},"categories":[273],"tags":[7474,12611,77514,313,1757,4616,10084,18684,312,131226,168,158,120917,25,24,314,1058,2000,3015,6633,20809,130242,33987,75902,5564,5549,5329,55941,2538,13679,6417,27714,14906,2450,23,167,1079,12612,1357],"class_list":["post-739230","post","type-post","status-publish","format-standard","has-post-thumbnail","category-ciclismo","tag-azules","tag-bahrain","tag-buitrago","tag-ciclismo","tag-ciclista","tag-clasificacion","tag-colombiano","tag-contento","tag-cycling","tag-dab","tag-deportes","tag-el","tag-enfundado","tag-es","tag-espana","tag-etapa","tag-final","tag-ganar","tag-general","tag-haber","tag-haberse","tag-intente","tag-ir","tag-lamento","tag-lider","tag-maillot","tag-montana","tag-mostro","tag-opcion","tag-perdido","tag-puntos","tag-queria","tag-referencias","tag-santiago","tag-spain","tag-sports","tag-vez","tag-victorious","tag-vuelta"],"share_on_mastodon":{"url":"https:\/\/pubeurope.com\/@es\/117186618066248384","error":""},"_links":{"self":[{"href":"https:\/\/www.europesays.com\/es\/wp-json\/wp\/v2\/posts\/739230","targetHints":{"allow":["GET"]}}],"collection":[{"href":"https:\/\/www.europesays.com\/es\/wp-json\/wp\/v2\/posts"}],"about":[{"href":"https:\/\/www.europesays.com\/es\/wp-json\/wp\/v2\/types\/post"}],"author":[{"embeddable":true,"href":"https:\/\/www.europesays.com\/es\/wp-json\/wp\/v2\/users\/2"}],"replies":[{"embeddable":true,"href":"https:\/\/www.europesays.com\/es\/wp-json\/wp\/v2\/comments?post=739230"}],"version-history":[{"count":0,"href":"https:\/\/www.europesays.com\/es\/wp-json\/wp\/v2\/posts\/739230\/revisions"}],"wp:featuredmedia":[{"embeddable":true,"href":"https:\/\/www.europesays.com\/es\/wp-json\/wp\/v2\/media\/739231"}],"wp:attachment":[{"href":"https:\/\/www.europesays.com\/es\/wp-json\/wp\/v2\/media?parent=739230"}],"wp:term":[{"taxonomy":"category","embeddable":true,"href":"https:\/\/www.europesays.com\/es\/wp-json\/wp\/v2\/categories?post=739230"},{"taxonomy":"post_tag","embeddable":true,"href":"https:\/\/www.europesays.com\/es\/wp-json\/wp\/v2\/tags?post=739230"}],"curies":[{"name":"wp","href":"https:\/\/api.w.org\/{rel}","templated":true}]}}