{"id":739236,"date":"2026-08-30T21:40:41","date_gmt":"2026-08-30T21:40:41","guid":{"rendered":"https:\/\/www.europesays.com\/es\/739236\/"},"modified":"2026-08-30T21:40:41","modified_gmt":"2026-08-30T21:40:41","slug":"matilde-mourinho-hija-de-jose-mourinho-sobre-su-padre-me-ha-ensenado-que-se-puede-ser-un-lider-fuerte-sin-dejar-de-ser-amable-y-educado-3","status":"publish","type":"post","link":"https:\/\/www.europesays.com\/es\/739236\/","title":{"rendered":"Matilde Mourinho, hija de Jos\u00e9 Mourinho, sobre su padre: \u00abMe ha ense\u00f1ado que se puede ser un l\u00edder fuerte sin dejar de ser amable y educado\u00bb"},"content":{"rendered":"<p data-journey-content=\"true\" data-node-id=\"3\" class=\"body-dropcap css-rudnhv emevuu60\">Lanzar una marca de joyer\u00eda en plena pandemia, en uno de los mercados m\u00e1s competitivos del <a href=\"https:\/\/www.harpersbazaar.com\/es\/pasarelas\/primavera-verano-2026\/g68029430\/odette-alvarez-primavera-verano-2026-mbfwmadrid\/\" target=\"_blank\" data-vars-ga-outbound-link=\"https:\/\/www.harpersbazaar.com\/es\/pasarelas\/primavera-verano-2026\/g68029430\/odette-alvarez-primavera-verano-2026-mbfwmadrid\/\" data-vars-ga-ux-element=\"Hyperlink\" data-vars-ga-call-to-action=\"lujo contempor\u00e1neo\" data-node-id=\"3.1\" class=\"body-link css-1eciz3n emevuu60\" rel=\"nofollow noopener\">lujo contempor\u00e1neo<\/a>, no parec\u00eda la apuesta m\u00e1s sencilla. Sin embargo, seis a\u00f1os despu\u00e9s, <strong data-node-id=\"3.3\">Matilde Jewellery<\/strong> se ha consolidado como una de esas firmas que han sabido encontrar su lugar sin necesidad de seguir el ritmo fren\u00e9tico de <a href=\"https:\/\/www.harpersbazaar.com\/es\/moda\/noticias-moda\/a71927329\/tendencias-en-moda-de-bano-que-no-dejaremos-de-ver-este-verano-2026\/\" target=\"_blank\" data-vars-ga-outbound-link=\"https:\/\/www.harpersbazaar.com\/es\/moda\/noticias-moda\/a71927329\/tendencias-en-moda-de-bano-que-no-dejaremos-de-ver-este-verano-2026\/\" data-vars-ga-ux-element=\"Hyperlink\" data-vars-ga-call-to-action=\"las tendencias\" data-node-id=\"3.5\" class=\"body-link css-1eciz3n emevuu60\" rel=\"nofollow noopener\">las tendencias<\/a>.<\/p>\n<p data-journey-content=\"true\" data-node-id=\"9\" class=\"css-1ood0zq emevuu60\">La marca de joyas fundada por <strong data-node-id=\"9.1\">Matilde Mourinho,<\/strong> naci\u00f3 con una visi\u00f3n clara: crear joyas capaces de acompa\u00f1ar la vida de quien las lleva. Piezas de l\u00edneas depuradas, dise\u00f1adas para trascender temporadas y convertirse en parte de una historia personal. Una filosof\u00eda que ha llevado a la firma londinense a construir una comunidad fiel alrededor de una idea cada vez m\u00e1s escasa en la industria:<strong data-node-id=\"9.3\"> la permanencia<\/strong>.<\/p>\n<p><img draggable=\"true\" alt=\"woman sitting on a beige couch wearing a beige blazer and blue jeans\" title=\"woman sitting on a beige couch wearing a beige blazer and blue jeans\" loading=\"lazy\" width=\"938\" height=\"1396\" decoding=\"async\" data-nimg=\"1\" style=\"color:transparent;width:100%;height:auto;\"   src=\"https:\/\/www.europesays.com\/es\/wp-content\/uploads\/2026\/08\/ca3ccda3-eec8-49e8-b0fa-629ffb966389.png\" class=\"css-0 e1ddfba50\"\/><\/p>\n<p>Cortes\u00eda Matilde Mourinho<\/p>\n<p data-journey-content=\"true\" data-node-id=\"14\" class=\"css-1ood0zq emevuu60\">Criada entre Portugal, Inglaterra, Italia y Espa\u00f1a, Matilde desarroll\u00f3 una mirada profundamente internacional desde muy joven. Aunque es hija del c\u00e9lebre entrenador <strong data-node-id=\"14.1\">Jos\u00e9 Mourinho<\/strong>, ha construido su trayectoria profesional lejos del foco deportivo, desarrollando <a href=\"https:\/\/www.harpersbazaar.com\/es\/moda\/noticias-moda\/a70269109\/ramiro-mato-ramsos-firma-moda-familia-joyeros\/\" target=\"_blank\" data-vars-ga-outbound-link=\"https:\/\/www.harpersbazaar.com\/es\/moda\/noticias-moda\/a70269109\/ramiro-mato-ramsos-firma-moda-familia-joyeros\/\" data-vars-ga-ux-element=\"Hyperlink\" data-vars-ga-call-to-action=\"una firma de joyer\u00eda con identidad propia\" data-node-id=\"14.3\" class=\"body-link css-1eciz3n emevuu60\" rel=\"nofollow noopener\">una firma de joyer\u00eda con identidad propia<\/a>, donde la sostenibilidad, la calidad y el dise\u00f1o ocupan el centro de la conversaci\u00f3n.<\/p>\n<p><img draggable=\"true\" alt=\"person with rings on fingers, close up of face and hand.\" title=\"person with rings on fingers, close up of face and hand.\" loading=\"lazy\" width=\"940\" height=\"1430\" decoding=\"async\" data-nimg=\"1\" style=\"color:transparent;width:100%;height:auto;\"   src=\"https:\/\/www.europesays.com\/es\/wp-content\/uploads\/2026\/08\/2b957d98-fe40-4c72-9fce-8f6afbd665f0.png\" class=\"css-0 e1ddfba50\"\/><\/p>\n<p>Cortes\u00eda Matilde Jewellery<\/p>\n<p data-journey-content=\"true\" data-node-id=\"20\" class=\"css-1ood0zq emevuu60\"> <strong data-node-id=\"20.1\">Matilde<\/strong> <strong data-node-id=\"20.3\">Mourinho <\/strong>confiesa a Harper&#8217;s Bazaar los aprendizajes de emprender desde cero, la influencia de sus ra\u00edces multiculturales y el futuro de una marca que entiende el lujo como algo destinado a perdurar.<\/p>\n<p>Mirando atr\u00e1s, seis a\u00f1os despu\u00e9s de lanzar Matilde Jewellery, \u00bfqu\u00e9 le dir\u00edas a la versi\u00f3n de ti misma que empez\u00f3 la marca en 2020?<\/p>\n<p data-journey-content=\"true\" data-node-id=\"25\" class=\"css-1ood0zq emevuu60\">Dir\u00eda que <strong data-node-id=\"25.1\">construir una marca desde cero requiere much\u00edsimo trabajo<\/strong> y que hay que aprender a caminar antes de correr. Pero tambi\u00e9n le recordar\u00eda que cada momento que parece un fracaso es en realidad una lecci\u00f3n, y que el fracaso forma parte no solo de construir un negocio, sino tambi\u00e9n de la vida. <\/p>\n<p data-journey-content=\"true\" data-node-id=\"29\" class=\"css-1ood0zq emevuu60\">Tendemos a ver las cosas que no salen seg\u00fan lo previsto como algo negativo, y he aprendido que <strong data-node-id=\"29.1\">cada experiencia termina llev\u00e1ndote exactamente al lugar donde debes estar.<\/strong><\/p>\n<p>Creciste entre Portugal, Inglaterra, Italia y Espa\u00f1a. \u00bfC\u00f3mo han influido esos lugares y culturas en tu forma de dise\u00f1ar?<\/p>\n<p data-journey-content=\"true\" data-node-id=\"35\" class=\"css-1ood0zq emevuu60\">No ser\u00eda la persona que soy hoy si no hubiera vivido en diferentes pa\u00edses y experimentado culturas distintas. <strong data-node-id=\"35.1\">Ha influido en todo lo que hago<\/strong> y me ha convertido en una persona muy abierta. <\/p>\n<p data-journey-content=\"true\" data-node-id=\"39\" class=\"css-1ood0zq emevuu60\">Me encanta descubrir nuevos lugares y formas de vivir, y eso inspira profundamente mi manera de dise\u00f1ar. Portugal es una fuente constante de inspiraci\u00f3n para m\u00ed, aunque Espa\u00f1a e Italia tambi\u00e9n han tenido una gran influencia en mi trabajo y siguen teni\u00e9ndola hoy.<\/p>\n<p>Matilde Jewellery siempre ha apostado por una est\u00e9tica refinada y discreta. En una \u00e9poca en la que las tendencias cambian m\u00e1s r\u00e1pido que nunca, \u00bfqu\u00e9 hace que la atemporalidad te resulte tan atractiva?<\/p>\n<p data-journey-content=\"true\" data-node-id=\"44\" class=\"css-1ood0zq emevuu60\">Precisamente, el hecho de que las tendencias se muevan tan r\u00e1pido es lo que me lleva a querer crear piezas atemporales. Siempre parece haber una nueva tendencia a la vuelta de la esquina y resulta imposible seguirlas todas de una forma sostenible. Adem\u00e1s, creo que <strong data-node-id=\"44.1\">muchas veces las tendencias terminan diluyendo la identidad personal<\/strong>. La joyer\u00eda atemporal puede formar parte de la vida y la historia de quien la lleva. Gracias a la calidad y al dise\u00f1o de nuestras piezas, pueden pasar de una generaci\u00f3n a otra. <\/p>\n<p><img draggable=\"true\" alt=\"gold chain with diamond accents draped over stacked smooth stones.\" title=\"gold chain with diamond accents draped over stacked smooth stones.\" loading=\"lazy\" width=\"940\" height=\"1414\" decoding=\"async\" data-nimg=\"1\" style=\"color:transparent;width:100%;height:auto;\"   src=\"https:\/\/www.europesays.com\/es\/wp-content\/uploads\/2026\/08\/2a47ddda-d9cf-439f-9d00-0773fa752856.png\" class=\"css-0 e1ddfba50\"\/><\/p>\n<p>Cortes\u00eda Matilde Jewellery<\/p>\n<p><img draggable=\"true\" alt=\".\" title=\".\" loading=\"lazy\" width=\"936\" height=\"1404\" decoding=\"async\" data-nimg=\"1\" style=\"color:transparent;width:100%;height:auto;\"   src=\"https:\/\/www.europesays.com\/es\/wp-content\/uploads\/2026\/08\/6b424de3-c14e-4309-8c96-ffcae8053b7f.png\" class=\"css-0 e1ddfba50\"\/><\/p>\n<p>Cortes\u00eda Matilde Jewellery<\/p>\n<p>Las joyas suelen estar asociadas a recuerdos, hitos y momentos importantes. \u00bfQu\u00e9 te gustar\u00eda que las personas asociaran a tus dise\u00f1os una vez formen parte de sus vidas?<\/p>\n<p data-journey-content=\"true\" data-node-id=\"50\" class=\"css-1ood0zq emevuu60\">Espero que <strong data-node-id=\"50.1\">cada vez que alguien lleve una pieza de Matilde Jewellery piense en algo especial<\/strong>. Puede ser una persona, un lugar, un logro o un recuerdo concreto. Si nuestras joyas consiguen acompa\u00f1ar esos momentos y convertirse en parte de sus historias, ser\u00e9 muy feliz.<\/p>\n<p>Creciste con un apellido reconocido en todo el mundo. \u00bfC\u00f3mo has conseguido transformar esa exposici\u00f3n en una motivaci\u00f3n para construir una identidad propia y una marca con voz propia?<\/p>\n<p data-journey-content=\"true\" data-node-id=\"55\" class=\"css-1ood0zq emevuu60\">Siempre he querido que Matilde Jewellery se sostenga por sus propios m\u00e9ritos y no se defina \u00fanicamente por mi apellido. Al mismo tiempo, es mi apellido y me siento orgullosa de \u00e9l. Nunca he querido esconderlo ni alejarme de mis or\u00edgenes.<strong data-node-id=\"55.1\"> He trabajado much\u00edsimo para construir mi propia identidad como emprendedora<\/strong> y desarrollar una marca basada en la integridad, la creatividad y una visi\u00f3n clara. Cada paso del crecimiento de la firma se ha dado de forma honesta, justa y bajo mis propios t\u00e9rminos.<\/p>\n<p>Tu padre, Jos\u00e9 Mourinho, es conocido por su liderazgo y determinaci\u00f3n. \u00bfHay alguna lecci\u00f3n que hayas incorporado a tu forma de dirigir una empresa?<\/p>\n<p data-journey-content=\"true\" data-node-id=\"61\" class=\"css-1ood0zq emevuu60\">He aprendido much\u00edsimo de mis dos padres. Una de las ense\u00f1anzas m\u00e1s importantes que me han transmitido es que <strong data-node-id=\"61.1\">se puede ser un l\u00edder fuerte sin dejar de ser amable y educado<\/strong>. Ambas cosas pueden coexistir perfectamente, aunque a veces lo olvidemos.<\/p>\n<p>Antes de lanzar tu propia firma pasaste por \u00e1reas tan distintas como la moda, la fotograf\u00eda o el marketing. \u00bfCu\u00e1l fue el aprendizaje m\u00e1s valioso que te llevaste de esas experiencias a la hora de emprender?<\/p>\n<p data-journey-content=\"true\" data-node-id=\"66\" class=\"css-1ood0zq emevuu60\">Me siento muy afortunada de haber pasado por distintas \u00e1reas relacionadas con la moda y la comunicaci\u00f3n. Creo que aprend\u00ed algo valioso en cada una de ellas y <strong data-node-id=\"66.1\">no me habr\u00eda sentido preparada para lanzar mi propia marca sin esa experiencia previa<\/strong>. <\/p>\n<p data-journey-content=\"true\" data-node-id=\"70\" class=\"css-1ood0zq emevuu60\">Desde las relaciones p\u00fablicas hasta el estilismo, el comercio electr\u00f3nico, la edici\u00f3n, la fotograf\u00eda o el marketing, todas desempe\u00f1an un papel fundamental en la construcci\u00f3n de una firma. Siempre consider\u00e9 importante entender c\u00f3mo funciona cada una de esas \u00e1reas. Adem\u00e1s, <strong data-node-id=\"70.1\">estudi\u00e9 Direcci\u00f3n Creativa<\/strong>, una disciplina que re\u00fane muchas de ellas y que me ayud\u00f3 a desarrollar una visi\u00f3n m\u00e1s completa del negocio.<\/p>\n<p><img draggable=\"true\" alt=\"person holding gold mini dress hem with hand wearing jewelry.\" title=\"person holding gold mini dress hem with hand wearing jewelry.\" loading=\"lazy\" width=\"942\" height=\"1420\" decoding=\"async\" data-nimg=\"1\" style=\"color:transparent;width:100%;height:auto;\"   src=\"https:\/\/www.europesays.com\/es\/wp-content\/uploads\/2026\/08\/7cfb6577-0abd-4fd2-b47b-4f0fd380e33b.png\" class=\"css-0 e1ddfba50\"\/><\/p>\n<p>Cortes\u00eda Matilde Jewellery<\/p>\n<p>\u00bfQu\u00e9 te inspira creativamente m\u00e1s all\u00e1 del mundo de la joyer\u00eda?<\/p>\n<p data-journey-content=\"true\" data-node-id=\"76\" class=\"css-1ood0zq emevuu60\"><strong data-node-id=\"76.0\">Me apasiona todo lo relacionado con la creatividad<\/strong> y procuro hacer algo creativo cada d\u00eda. Antes de cambiar de rumbo estudi\u00e9 fotograf\u00eda en la universidad, algo que sigue fascin\u00e1ndome. Tambi\u00e9n encuentro mucha inspiraci\u00f3n en la moda, el dise\u00f1o de interiores y en descubrir nuevas marcas independientes con propuestas interesantes.<\/p>\n<p>\u00bfCu\u00e1l ha sido la parte m\u00e1s gratificante de construir Matilde Jewellery?<\/p>\n<p data-journey-content=\"true\" data-node-id=\"81\" class=\"css-1ood0zq emevuu60\">Ver c\u00f3mo una visi\u00f3n se convierte en una marca con la que las personas conectan de verdad. Que las clientas vuelvan, recomienden nuestras piezas o compartan c\u00f3mo las llevan es algo muy especial. Es un recordatorio de que no estamos creando \u00fanicamente objetos bonitos, sino algo que forma parte de la vida cotidiana y de los momentos importantes de las personas. Tambi\u00e9n <strong data-node-id=\"81.1\">resulta especialmente gratificante trabajar en piezas a medida<\/strong> y colaborar estrechamente con cada cliente durante el proceso.<\/p>\n<p>\u00bfHay alguna pieza de la marca que tenga un significado especialmente personal para ti?<\/p>\n<p data-journey-content=\"true\" data-node-id=\"87\" class=\"css-1ood0zq emevuu60\">Varias. <strong data-node-id=\"87.1\">El collar Leya, el brazalete Leonis y el collar Azulejo<\/strong>. El Azulejo fue una de las primeras piezas que dise\u00f1\u00e9 y sigo llevando cada d\u00eda el primer prototipo que recibimos, por lo que tiene un valor sentimental enorme. El collar Leya y el brazalete Leonis, adem\u00e1s, llevan el nombre de personas muy importantes para m\u00ed.<\/p>\n<p>Cuando imaginas Matilde Jewellery dentro de diez a\u00f1os, \u00bfqu\u00e9 legado te gustar\u00eda haber construido?<\/p>\n<p data-journey-content=\"true\" data-node-id=\"92\" class=\"css-1ood0zq emevuu60\">Me gustar\u00eda <strong data-node-id=\"92.1\">haber creado una comunidad de mujeres afines <\/strong>y que Matilde Jewellery siguiera acompa\u00f1\u00e1ndolas en sus momentos importantes. Me encanta pensar que alguien pueda comenzar su relaci\u00f3n con la marca siendo una mujer joven que se compra una joya para s\u00ed misma y que, diez a\u00f1os despu\u00e9s, siga recurriendo a Matilde para celebrar los hitos m\u00e1s importantes de su vida.<\/p>\n<p><img draggable=\"true\" alt=\"woman wearing gold drop chain earrings with black top.\" title=\"woman wearing gold drop chain earrings with black top.\" loading=\"lazy\" width=\"934\" height=\"1420\" decoding=\"async\" data-nimg=\"1\" style=\"color:transparent;width:100%;height:auto;\"   src=\"https:\/\/www.europesays.com\/es\/wp-content\/uploads\/2026\/08\/b8ee7ebd-288e-442b-931f-be48984e63ac.png\" class=\"css-0 e1ddfba50\"\/><\/p>\n<p>Cortes\u00eda Matilde Jewellery<\/p>\n<p>Si pudieras ver a cualquier mujer llevando una pieza de Matilde Jewellery, \u00bfqui\u00e9n te gustar\u00eda que fuera?<\/p>\n<p data-journey-content=\"true\" data-node-id=\"98\" class=\"css-1ood0zq emevuu60\"><strong data-node-id=\"98.0\">Me habr\u00eda encantado ver a mi abuela Matilde llevando nuestras joyas<\/strong>. Comparto nombre con mi madre y con ella, as\u00ed que habr\u00eda sido algo muy especial.<\/p>\n<p>\u00bfQu\u00e9 podemos esperar pr\u00f3ximamente de Matilde Jewellery?<\/p>\n<p data-journey-content=\"true\" data-node-id=\"103\" class=\"css-1ood0zq emevuu60\">Tenemos varios proyectos muy emocionantes previstos para finales de a\u00f1o. <strong data-node-id=\"103.1\">Creemos en las colecciones limitadas y en los lanzamientos cuidadosamente pensados<\/strong> para construir una colecci\u00f3n atemporal con el paso del tiempo. Por eso, cada nueva pieza o colecci\u00f3n se presenta de una forma muy intencionada y meditada.<\/p>\n<p>Por \u00faltimo, define Matilde Jewellery en tres palabras.<\/p>\n<p data-journey-content=\"true\" data-node-id=\"108\" class=\"css-1ood0zq emevuu60\">Atemporal, moderna y sutil.<\/p>\n","protected":false},"excerpt":{"rendered":"Lanzar una marca de joyer\u00eda en plena pandemia, en uno de los mercados m\u00e1s competitivos del lujo contempor\u00e1neo,&hellip;\n","protected":false},"author":2,"featured_media":739237,"comment_status":"","ping_status":"","sticky":false,"template":"","format":"standard","meta":{"footnotes":""},"categories":[174],"tags":[255,253,146,147,25,24,256,23],"class_list":["post-739236","post","type-post","status-publish","format-standard","has-post-thumbnail","category-famosos","tag-celebrities","tag-discover","tag-entertainment","tag-entretenimiento","tag-es","tag-espana","tag-famosos","tag-spain"],"share_on_mastodon":{"url":"https:\/\/pubeurope.com\/@es\/117186635422444892","error":""},"_links":{"self":[{"href":"https:\/\/www.europesays.com\/es\/wp-json\/wp\/v2\/posts\/739236","targetHints":{"allow":["GET"]}}],"collection":[{"href":"https:\/\/www.europesays.com\/es\/wp-json\/wp\/v2\/posts"}],"about":[{"href":"https:\/\/www.europesays.com\/es\/wp-json\/wp\/v2\/types\/post"}],"author":[{"embeddable":true,"href":"https:\/\/www.europesays.com\/es\/wp-json\/wp\/v2\/users\/2"}],"replies":[{"embeddable":true,"href":"https:\/\/www.europesays.com\/es\/wp-json\/wp\/v2\/comments?post=739236"}],"version-history":[{"count":0,"href":"https:\/\/www.europesays.com\/es\/wp-json\/wp\/v2\/posts\/739236\/revisions"}],"wp:featuredmedia":[{"embeddable":true,"href":"https:\/\/www.europesays.com\/es\/wp-json\/wp\/v2\/media\/739237"}],"wp:attachment":[{"href":"https:\/\/www.europesays.com\/es\/wp-json\/wp\/v2\/media?parent=739236"}],"wp:term":[{"taxonomy":"category","embeddable":true,"href":"https:\/\/www.europesays.com\/es\/wp-json\/wp\/v2\/categories?post=739236"},{"taxonomy":"post_tag","embeddable":true,"href":"https:\/\/www.europesays.com\/es\/wp-json\/wp\/v2\/tags?post=739236"}],"curies":[{"name":"wp","href":"https:\/\/api.w.org\/{rel}","templated":true}]}}