{"id":739238,"date":"2026-08-30T21:41:52","date_gmt":"2026-08-30T21:41:52","guid":{"rendered":"https:\/\/www.europesays.com\/es\/739238\/"},"modified":"2026-08-30T21:41:52","modified_gmt":"2026-08-30T21:41:52","slug":"un-titanic-hundido-y-un-correfoc-el-diseno-valenciano-incendia-el-festival-burning-man-de-nevada","status":"publish","type":"post","link":"https:\/\/www.europesays.com\/es\/739238\/","title":{"rendered":"Un titanic hundido y un correfoc: El dise\u00f1o valenciano incendia el festival Burning Man de Nevada"},"content":{"rendered":"<p class=\"ft-text ft-helper-closenews\">Hay un Titanic que ha empezado a hundirse en el desierto de Nevada y un Correfoc que acaba de llegar a la misma playa. No hay agua, solo arena y piedras durante cientos de kil\u00f3metros. En el desierto <a class=\"ft-link ft-link--decoration\" href=\"https:\/\/es.wikipedia.org\/wiki\/Desierto_de_Black_Rock\" target=\"_blank\" rel=\"nofollow noopener\">Black Rock del estado de Nevada<\/a>, el ic\u00f3nico festival <a class=\"ft-link ft-link--decoration\" href=\"https:\/\/es.wikipedia.org\/wiki\/Burning_Man\" target=\"_blank\" rel=\"nofollow noopener\">Burning Man<\/a> ha comenzado a construir la ciudad ef\u00edmera donde conviven asistentes, arquitecturas fijas y m\u00f3viles, propuestas art\u00edsticas y m\u00fasica. <strong>Tanto el Titanic como el Correfoc estar\u00e1n instalados el d\u00eda 30, cuando empiece oficialmente el festival<\/strong>, y arder\u00e1n una semana despu\u00e9s.<\/p>\n<p class=\"ft-text\">La conexi\u00f3n valenciana con el festival vuelve a reeditarse este a\u00f1o de la mano de <a class=\"ft-link ft-link--decoration\" href=\"https:\/\/www.levante-emv.com\/cultura\/2025\/08\/22\/miguel-arraiz-arquitecto-cultura-fuego-burning-man-120796411.html\" target=\"_blank\" rel=\"nofollow noopener\">Miguel Arraiz<\/a>, que participa en dos de las grandes instalaciones de esta edici\u00f3n. Ha sido el arquitecto jefe del proyecto &#8216;Titanic&#8217;, del colectivo Titanic End, y ha vuelto a contar con la ayuda de los arquitectos<strong> Javier Molinero y Javier Bono.<\/strong> En paralelo, ha trabajado con el dise\u00f1ador valenciano y <strong>Premio Nacional del Dise\u00f1o,<\/strong><a class=\"ft-link ft-link--decoration\" href=\"https:\/\/ca.wikipedia.org\/wiki\/Daniel_Nebot_P%C3%A9rez\" target=\"_blank\" rel=\"nofollow noopener\"><strong> Dani Nebot<\/strong><\/a><strong>,<\/strong> para crear<a class=\"ft-link ft-link--decoration\" href=\"https:\/\/www.levante-emv.com\/cultura\/2026\/04\/13\/correfoc-desierto-nevada-fuego-valenciano-128783721.html\" target=\"_blank\" rel=\"nofollow noopener\"> &#8216;Correfoc&#8217;, una escultura que lleva al desierto una de las expresiones culturales y festivas<\/a> m\u00e1s reconocidas de Valencia.<\/p>\n<p class=\"ft-text\">Ambos se encuentran ya en el desierto supervisando el desarrollo de la instalaci\u00f3n. Arraiz es ya un experto: este ser\u00e1 el cuarto a\u00f1o que participe en este festival que a\u00fana todas las artes durante una semana y despu\u00e9s, se evapora casi por arte de magia. El arquitecto valenciano lleva meses all\u00ed con la construcci\u00f3n del Titanic, financiado por <a class=\"ft-link ft-link--decoration\" href=\"https:\/\/es.wikipedia.org\/wiki\/Justin_Kan\" target=\"_blank\" rel=\"nofollow noopener\">Justin Kan<\/a>, empresario y<strong> cofundador de la plataforma Twitch<\/strong>, que ha confiado a Arraiz el desarrollo del proyecto y que ha participado activamente en su construcci\u00f3n.<\/p>\n<p><img decoding=\"async\" src=\"https:\/\/www.europesays.com\/es\/wp-content\/uploads\/2026\/08\/181aa558-f67e-4bd9-a192-6e818e418985_alta-libre-aspect-ratio_default_0_x960y360.jpg\" width=\"1200\" height=\"675\" alt=\"Un render de c\u00f3mo quedar\u00e1 la instalaci\u00f3n del Titanic y, al lado, estado actual del montaje el pasado martes.\" class=\"ft-helper-img-rd\" loading=\"lazy\" fetchpriority=\"auto\"\/><\/p>\n<p class=\"ft-helper-fontColor-quaternary ft-helper-fontSize-body-S ft-helper-spacer-t-xxs\">Un render de c\u00f3mo quedar\u00e1 la instalaci\u00f3n del Titanic y, al lado, estado actual del montaje el pasado martes.  \/ IG<\/p>\n<p class=\"ft-text\">No son dos proyectos menores, ya que forman parte de la selecci\u00f3n oficial de obras para 2026. La misma organizaci\u00f3n del festival describe el Titanic como <strong>una de las grandes piezas monumentales de esta edici\u00f3n<\/strong>, ya que tiene unos 61 metros de di\u00e1metro. Reproduce el transatl\u00e1ntico partido en dos y hundi\u00e9ndose en el mar, que en esta ocasi\u00f3n es la famosa &#8216;playa&#8217; del desierto, la zona del festival que acoge todas estas estructuras. <\/p>\n<p>Visitar el Titanic por dentro<\/p>\n<p class=\"ft-text\">La instalaci\u00f3n es llamativa porque representan el Titanic ya partido,<strong> con la proa y la popa a\u00fan a flote<\/strong> y f\u00e1cilmente identificables gracias a las caracter\u00edsticas chimeneas del barco. Hecho de madera en un taller de San Francisco, por dentro se podr\u00e1 visitar, ya que hay dos grandes espacios que se pueden recorrer. Las dos partes del barco forman un anfiteatro que se concibe como un lugar de reuni\u00f3n desde el que se puede contemplar el desierto. <\/p>\n<p class=\"ft-text\">Durante la noche, la instalaci\u00f3n cambiar\u00e1 completamente gracias a una iluminaci\u00f3n din\u00e1mica que recorre la estructura. <strong>Las cuatro chimeneas<\/strong> -dos de ellas casi dentro de la tierra- expulsar\u00e1n fuego, dramatizando el naufragio del Titanic en medio del Black Rock City. <\/p>\n<p class=\"ft-text\">Tal como explican, el proyecto se basa <strong>en una reflexi\u00f3n sobre la confianza depositada por el ser humano en la tecnolog\u00eda<\/strong>, ya que el Titanic es la met\u00e1fora de una civilizaci\u00f3n que ha llevado su capacidad de transformar el planeta a niveles cada vez mayores, ya que este hist\u00f3rico barco fue una revoluci\u00f3n para los conocimientos y capacidades de principios del siglo XX. El colectivo impulsor de esta estructura ha anunciado que<strong> se quemar\u00e1 el 4 de septiembre<\/strong> y prev\u00e9 que ser\u00e1 uno de los grandes atractivos del festival al ser una de las instalaciones m\u00e1s grandes de la playa. <\/p>\n<p>Del naufragio al Correfoc<\/p>\n<p class=\"ft-text\">El Correfoc, por su parte, atrac\u00f3 hace unos d\u00edas <strong>en el puerto de Oakland despu\u00e9s de una larga traves\u00eda <\/strong>de m\u00e1s de un mes desde Val\u00e8ncia. Alcanza unos ocho metros de altura y reproduce la silueta humana estilizada del &#8216;dimoni&#8217;, caracter\u00edsticos en las fiestas valencianas, para cuya documentaci\u00f3n t\u00e9cnica han participado tambi\u00e9n Molinero y Bono. En torno a \u00e9l bailar\u00e1 el Fire Collective, la agrupaci\u00f3n de bailarines de fuego que participa cada a\u00f1o en el Burning Man. <\/p>\n<p class=\"ft-text\">La pieza, tal como se describe oficialmente por el festival, es una silueta humana de intenso color rojo. Durante el d\u00eda funcionar\u00e1 como un hito reconocible en el paisaje del desierto mientras que por la noche, una iluminaci\u00f3n sutil reforzar\u00e1 su contorno y servir\u00e1 como tel\u00f3n de fondo para los bailarines del fuego. <\/p>\n<p><img decoding=\"async\" src=\"https:\/\/www.europesays.com\/es\/wp-content\/uploads\/2026\/08\/ba26d48e-5e47-45bc-a165-0c6df5dfb333_alta-libre-aspect-ratio_default_0_x600y533.jpg\" width=\"1200\" height=\"1600\" alt=\"Dani Nebot supervisando el traslado del Correfoc.\" class=\"ft-helper-img-rd\" loading=\"lazy\" fetchpriority=\"auto\"\/><\/p>\n<p class=\"ft-helper-fontColor-quaternary ft-helper-fontSize-body-S ft-helper-spacer-t-xxs\">Dani Nebot supervisando el traslado del Correfoc.  \/ DN<\/p>\n<p class=\"ft-text\">La idea es trasladar a Nevada la l\u00f3gica del correfoc, un punto en torno al cual se desarrollan danzas entre el ritual, el miedo y la fascinaci\u00f3n. De hecho, el festival describe esa idea valenciana de las fiestas populares como un \u00abritual mediterr\u00e1neo\u00bb de movimiento colectivo y tradici\u00f3n.<\/p>\n<p class=\"ft-text\">Arraiz encontr\u00f3 el origen del proyecto en el propio trabajo de Dani Nebot cuando visit\u00f3 su taller y <strong>se encontr\u00f3 con una de las esculturas de &#8216;dimonis&#8217; del dise\u00f1ador.<\/strong> Le pareci\u00f3 que la figura encajaba con las premisas del festival y ambas decidieron presentarlas, ganando una de las becas de arte que ofrece Burning Man. <\/p>\n<p><img decoding=\"async\" src=\"https:\/\/www.europesays.com\/es\/wp-content\/uploads\/2026\/08\/83458e93-5c2d-4df4-92ea-ae604f6ed872_alta-libre-aspect-ratio_default_0_x960y360.jpg\" width=\"1200\" height=\"675\" alt=\"Preparaci\u00f3n del Correfoc para ser trasladado a Estados Unidos desde Val\u00e8ncia.\" class=\"ft-helper-img-rd\" loading=\"lazy\" fetchpriority=\"auto\"\/><\/p>\n<p class=\"ft-helper-fontColor-quaternary ft-helper-fontSize-body-S ft-helper-spacer-t-xxs\">Preparaci\u00f3n del Correfoc para ser trasladado a Estados Unidos desde Val\u00e8ncia.  \/ DN<\/p>\n<p class=\"ft-text\">La estructura se ha construido en madera en Val\u00e8ncia y, una vez terminada, ha iniciado el largo recorrido hasta Estados Unidos en barco hasta Oakland, donde un cami\u00f3n la ha recogido para trasladarla hasta el estado de Nevada.<\/p>\n<p>Conexi\u00f3n con el desierto<\/p>\n<p class=\"ft-text\">Para Arraiz, esta relaci\u00f3n con el fuego no es nueva. Su v\u00ednculo con Burning Man comenz\u00f3 hace m\u00e1s de una d\u00e9cada y se ha construido precisamente alrededor de la conexi\u00f3n entre la cultura valenciana del fuego y el festival estadounidense. En 2015 y 2016 particip\u00f3 en sendas ediciones y <a class=\"ft-link ft-link--decoration\" href=\"https:\/\/www.levante-emv.com\/cultura\/2025\/09\/01\/burning-man-quema-falla-pleno-121122474.html\" target=\"_blank\" rel=\"nofollow noopener\">en 2025 dio el salto m\u00e1s importante de su trayectoria en Black Rock City<\/a> al convertirse en el primer <a class=\"ft-link ft-link--decoration\" href=\"https:\/\/www.levante-emv.com\/cultura\/2026\/03\/10\/miguel-arraiz-emocion-construir-templo-burning-man-exposicion-127732160.html\" target=\"_blank\" rel=\"nofollow noopener\">arquitecto espa\u00f1ol encargado de dise\u00f1ar el templo central del festival, el &#8216;Temple of the deep&#8217;<\/a>.<\/p>\n<p class=\"ft-text\">Arraiz dirigi\u00f3 entonces un equipo internacional -que ha participado tambi\u00e9n en la construcci\u00f3n del Titanic- para levantar ese templo ideado para el recogimiento y la memoria. Los que lo visitaban pod\u00edan dejar <strong>cartas, fotograf\u00edas y objetos personales<\/strong> relacionados con el duelo y la p\u00e9rdida, de cualquier tipo, antes de que el fuego consumiera la estructura. <\/p>\n<p class=\"ft-text\">La presencia de los dos proyectos consolida una relaci\u00f3n que comenz\u00f3 mucho antes de que Arraiz dise\u00f1ara el templo de 2025. En 2016, el arquitecto, junto al artista fallero David Moreno y bajo el colectivo Pink Intruder, llev\u00f3 al Burning Man el proyecto <strong>Renaixement<\/strong>, una instalaci\u00f3n inspirada en las Fallas que fue una de las primeras grandes conexiones directas entre Val\u00e8ncia y el festival. <\/p>\n<p data-close=\"closedContent\" class=\"subscribeHideForDisplay\">Suscr\u00edbete para seguir leyendo<\/p>\n","protected":false},"excerpt":{"rendered":"Hay un Titanic que ha empezado a hundirse en el desierto de Nevada y un Correfoc que acaba&hellip;\n","protected":false},"author":2,"featured_media":739239,"comment_status":"","ping_status":"","sticky":false,"template":"","format":"standard","meta":{"footnotes":""},"categories":[173],"tags":[801,229,233,231,230,131227,232,234,146,147,25,24,3931,38077,23,8349,706],"class_list":["post-739238","post","type-post","status-publish","format-standard","has-post-thumbnail","category-arte-y-diseno","tag-arquitectura","tag-arte","tag-arte-y-diseno","tag-arts","tag-arts-and-design","tag-correfoc","tag-design","tag-diseno","tag-entertainment","tag-entretenimiento","tag-es","tag-espana","tag-festival","tag-hundido","tag-spain","tag-titanic","tag-valenciano"],"share_on_mastodon":{"url":"https:\/\/pubeurope.com\/@es\/117186642780162153","error":""},"_links":{"self":[{"href":"https:\/\/www.europesays.com\/es\/wp-json\/wp\/v2\/posts\/739238","targetHints":{"allow":["GET"]}}],"collection":[{"href":"https:\/\/www.europesays.com\/es\/wp-json\/wp\/v2\/posts"}],"about":[{"href":"https:\/\/www.europesays.com\/es\/wp-json\/wp\/v2\/types\/post"}],"author":[{"embeddable":true,"href":"https:\/\/www.europesays.com\/es\/wp-json\/wp\/v2\/users\/2"}],"replies":[{"embeddable":true,"href":"https:\/\/www.europesays.com\/es\/wp-json\/wp\/v2\/comments?post=739238"}],"version-history":[{"count":0,"href":"https:\/\/www.europesays.com\/es\/wp-json\/wp\/v2\/posts\/739238\/revisions"}],"wp:featuredmedia":[{"embeddable":true,"href":"https:\/\/www.europesays.com\/es\/wp-json\/wp\/v2\/media\/739239"}],"wp:attachment":[{"href":"https:\/\/www.europesays.com\/es\/wp-json\/wp\/v2\/media?parent=739238"}],"wp:term":[{"taxonomy":"category","embeddable":true,"href":"https:\/\/www.europesays.com\/es\/wp-json\/wp\/v2\/categories?post=739238"},{"taxonomy":"post_tag","embeddable":true,"href":"https:\/\/www.europesays.com\/es\/wp-json\/wp\/v2\/tags?post=739238"}],"curies":[{"name":"wp","href":"https:\/\/api.w.org\/{rel}","templated":true}]}}