{"id":739264,"date":"2026-08-30T22:03:24","date_gmt":"2026-08-30T22:03:24","guid":{"rendered":"https:\/\/www.europesays.com\/es\/739264\/"},"modified":"2026-08-30T22:03:24","modified_gmt":"2026-08-30T22:03:24","slug":"dimitrievski-no-estamos-a-la-altura-del-club-hay-que-espabilar","status":"publish","type":"post","link":"https:\/\/www.europesays.com\/es\/739264\/","title":{"rendered":"Dimitrievski: \u00abNo estamos a la altura del club. Hay que espabilar\u00bb"},"content":{"rendered":"<p class=\"ft-text\"><strong>Dur\u00edsima derrota del Valencia CF en Riazor <\/strong>en un partido en el que <strong>un reci\u00e9n ascendido ha sacado los colores al equipo de Carlos Corber\u00e1n<\/strong>. El Valencia, <a class=\"ft-link ft-link--decoration\" href=\"https:\/\/www.superdeporte.es\/valencia-cf\/2026\/08\/30\/video-resumen-mejores-imagenes-rc-133787787.html\" rel=\"nofollow noopener\" target=\"_blank\">desdibujado desde el inicio del partido,<\/a> no ha sabido reaccionar en ning\u00fan momento ante el vendaval ofensivo de <strong>un Deportivo de A Coru\u00f1a que ha disfrutado de su primer gran partido en casa en su regreso a Primera Divisi\u00f3n <\/strong><\/p>\n<p class=\"ft-text\">\u00abEstamos muy dolidos por el resultado y por los primeros veinte minutos. <strong>No estamos a la altura del club y de todo lo que conllevamos<\/strong>. Hay que espabilar para poder salir mejor y ser m\u00e1s contundente en defensa en estos primeros minutos\u00bb, ha asegurado<strong> Stole Dimitirevski<\/strong> que ha sido el encargado de hablar para los micr\u00f3fonos de DAZN.<\/p>\n<p class=\"ft-text\"><strong>En ese sentido el guardameta explica que:<\/strong> \u00abNo cometer estos errores. Todo el equipo tiene que ser m\u00e1s activo y salir para adelante, echarle huevos y hay que espabilar desde el primer momento. Hay que pelear todos los jugadores. En los primeros veinte minutos estamos horrorosos y no podemos pemitirlo a estas alturas\u00bb<\/p>\n<p class=\"ft-text\">Por otro lado tambi\u00e9n ha tenido palabras para la afici\u00f3n,<strong> que ve c\u00f3mo su equipo ha sido incapaz de ganar uno de sus primeros tres partidos, <\/strong>dos de ellos como local en Mestalla. \u00abNo s\u00e9 qui\u00e9n soy para pedir fichajes. Somos quienes somos. No podemos permitir estos primeros minutos. Todos los jugadores tenemos que dar un paso adelante y pelear. Se trata de superar pero no podemos permitirnos estos veinte minutos porque LaLiga es muy competitiva\u00bb, cierra el normacedonio.<\/p>\n","protected":false},"excerpt":{"rendered":"Dur\u00edsima derrota del Valencia CF en Riazor en un partido en el que un reci\u00e9n ascendido ha sacado&hellip;\n","protected":false},"author":2,"featured_media":739265,"comment_status":"","ping_status":"","sticky":false,"template":"","format":"standard","meta":{"footnotes":""},"categories":[268],"tags":[5843,2513,1798,305,168,60539,13463,25,131228,24,280,282,1634,281,23,167,5419],"class_list":["post-739264","post","type-post","status-publish","format-standard","has-post-thumbnail","category-futbol","tag-a-coruna","tag-altura","tag-club","tag-dazn","tag-deportes","tag-dimitrievski","tag-el-valencia","tag-es","tag-espabilar","tag-espana","tag-football","tag-futbol","tag-hay","tag-soccer","tag-spain","tag-sports","tag-valencia-cf"],"share_on_mastodon":{"url":"https:\/\/pubeurope.com\/@es\/117186724637889840","error":""},"_links":{"self":[{"href":"https:\/\/www.europesays.com\/es\/wp-json\/wp\/v2\/posts\/739264","targetHints":{"allow":["GET"]}}],"collection":[{"href":"https:\/\/www.europesays.com\/es\/wp-json\/wp\/v2\/posts"}],"about":[{"href":"https:\/\/www.europesays.com\/es\/wp-json\/wp\/v2\/types\/post"}],"author":[{"embeddable":true,"href":"https:\/\/www.europesays.com\/es\/wp-json\/wp\/v2\/users\/2"}],"replies":[{"embeddable":true,"href":"https:\/\/www.europesays.com\/es\/wp-json\/wp\/v2\/comments?post=739264"}],"version-history":[{"count":0,"href":"https:\/\/www.europesays.com\/es\/wp-json\/wp\/v2\/posts\/739264\/revisions"}],"wp:featuredmedia":[{"embeddable":true,"href":"https:\/\/www.europesays.com\/es\/wp-json\/wp\/v2\/media\/739265"}],"wp:attachment":[{"href":"https:\/\/www.europesays.com\/es\/wp-json\/wp\/v2\/media?parent=739264"}],"wp:term":[{"taxonomy":"category","embeddable":true,"href":"https:\/\/www.europesays.com\/es\/wp-json\/wp\/v2\/categories?post=739264"},{"taxonomy":"post_tag","embeddable":true,"href":"https:\/\/www.europesays.com\/es\/wp-json\/wp\/v2\/tags?post=739264"}],"curies":[{"name":"wp","href":"https:\/\/api.w.org\/{rel}","templated":true}]}}