{"id":739268,"date":"2026-08-30T22:05:41","date_gmt":"2026-08-30T22:05:41","guid":{"rendered":"https:\/\/www.europesays.com\/es\/739268\/"},"modified":"2026-08-30T22:05:41","modified_gmt":"2026-08-30T22:05:41","slug":"frida-kahlo-el-arte-nacido-de-una-vida-rota","status":"publish","type":"post","link":"https:\/\/www.europesays.com\/es\/739268\/","title":{"rendered":"Frida Kahlo, el arte nacido de una vida rota"},"content":{"rendered":"<p>Frida Kahlo convirti\u00f3 el dolor en un lenguaje que no necesitaba traducci\u00f3n. Bajo sus vestidos de tehuana, entre flores trenzadas en el cabello y una mirada capaz de desafiar a cualquiera que se cruzara con ella, habitaba una mujer que convivi\u00f3 con el sufrimiento f\u00edsico desde la adolescencia y con una sucesi\u00f3n de p\u00e9rdidas imposibles de olvidar. Mientras el mundo aprend\u00eda a admirar sus autorretratos, en la intimidad de su Casa Azul en la Ciudad de M\u00e9xico se acumulaban objetos que hablaban de una existencia marcada por la enfermedad, la mutilaci\u00f3n y la frustraci\u00f3n de una maternidad que nunca lleg\u00f3. Detr\u00e1s del mito de la artista revolucionaria, de la esposa de Diego Rivera y del icono feminista convertido en fen\u00f3meno universal, sobreviv\u00eda una personalidad fascinante a la vez que contradictoria, capaz de transformar los episodios m\u00e1s devastadores de su vida en una obra art\u00edstica que todav\u00eda hoy contin\u00faa despertando al espectador sentimientos encontrados.<\/p>\n<p>Su biograf\u00eda est\u00e1 llena de episodios que nacieron de una realidad extraordinariamente cruel. El 17 de septiembre de 1925, cuando apenas ten\u00eda 18 a\u00f1os, el autob\u00fas en el que regresaba a casa choc\u00f3 violentamente con un tranv\u00eda en la capital mexicana. Las consecuencias fueron devastadoras: una barra met\u00e1lica atraves\u00f3 su pelvis, sufri\u00f3 fracturas en la columna vertebral, en la clav\u00edcula, en varias costillas, en la pierna derecha y en el pie, adem\u00e1s de una grave lesi\u00f3n en la cadera. Los m\u00e9dicos dudaron de que pudiera sobrevivir, pero, contra todo pron\u00f3stico lo hizo, aunque jam\u00e1s volver\u00eda a disfrutar de una vida f\u00edsicamente normal.<\/p>\n<p>Las secuelas del accidente condicionaron toda su vida. Frida sufri\u00f3 varios embarazos que no pudieron llegar a t\u00e9rmino. Los historiadores discrepan sobre el n\u00famero exacto debido a la escasez y complejidad de la documentaci\u00f3n m\u00e9dica, pero existe consenso en que padeci\u00f3 abortos espont\u00e1neos y complicaciones obst\u00e9tricas relacionadas con las lesiones sufridas en el siniestro.\u00a0<\/p>\n<p><img decoding=\"async\" loading=\"lazy\" src=\"https:\/\/www.europesays.com\/es\/wp-content\/uploads\/2026\/08\/B5E48270-FF2A-48D6-BADE8F88DF9A680B.PNG\" alt=\"El accidente que cambi\u00f3 su destino, los abortos que influyeron en su obra y sus rarezas convirtieron a la mexicana en una figura fascinante del siglo XX\" border=\"0\"\/>El universo visual de la artista incorpor\u00f3 de manera constante im\u00e1genes de beb\u00e9s, \u00f3rganos, esqueletos y representaciones anat\u00f3micas que expresaban su duelo por la maternidad imposible y su fascinaci\u00f3n por el cuerpo humano.Uno de los episodios m\u00e1s traum\u00e1ticos ocurri\u00f3 en 1932, durante su estancia en Detroit, cuando sufri\u00f3 una p\u00e9rdida de varios meses tras una hemorragia que la oblig\u00f3 a permanecer ingresada en un centro m\u00e9dico de la ciudad. Aquella experiencia dio origen a una de sus pinturas m\u00e1s desgarradoras, Henry Ford Hospital, en la que aparece desnuda sobre una cama ensangrentada unida mediante cordones umbilicales simb\u00f3licos a distintos objetos, entre ellos un feto masculino.<\/p>\n<p>Durante a\u00f1os circul\u00f3 la historia de que conservaba fetos deformes en frascos de formol dentro de la Casa Azul. Los investigadores coinciden en que Frida reuni\u00f3 piezas anat\u00f3micas, modelos m\u00e9dicos y preparaciones biol\u00f3gicas relacionadas con la reproducci\u00f3n, y diversos testimonios hist\u00f3ricos describen la presencia de espec\u00edmenes conservados en recipientes con formol en su entorno dom\u00e9stico. Sin embargo, no puede confirmarse documentalmente que todos esos fetos procedieran de sus propios embarazos o que fueran restos humanos vinculados directamente a sus abortos. Lo que s\u00ed resulta evidente es que el universo visual de la artista incorpor\u00f3 de manera constante im\u00e1genes fetales, \u00f3rganos, esqueletos y representaciones anat\u00f3micas que expresaban su duelo por la maternidad imposible y su permanente fascinaci\u00f3n por la fragilidad del cuerpo humano.<\/p>\n<p>Un amor bajo lupa<\/p>\n<p>La relaci\u00f3n con Diego Rivera aliment\u00f3 igualmente algunas de las historias m\u00e1s sorprendentes de su vida. Ambos mantuvieron un matrimonio marcado por las infidelidades mutuas, las separaciones, el divorcio y un posterior nuevo matrimonio. Frida lleg\u00f3 a mantener relaciones sentimentales con hombres y mujeres, entre ellas la cantante Chavela Vargas y con figuras como Le\u00f3n Trotsky durante el tiempo que el revolucionario sovi\u00e9tico permaneci\u00f3 exiliado en M\u00e9xico. Esa libertad afectiva escandalizaba a buena parte de la sociedad de su \u00e9poca, pero respond\u00eda a una personalidad profundamente independiente.<\/p>\n<p>Su aspecto tambi\u00e9n romp\u00eda con los c\u00e1nones convencionales de belleza. Nunca ocult\u00f3 el entrecejo ni el fino bigote que aparec\u00eda sobre su labio superior. Al contrario, los enfatizaba en sus autorretratos como una declaraci\u00f3n de identidad.<\/p>\n<p><img decoding=\"async\" loading=\"lazy\" src=\"https:\/\/www.europesays.com\/es\/wp-content\/uploads\/2026\/08\/391FD83E-CF31-4F46-B22C61EE9FEC4AF1.PNG\" alt=\"El accidente que cambi\u00f3 su destino, los abortos que influyeron en su obra y sus rarezas convirtieron a la mexicana en una figura fascinante del siglo XX\" border=\"0\"\/>El universo visual de la artista incorpor\u00f3 de manera constante im\u00e1genes de beb\u00e9s, \u00f3rganos, esqueletos y representaciones anat\u00f3micas que expresaban su duelo por la maternidad imposible y su fascinaci\u00f3n por el cuerpo humano.A medida que avanzaban los a\u00f1os, el deterioro f\u00edsico se aceler\u00f3. Las infecciones, las operaciones y los problemas circulatorios terminaron provocando la amputaci\u00f3n de la pierna derecha en 1953, una intervenci\u00f3n que termin\u00f3 por hundirla. En su diario escribi\u00f3 una de las frases m\u00e1s estremecedoras de toda su obra: \u00abPies, \u00bfpara qu\u00e9 los quiero si tengo alas para volar?\u00bb.<\/p>\n<p><img decoding=\"async\" loading=\"lazy\" src=\"https:\/\/www.europesays.com\/es\/wp-content\/uploads\/2026\/08\/D500EF2D-4E6B-4F41-B96BFE34B0821796.PNG\" alt=\"El universo visual de la artista incorpor\u00f3 de manera constante im\u00e1genes de beb\u00e9s, \u00f3rganos, esqueletos y representaciones anat\u00f3micas que expresaban su duelo por la maternidad imposible y su fascinaci\u00f3n por el cuerpo humano.\" border=\"0\"\/>El universo visual de la artista incorpor\u00f3 de manera constante im\u00e1genes de beb\u00e9s, \u00f3rganos, esqueletos y representaciones anat\u00f3micas que expresaban su duelo por la maternidad imposible y su fascinaci\u00f3n por el cuerpo humano.Finalmente, muri\u00f3 un a\u00f1o despu\u00e9s con tan solo 47 a\u00f1os. Oficialmente, la causa fue una embolia pulmonar, aunque algunos investigadores plantearon la posibilidad de una sobredosis accidental o incluso voluntaria, algo que no ha sido demostrado.<\/p>\n","protected":false},"excerpt":{"rendered":"Frida Kahlo convirti\u00f3 el dolor en un lenguaje que no necesitaba traducci\u00f3n. Bajo sus vestidos de tehuana, entre&hellip;\n","protected":false},"author":2,"featured_media":739269,"comment_status":"","ping_status":"","sticky":false,"template":"","format":"standard","meta":{"footnotes":""},"categories":[173],"tags":[17020,3629,229,233,231,230,232,48499,234,1293,146,147,25,24,33621,3023,1913,6016,1906,4193,23],"class_list":["post-739268","post","type-post","status-publish","format-standard","has-post-thumbnail","category-arte-y-diseno","tag-aborto","tag-adolescencia","tag-arte","tag-arte-y-diseno","tag-arts","tag-arts-and-design","tag-design","tag-detroit","tag-diseno","tag-enfermedades","tag-entertainment","tag-entretenimiento","tag-es","tag-espana","tag-frida-kahlo","tag-lenguaje","tag-maternidad","tag-medicos","tag-mexico","tag-siglo-xx","tag-spain"],"share_on_mastodon":{"url":"https:\/\/pubeurope.com\/@es\/117186732205378146","error":""},"_links":{"self":[{"href":"https:\/\/www.europesays.com\/es\/wp-json\/wp\/v2\/posts\/739268","targetHints":{"allow":["GET"]}}],"collection":[{"href":"https:\/\/www.europesays.com\/es\/wp-json\/wp\/v2\/posts"}],"about":[{"href":"https:\/\/www.europesays.com\/es\/wp-json\/wp\/v2\/types\/post"}],"author":[{"embeddable":true,"href":"https:\/\/www.europesays.com\/es\/wp-json\/wp\/v2\/users\/2"}],"replies":[{"embeddable":true,"href":"https:\/\/www.europesays.com\/es\/wp-json\/wp\/v2\/comments?post=739268"}],"version-history":[{"count":0,"href":"https:\/\/www.europesays.com\/es\/wp-json\/wp\/v2\/posts\/739268\/revisions"}],"wp:featuredmedia":[{"embeddable":true,"href":"https:\/\/www.europesays.com\/es\/wp-json\/wp\/v2\/media\/739269"}],"wp:attachment":[{"href":"https:\/\/www.europesays.com\/es\/wp-json\/wp\/v2\/media?parent=739268"}],"wp:term":[{"taxonomy":"category","embeddable":true,"href":"https:\/\/www.europesays.com\/es\/wp-json\/wp\/v2\/categories?post=739268"},{"taxonomy":"post_tag","embeddable":true,"href":"https:\/\/www.europesays.com\/es\/wp-json\/wp\/v2\/tags?post=739268"}],"curies":[{"name":"wp","href":"https:\/\/api.w.org\/{rel}","templated":true}]}}