{"id":739292,"date":"2026-08-30T22:26:13","date_gmt":"2026-08-30T22:26:13","guid":{"rendered":"https:\/\/www.europesays.com\/es\/739292\/"},"modified":"2026-08-30T22:26:13","modified_gmt":"2026-08-30T22:26:13","slug":"sobresaliente-carta-de-presentacion-del-unicaja-de-vidorreta","status":"publish","type":"post","link":"https:\/\/www.europesays.com\/es\/739292\/","title":{"rendered":"Sobresaliente carta de presentaci\u00f3n del Unicaja de Vidorreta"},"content":{"rendered":"<p style=\"\">Una buena carta de presentaci\u00f3n. As\u00ed puede traducirse el estreno de Txus Vidorreta como nuevo t\u00e9cnico del Unicaja en el que fue su primer partido  &#8230; de pretemporada. El equipo se impuso sin mayor problema al Melilla en la tercera edici\u00f3n del Memorial Javier Imbroda organizado en la ciudad aut\u00f3noma (67-105). Bien es cierto que no pueden extraerse conclusiones de un partido ante un rival de Segunda FEB que abre el calendario de amistosos tras apenas dos semanas de trabajo y con la baja de cinco efectivos (los cuatro internacionales y Kalinoski). Sin embargo, la afici\u00f3n ya sent\u00eda esa necesidad de ver de nuevo al Unicaja en acci\u00f3n tras tres meses inactivo y puede sentirse satisfecho, porque se vieron pinceladas atractivas del nuevo proyecto. Aunque el partido tambi\u00e9n dej\u00f3 una nota negativa: la lesi\u00f3n de Yannick Nzosa.<\/p>\n<p class=\"v-d-p\" style=\"\">El p\u00edvot formado en la cantera cajista y que ha regresado al club este verano apenas llevaba tres minutos jugando, en el primer cuarto, demostrando adem\u00e1s muy buena actitud, agresivo y vertical, sufri\u00f3 unas molestias en el pie izquierdo tras anotar su \u00faltima canasta. Tras esta, no volvi\u00f3 a jugar y presenci\u00f3 el partido desde el banquillo. Este lunes, se le har\u00e1n pruebas m\u00e9dicas para determinar el alcance de su lesi\u00f3n.<\/p>\n<ul class=\"v-cmp-flg__u\">\n<li class=\"v-cmp-flg__l\">\n<ul class=\"v-u\">\n<li class=\"v-u__l\">\n<p class=\"v-u__p\">\nMelilla (67)<br \/>\nPowell (11), Mu\u00f1oz, Smith (8), Strikker (5) y Cera (3) -cinco inicial-; Bosh (2), Figueroa (9), Corraliza (10), Fritz (3), Chekri (4), Torreblanca (5) y Diene (7).\n<\/p>\n<\/li>\n<li class=\"v-u__l\">\n<p class=\"v-u__p\">\nUnicaja (105)<br \/>\nNzosa (4), Barreiro (4), Lukosius (21), Hunt (8) y Perry (19) -cinco inicial-; Brazdeikis (20), Djedovic (9), Kravish (7), Mart\u00ednez, Tomic, Giddens (4) y P\u00e9rez (9).\n<\/p>\n<\/li>\n<li class=\"v-u__l\">\n<p class=\"v-u__p\">\nParciales<br \/>\n18-27, 16-18 (34-55), 16-30 (50-85) y 17-20 (67-105)\n<\/p>\n<\/li>\n<li class=\"v-u__l\">\n<p class=\"v-u__p\">\n\u00c1rbitros<br \/>\nCrist\u00f3bal S\u00e1nchez, Igor Esteve y Javier \u00c1vila.\n<\/p>\n<\/li>\n<li class=\"v-u__l\">\n<p class=\"v-u__p\">\nIncidencias<br \/>\nIII Memorial Javier Imbroda, disputado en el pabell\u00f3n Javier Imbroda de Melilla. Buena entrada al recinto.\n<\/p>\n<\/li>\n<\/ul>\n<\/li>\n<\/ul>\n<p class=\"v-d-p\" style=\"\">El primer quinteto que present\u00f3 Vidorreta estuvo compuesto por Hunt, Perry, Lukosius, Barreiro y Nzosa, con el nuevo fichaje Hunt ejerciendo como base y Perry a caballo entre el &#8216;1&#8217; y el &#8216;2&#8217; aunque su faceta de director de juego predominase tanto que saliera de tanto en tanto a relucir. Un dato curioso es que el nuevo t\u00e9cnico cajista, ya en este primer cuarto, reparti\u00f3 minutos entre todos los jugadores convocados, a excepci\u00f3n del canterano Miguel Mart\u00ednez, que entr\u00f3 de \u00faltima hora por la baja de Alonso de la Iglesia (con molestias). Se dejaron ver ya pinceladas positivas del equipo, pero hubo un jugador que sobresali\u00f3 en su estreno: Ignas Brazdeikis. Ya desde este primer cuarto fue diferencial, especialmente en el tiro: 8 puntos, con 2 triples inclu\u00eddos, y 100% de acierto en sus primeros minutos.<\/p>\n<p class=\"v-d-p\" style=\"\">Tanto en el primero como en el segundo cuarto, el Melilla opuso resistencia. Demostr\u00f3 que su renovada y ambiciosa plantilla, liderada por Rafa Sanz y con hasta 11 fichajes, est\u00e1 dispuesta a pelear por el ascenso este a\u00f1o. Sin embargo, le qued\u00f3 grande un equipo de ACB. En el segundo cuarto, Perry fue uno de los jugadores diferenciales, algo a lo que ya acostumbran los cajistas. Su inteligencia y habilidad para crear espacios y dibujar jugadas est\u00e1 un escal\u00f3n por encima. Ante la ausencia de Nzosa, Kravish ejerci\u00f3 de titular y el canterano Miguel Mart\u00ednez al fin pudo salir a escena.<\/p>\n<p class=\"v-d-p\" style=\"\">Tras el descanso (34-55), lleg\u00f3 un tercer cuarto con un claro protagonista. Lukosius reapareci\u00f3 como un bombardero. Cada minuto que pasaba ganaba complicidad con sus compa\u00f1eros y eso le hizo sentirse m\u00e1s c\u00f3modo en pista. Fue entonces cuando aparecieron sus dotes en el tiro exterior: un 2+1 y dos triples consecutivos dispararon el marcador cajista ante un Melilla que comenzaba a frustrarse y notar el desnivel. Tambi\u00e9n Hunt fue de menos a m\u00e1s y demostr\u00f3 en estos compases su calidad, rapidez y recursos. <\/p>\n<p class=\"v-d-p\" style=\"\">En el \u00faltimo cuarto, la dupla lituana (Brazdeikis y Lukosius) siguieron sumando hasta superar los 20 puntos por cabeza en sus cuentas personales. Unos minutos en los que los &#8216;veteranos&#8217; del equipo tomaron protagonismo (Kravish, Djedovic y Perry) durante los primeros 5 minutos, mientras que en los restantes, Vidorreta apost\u00f3 por las rotaciones y por darle una oportunidad de seguir sumando a Guiddens, el p\u00edvot sin equipo que apoya los entrenos del conjunto esta pretemporada, as\u00ed como a los jugadores del U22 Mart\u00ednez y Tomic. Tras el pitido final, ambos equipos se saludaron con cordialidad y las autoridades locales entregaron al cuadro malague\u00f1o el trofeo de campe\u00f3n, el cual recibi\u00f3 Miguel Mart\u00ednez.<\/p>\n","protected":false},"excerpt":{"rendered":"Una buena carta de presentaci\u00f3n. As\u00ed puede traducirse el estreno de Txus Vidorreta como nuevo t\u00e9cnico del Unicaja&hellip;\n","protected":false},"author":2,"featured_media":739293,"comment_status":"","ping_status":"","sticky":false,"template":"","format":"standard","meta":{"footnotes":""},"categories":[269],"tags":[299,298,2471,168,25,24,2436,7496,23,167,2246,86099],"class_list":["post-739292","post","type-post","status-publish","format-standard","has-post-thumbnail","category-baloncesto","tag-baloncesto","tag-basketball","tag-carta","tag-deportes","tag-es","tag-espana","tag-presentacion","tag-sobresaliente","tag-spain","tag-sports","tag-unicaja","tag-vidorreta"],"share_on_mastodon":{"url":"https:\/\/pubeurope.com\/@es\/117186814744855815","error":""},"_links":{"self":[{"href":"https:\/\/www.europesays.com\/es\/wp-json\/wp\/v2\/posts\/739292","targetHints":{"allow":["GET"]}}],"collection":[{"href":"https:\/\/www.europesays.com\/es\/wp-json\/wp\/v2\/posts"}],"about":[{"href":"https:\/\/www.europesays.com\/es\/wp-json\/wp\/v2\/types\/post"}],"author":[{"embeddable":true,"href":"https:\/\/www.europesays.com\/es\/wp-json\/wp\/v2\/users\/2"}],"replies":[{"embeddable":true,"href":"https:\/\/www.europesays.com\/es\/wp-json\/wp\/v2\/comments?post=739292"}],"version-history":[{"count":0,"href":"https:\/\/www.europesays.com\/es\/wp-json\/wp\/v2\/posts\/739292\/revisions"}],"wp:featuredmedia":[{"embeddable":true,"href":"https:\/\/www.europesays.com\/es\/wp-json\/wp\/v2\/media\/739293"}],"wp:attachment":[{"href":"https:\/\/www.europesays.com\/es\/wp-json\/wp\/v2\/media?parent=739292"}],"wp:term":[{"taxonomy":"category","embeddable":true,"href":"https:\/\/www.europesays.com\/es\/wp-json\/wp\/v2\/categories?post=739292"},{"taxonomy":"post_tag","embeddable":true,"href":"https:\/\/www.europesays.com\/es\/wp-json\/wp\/v2\/tags?post=739292"}],"curies":[{"name":"wp","href":"https:\/\/api.w.org\/{rel}","templated":true}]}}