{"id":739302,"date":"2026-08-30T22:39:20","date_gmt":"2026-08-30T22:39:20","guid":{"rendered":"https:\/\/www.europesays.com\/es\/739302\/"},"modified":"2026-08-30T22:39:20","modified_gmt":"2026-08-30T22:39:20","slug":"pablo-motos-sufre-un-radical-cambio-de-imagen-por-el-que-se-niega-a-presentar-el-hormiguero-la-he-liado","status":"publish","type":"post","link":"https:\/\/www.europesays.com\/es\/739302\/","title":{"rendered":"Pablo Motos sufre un radical cambio de imagen por el que \u00abse niega a presentar &#8216;El Hormiguero\u00bb: \u00abLa he liado\u00bb"},"content":{"rendered":"<p class=\"c-paragraph\">\u00ab<b>Cuanto antes lo vea la gente, antes se acostumbra<\/b>\u00ab. Con esa frase, los colaboradores de <a href=\"https:\/\/www.20minutos.es\/tags\/instituciones-empresas\/el-hormiguero.html\" title=\"El hormiguero\" rel=\"nofollow noopener\" target=\"_blank\">El Hormiguero<\/a> de <a href=\"https:\/\/www.20minutos.es\/tags\/personas\/pablo-motos.html\" title=\"Pablo Motos\" rel=\"nofollow noopener\" target=\"_blank\">Pablo Motos<\/a> introduc\u00edan un v\u00eddeo en el que el presentador valenciano muestra al mundo un inesperado y radical cambio de imagen.<\/p>\n<p class=\"c-paragraph\">Y es que el comunicador de Antena 3 ha reaparecedo en plenas vacaciones de verano sin su caracter\u00edstico bigote, ante lo cual\u00a0Jorge Marr\u00f3n, Damian Moll\u00e1 y Juan Ib\u00e1\u00f1ez, tres de los rostros m\u00e1s habituales del programa, han realizado un v\u00eddeo del momento, asegurando adem\u00e1s que<b> Motos \u00abse niega a presentar El Hormiguero\u00bb<\/b>.<\/p>\n<p class=\"c-paragraph\"><b\/>\u00abSe ha afeitado el bigotillo sin querer.\u00a0<b>Est\u00e1 muy raro, solo se ha afeitado el bigote, pero la barba se la ha dejado<\/b>\u00ab, asegura Juan, la mitad de Trancas y Barrancas, antes de que el presentador desvele su nuevo look.<\/p>\n<p class=\"c-paragraph\">Finalmente, y ante la insistencia de sus compa\u00f1eros, el valenciano accede a darse la vuelta y ense\u00f1ar su nueva imagen.\u00a0\u00abLa he liado\u00bb, dice el valenciano en el comentario que acompa\u00f1a al v\u00eddeo en Instagram.<\/p>\n<p class=\"c-paragraph\">Bromas aparte, lo cierto es que, coincidiendo con el arranque de la nueva temporada,\u00a0<b>Pablo Motos tiene previsto volver al programa l\u00edder de las noches de la televisi\u00f3n en Espa\u00f1a<\/b>, aunque Antena 3 a\u00fan no ha desvelado la fecha en la que lo har\u00e1.\u00a0<\/p>\n<p class=\"c-paragraph\">Esta temporada, el valenciano y su equipo volver\u00e1n a librar una bonita batalla por haberse con el acces prime time contra <a href=\"https:\/\/www.20minutos.es\/tags\/temas\/la-revuelta.html\" title=\"La Revuelta\" rel=\"nofollow noopener\" target=\"_blank\">La Revuelta<\/a>, que vivir\u00e1 su tercera temporada en La 1 de TVE.<\/p>\n","protected":false},"excerpt":{"rendered":"\u00abCuanto antes lo vea la gente, antes se acostumbra\u00ab. Con esa frase, los colaboradores de El Hormiguero de&hellip;\n","protected":false},"author":2,"featured_media":739303,"comment_status":"","ping_status":"","sticky":false,"template":"","format":"standard","meta":{"footnotes":""},"categories":[91],"tags":[7556,146,147,25,24,1157,13882,618,7958,23],"class_list":["post-739302","post","type-post","status-publish","format-standard","has-post-thumbnail","category-entretenimiento","tag-cambio","tag-entertainment","tag-entretenimiento","tag-es","tag-espana","tag-imagen","tag-motos","tag-pablo","tag-radical","tag-spain"],"share_on_mastodon":{"url":"https:\/\/pubeurope.com\/@es\/117186865867539991","error":""},"_links":{"self":[{"href":"https:\/\/www.europesays.com\/es\/wp-json\/wp\/v2\/posts\/739302","targetHints":{"allow":["GET"]}}],"collection":[{"href":"https:\/\/www.europesays.com\/es\/wp-json\/wp\/v2\/posts"}],"about":[{"href":"https:\/\/www.europesays.com\/es\/wp-json\/wp\/v2\/types\/post"}],"author":[{"embeddable":true,"href":"https:\/\/www.europesays.com\/es\/wp-json\/wp\/v2\/users\/2"}],"replies":[{"embeddable":true,"href":"https:\/\/www.europesays.com\/es\/wp-json\/wp\/v2\/comments?post=739302"}],"version-history":[{"count":0,"href":"https:\/\/www.europesays.com\/es\/wp-json\/wp\/v2\/posts\/739302\/revisions"}],"wp:featuredmedia":[{"embeddable":true,"href":"https:\/\/www.europesays.com\/es\/wp-json\/wp\/v2\/media\/739303"}],"wp:attachment":[{"href":"https:\/\/www.europesays.com\/es\/wp-json\/wp\/v2\/media?parent=739302"}],"wp:term":[{"taxonomy":"category","embeddable":true,"href":"https:\/\/www.europesays.com\/es\/wp-json\/wp\/v2\/categories?post=739302"},{"taxonomy":"post_tag","embeddable":true,"href":"https:\/\/www.europesays.com\/es\/wp-json\/wp\/v2\/tags?post=739302"}],"curies":[{"name":"wp","href":"https:\/\/api.w.org\/{rel}","templated":true}]}}