{"id":739316,"date":"2026-08-30T22:50:18","date_gmt":"2026-08-30T22:50:18","guid":{"rendered":"https:\/\/www.europesays.com\/es\/739316\/"},"modified":"2026-08-30T22:50:18","modified_gmt":"2026-08-30T22:50:18","slug":"feliciano-lopez-tenista-cuando-perdia-un-partido-de-tenis-con-12-anos-para-mi-era-el-fin-del-mundo-pero-mi-madre-veia-y-me-decia-que-los-verdaderos-dramas-eran-los-que-vivia-en-el-hospital","status":"publish","type":"post","link":"https:\/\/www.europesays.com\/es\/739316\/","title":{"rendered":"Feliciano L\u00f3pez, tenista: \u00abCuando perd\u00eda un partido de tenis con 12 a\u00f1os, para m\u00ed era el fin del mundo, pero mi madre ve\u00eda y me dec\u00eda que los verdaderos dramas eran los que viv\u00eda en el hospital\u00bb"},"content":{"rendered":"<p data-journey-content=\"true\" data-node-id=\"3\" class=\"body-dropcap css-rudnhv emevuu60\">Para <strong data-node-id=\"3.1\">Feliciano L\u00f3pez <\/strong>el tenis no fue un descubrimiento tard\u00edo ni una casualidad. Fue su padre quien lo introdujo en el deporte cuando apenas levantaba una raqueta con firmeza. Mientras otros ni\u00f1os exploraban m\u00faltiples caminos, el toledano encontr\u00f3 pronto el suyo entre pistas de hierba y tierra batida por las que pas\u00f3 por jornadas interminables de entrenamiento. <\/p>\n<p data-journey-content=\"true\" data-node-id=\"9\" class=\"body-dropcap css-rudnhv emevuu60\">Su irrupci\u00f3n en el circuito profesional lleg\u00f3 a finales de los a\u00f1os 90 y coincidi\u00f3 con una <a href=\"https:\/\/www.harpersbazaar.com\/es\/famosas\/el-estilo-de\/a66007576\/carmen-machi-sobre-rafa-nadal-fan-salir-corriendo-mitomania-admiracion-pasion-tenis\/\" target=\"_blank\" data-vars-ga-outbound-link=\"https:\/\/www.harpersbazaar.com\/es\/famosas\/el-estilo-de\/a66007576\/carmen-machi-sobre-rafa-nadal-fan-salir-corriendo-mitomania-admiracion-pasion-tenis\/\" data-vars-ga-ux-element=\"Hyperlink\" data-vars-ga-call-to-action=\"generaci\u00f3n dorada del tenis espa\u00f1ol\" data-node-id=\"9.1\" class=\"body-link css-1eciz3n emevuu60\" rel=\"nofollow noopener\">generaci\u00f3n dorada del tenis espa\u00f1ol<\/a> en la que figuran nombres como Fernando Verdasco, David Ferrer o Juan Carlos Ferrero. A lo largo de su carrera, <strong data-node-id=\"9.3\">acumul\u00f3 t\u00edtulos y una presencia constante en los grandes escenarios <\/strong>que le convirti\u00f3 en uno de los m\u00e1s longevos de este deporte. Super\u00f3 los mil partidos en el circuito ATP, encaden\u00f3 participaciones consecutivas en torneos de Grand Slam durante m\u00e1s de una d\u00e9cada y se mantuvo relevante cuando muchos de sus contempor\u00e1neos ya hab\u00edan dejado de jugar. <\/p>\n<p><img draggable=\"true\" alt=\"mutua madrid open day fourteen\" title=\"Mutua Madrid Open - Day Fourteen\" loading=\"lazy\" width=\"1024\" height=\"683\" decoding=\"async\" data-nimg=\"1\" style=\"color:transparent;width:100%;height:auto;\"   src=\"https:\/\/www.europesays.com\/es\/wp-content\/uploads\/2026\/08\/16e17857-1514-439b-9fd1-7cc1cb5dacf4.jpeg\" class=\"css-0 e1ddfba50\"\/><\/p>\n<p>Europa Press Sports\/\/Getty Images<\/p>\n<p data-journey-content=\"true\" data-node-id=\"14\" class=\"css-1ood0zq emevuu60\">En el 2023, al cumplir 41 a\u00f1os, Feliciano L\u00f3pez decidi\u00f3 que era el momento de retirarse de la competici\u00f3n. Lo que no hizo fue desvincularse del mundo del tenis ya que pas\u00f3 a asumir otros roles como el de director del Mutua Madrid Open. Una transici\u00f3n natural hacia otra etapa que coincidi\u00f3 en el tiempo con un periodo importante a nivel personal ya que hac\u00eda poco que hab\u00eda nacido su <a href=\"https:\/\/www.harpersbazaar.com\/es\/famosas\/el-estilo-de\/a71086160\/teresa-baca-carrera-importante-trabajado-muchisimo-no-quiero-decidir-gente-arriba-buena-tener-hijos\/\" target=\"_blank\" data-vars-ga-outbound-link=\"https:\/\/www.harpersbazaar.com\/es\/famosas\/el-estilo-de\/a71086160\/teresa-baca-carrera-importante-trabajado-muchisimo-no-quiero-decidir-gente-arriba-buena-tener-hijos\/\" data-vars-ga-ux-element=\"Hyperlink\" data-vars-ga-call-to-action=\"primer hijo\" data-node-id=\"14.1\" class=\"body-link css-1eciz3n emevuu60\" rel=\"nofollow noopener\">primer hijo<\/a>, Dar\u00edo, fruto de su relaci\u00f3n con la modelo Sandra Gago, con quien tambi\u00e9n tiene otro hijo de nombre Marco. <\/p>\n<p data-journey-content=\"true\" data-node-id=\"19\" class=\"css-1ood0zq emevuu60\">\u00abMe siento tan afortunado que hace ya tiempo que aprendi\u0301 a no dar ma\u0301s importancia de la que tiene a lo que no esta\u0301 en mi mano\u00bb, reconoc\u00eda el extenista en <a href=\"https:\/\/www.harpersbazaar.com\/es\/famosas\/el-estilo-de\/a34745858\/feliciano-lopez-sandra-gago-exclusiva-video-entrevista-embarazo-relacion\/\" target=\"_blank\" data-vars-ga-outbound-link=\"https:\/\/www.harpersbazaar.com\/es\/famosas\/el-estilo-de\/a34745858\/feliciano-lopez-sandra-gago-exclusiva-video-entrevista-embarazo-relacion\/\" data-vars-ga-ux-element=\"Hyperlink\" data-vars-ga-call-to-action=\"una entrevista con nuestro medio\" data-node-id=\"19.1\" class=\"body-link css-1eciz3n emevuu60\" rel=\"nofollow noopener\">una entrevista con nuestro medio<\/a> ocurrida poco antes de estrenarse como padre, en la que hablaba de c\u00f3mo ha aprendido a relativizar y a darse cuenta de lo que verdaderamente es relevante. \u00ab<strong data-node-id=\"19.3\">Cuando perd\u00eda un partido de tenis con 12 a\u00f1os, para m\u00ed era el fin del mundo, pero mi madre ve\u00eda y me dec\u00eda que los verdaderos dramas eran los que viv\u00eda en el hospital<\/strong>\u00ab, record\u00f3. <\/p>\n<p><img draggable=\"true\" alt=\"sandra gago y feliciano l\u00f3pez\" title=\"Sandra Gago y Feliciano L\u00f3pez\" loading=\"lazy\" width=\"1471\" height=\"1920\" decoding=\"async\" data-nimg=\"1\" style=\"color:transparent;width:100%;height:auto;\"   src=\"https:\/\/www.europesays.com\/es\/wp-content\/uploads\/2026\/08\/6-harpers-bazaar-feliciano-y-sandra0003-1605945539.jpg\" class=\"css-0 e1ddfba50\"\/><\/p>\n<p>Javier Biosca<\/p>\n<p>Esa ense\u00f1anza que Feliciano L\u00f3pez aprendi\u00f3 de su madre fue la que \u00e9l le transmiti\u00f3 al conocerse a Sandra Gago. \u00abMe costaba asimilar situaciones que nunca habi\u0301a vivido con los medios de comunicacio\u0301n, pero gracias a e\u0301l aprendi\u0301 a darle la importancia que merece, que es poca. Yo haci\u0301a un mundo: &#8216;\u00bfpor que\u0301 dicen esto de mi\u0301, si no me conocen?&#8217;. Me daba rabia que hablaran sin saber, pero e\u0301l me ayudo\u0301 mucho. Creo que esa es una de las cosas ma\u0301s importantes que me ha ensen\u0303ado: a <a href=\"https:\/\/www.harpersbazaar.com\/es\/famosas\/el-estilo-de\/a71040409\/maria-castro-maternidad-hijas-dia-madre-entrevista-pedir-perdon\/\" target=\"_blank\" data-vars-ga-outbound-link=\"https:\/\/www.harpersbazaar.com\/es\/famosas\/el-estilo-de\/a71040409\/maria-castro-maternidad-hijas-dia-madre-entrevista-pedir-perdon\/\" data-vars-ga-ux-element=\"Hyperlink\" data-vars-ga-call-to-action=\"aprender a relativizar\" data-node-id=\"23.3\" class=\"body-link css-1eciz3n emevuu60\" rel=\"nofollow noopener\">aprender a relativizar<\/a>\u00ab, reflexion\u00f3 la modelo en Harper&#8217;s Bazaar. <br data-node-id=\"23.7\"\/><\/p>\n","protected":false},"excerpt":{"rendered":"Para Feliciano L\u00f3pez el tenis no fue un descubrimiento tard\u00edo ni una casualidad. Fue su padre quien lo&hellip;\n","protected":false},"author":2,"featured_media":739317,"comment_status":"","ping_status":"","sticky":false,"template":"","format":"standard","meta":{"footnotes":""},"categories":[274],"tags":[168,253,25,24,23,167,327,326],"class_list":["post-739316","post","type-post","status-publish","format-standard","has-post-thumbnail","category-tenis","tag-deportes","tag-discover","tag-es","tag-espana","tag-spain","tag-sports","tag-tenis","tag-tennis"],"share_on_mastodon":{"url":"https:\/\/pubeurope.com\/@es\/117186909902231389","error":""},"_links":{"self":[{"href":"https:\/\/www.europesays.com\/es\/wp-json\/wp\/v2\/posts\/739316","targetHints":{"allow":["GET"]}}],"collection":[{"href":"https:\/\/www.europesays.com\/es\/wp-json\/wp\/v2\/posts"}],"about":[{"href":"https:\/\/www.europesays.com\/es\/wp-json\/wp\/v2\/types\/post"}],"author":[{"embeddable":true,"href":"https:\/\/www.europesays.com\/es\/wp-json\/wp\/v2\/users\/2"}],"replies":[{"embeddable":true,"href":"https:\/\/www.europesays.com\/es\/wp-json\/wp\/v2\/comments?post=739316"}],"version-history":[{"count":0,"href":"https:\/\/www.europesays.com\/es\/wp-json\/wp\/v2\/posts\/739316\/revisions"}],"wp:featuredmedia":[{"embeddable":true,"href":"https:\/\/www.europesays.com\/es\/wp-json\/wp\/v2\/media\/739317"}],"wp:attachment":[{"href":"https:\/\/www.europesays.com\/es\/wp-json\/wp\/v2\/media?parent=739316"}],"wp:term":[{"taxonomy":"category","embeddable":true,"href":"https:\/\/www.europesays.com\/es\/wp-json\/wp\/v2\/categories?post=739316"},{"taxonomy":"post_tag","embeddable":true,"href":"https:\/\/www.europesays.com\/es\/wp-json\/wp\/v2\/tags?post=739316"}],"curies":[{"name":"wp","href":"https:\/\/api.w.org\/{rel}","templated":true}]}}