{"id":739320,"date":"2026-08-30T22:53:15","date_gmt":"2026-08-30T22:53:15","guid":{"rendered":"https:\/\/www.europesays.com\/es\/739320\/"},"modified":"2026-08-30T22:53:15","modified_gmt":"2026-08-30T22:53:15","slug":"sekulic-coge-aire-con-eslovenia-en-una-jornada-casi-perfecta-para-los-internacionales-del-barca","status":"publish","type":"post","link":"https:\/\/www.europesays.com\/es\/739320\/","title":{"rendered":"Sekulic coge aire con Eslovenia en una jornada casi perfecta para los internacionales del Bar\u00e7a"},"content":{"rendered":"<p class=\"ft-text\">A excepci\u00f3n de <strong>Dar\u00edo Brizuela<\/strong> y <strong>Joel Parra,<\/strong> que este pr\u00f3ximo lunes visitan a<strong> Grecia<\/strong> (18h CEST) en un partido trascendental de clasificaci\u00f3n para el Mundial, el resto de internacionales del Bar\u00e7a ya ha <a class=\"ft-link ft-link--decoration\" href=\"https:\/\/www.sport.es\/es\/noticias\/barca\/baloncesto\/surrealista-lesion-azulgrana-balcerowski-polonia-133782978\" rel=\"nofollow noopener\" target=\"_blank\"><strong>finalizado los compromisos con sus respectivas selecciones.<\/strong><\/a><strong> <\/strong>En las pr\u00f3ximas horas ir\u00e1n desembarcando en Barcelona para empezar el nuevo y renovado proyecto azulgrana tras dejar atr\u00e1s d\u00edas en los que han representado a sus pa\u00edses, con distintas sensaciones.<\/p>\n<p class=\"ft-text\"><strong>Tosan Evbuomwan<\/strong> ha disfrutado en su primera experiencia con la selecci\u00f3n de <strong>Gran Breta\u00f1a<\/strong> y el preclasificatorio para el Eurobasket de 2029. Tras anotarle <strong>21 puntos a Suiza<\/strong> el pasado jueves, <strong>el nuevo &#8216;4&#8217; azulgrana roz\u00f3 las dobles figuras ante Eslovaquia (11 tantos, siete rebotes)<\/strong> en la contundente victoria brit\u00e1nica ante <strong>Eslovaquia<\/strong> por <strong>97-72.<\/strong> Un encuentro que se disput\u00f3 en Newcastle, la ciudad en la que creci\u00f3 Evbuomwan. El ala-p\u00edvot azulgrana roz\u00f3 los 22 minutos en pista.<\/p>\n<p><img decoding=\"async\" src=\"https:\/\/www.europesays.com\/es\/wp-content\/uploads\/2026\/08\/30af0442-9cf7-4aa3-8c9e-ad4dbb701ed1_alta-libre-aspect-ratio_default_0_x600y225.jpg\" width=\"1200\" height=\"675\" alt=\"Tosan Evbuomwan derrot\u00f3 a Eslovaquia con Gran Breta\u00f1a\" class=\"ft-helper-img-rd\" loading=\"lazy\" fetchpriority=\"auto\"\/><\/p>\n<p class=\"ft-helper-fontColor-quaternary ft-helper-fontSize-body-S ft-helper-spacer-t-xxs\">Tosan Evbuomwan derrot\u00f3 a Eslovaquia con Gran Breta\u00f1a  \/ FIBA<\/p>\n<p>Debut internacional de Gibson con Bulgaria<\/p>\n<p class=\"ft-text\">Tambi\u00e9n fue especial <strong>el debut de Umoja Gibson con Bulgaria.<\/strong> Tras obtener la nacionalidad para no ocupar plaza de extracomunitario en las competiciones ACB, el nuevo director de juego azulgrana deb\u00eda debutar con la absoluta b\u00falgara para contar como jugador comunitario en la Liga Endesa. Y lo hizo con victoria.<\/p>\n<p class=\"ft-text\"><strong>Gibson se fue hasta los 11 puntos y nueve asistencias,<\/strong> muy cerca del doble doble, si bien es cierto que no tuvo su mejor d\u00eda en el rito (4\/12 en TC, 1\/6 en triples). Todo ello en 25 minutos en cancha. <strong>Bulgaria derrot\u00f3 c\u00f3modamente a Rumania por 86-103<\/strong> con una <strong>nueva exhibici\u00f3n<\/strong> de <strong>Sasha Vezenkov: 36 tantos, nueve rebotes, seis asistencias y 46 d\u00edgitos de valoraci\u00f3n.<\/strong> Una nueva &#8216;salvajada&#8217; de la estrella del Olympiacos.<\/p>\n<p><img decoding=\"async\" src=\"https:\/\/www.europesays.com\/es\/wp-content\/uploads\/2026\/08\/532a69a2-6f46-4284-ac4c-c6ff6b5ab6cb_alta-libre-aspect-ratio_default_0_x600y225.jpg\" width=\"1200\" height=\"675\" alt=\"Umoja Gibson, con la selecci\u00f3n de Bulgaria en su estreno internacional\" class=\"ft-helper-img-rd\" loading=\"lazy\" fetchpriority=\"auto\"\/><\/p>\n<p class=\"ft-helper-fontColor-quaternary ft-helper-fontSize-body-S ft-helper-spacer-t-xxs\">Umoja Gibson, con la selecci\u00f3n de Bulgaria en su estreno internacional  \/ FIBA<\/p>\n<p>Alegr\u00edas para Nkamhoua y Sekulic<\/p>\n<p class=\"ft-text\">Otro que termina con buenas sensaciones las ventanas FIBA de clasificaci\u00f3n para el Mundial es<strong> Olivier Nkamhoua.<\/strong> El finland\u00e9s anot\u00f3 19 puntos ante Suecia en el primero de los dos partidos de esta ventana, pero no pudo evitar la derrota de su combinado ante Suecia. Sin embargo,<strong> en la visita a Estonia, Finlandia se impuso por un contundente 67-96.<\/strong> El nuevo &#8216;4&#8217; azulgrana tambi\u00e9n coquete\u00f3 con las dobles figuras tras conseguir <strong>18 tantos y ocho rebotes, <\/strong>en una minutada algo excesiva (33 minutos y 11 segundos) pese a la diferencia en el marcador.<\/p>\n<p class=\"ft-text\">Adem\u00e1s, <strong>la Eslovenia de Aleksander Sekulic puso punto final a una racha de tres derrotas consecutivas en su camino hacia el Mundial.<\/strong> Los eslovenos derrotaron en casa a <strong>Hungr\u00eda<\/strong> por <strong>92-77<\/strong> liderados por un <strong>Klemen Prepelic<\/strong> que se apunt\u00f3 <strong>24 puntos<\/strong> con un total de seis triples. El exverdinegro <strong>Alen Omic firm\u00f3 dobles figuras con 15 tantos y 12 rebotes,<\/strong> cinco de ellos ofensivos. Con el triunfo, Eslovenia equilibra a cuatro el balance de victorias y derrotas y abandona la \u00faltima posici\u00f3n del grupo L que ahora ocupa Estonia.<\/p>\n<p><img decoding=\"async\" src=\"https:\/\/www.europesays.com\/es\/wp-content\/uploads\/2026\/08\/76eecec5-348d-4ecd-8bf7-9495befe4885_alta-libre-aspect-ratio_default_0_x600y225.jpg\" width=\"1200\" height=\"675\" alt=\"La Eslovenia de Sekulic derrot\u00f3 a Hungr\u00eda en partido clasificatorio para el pr\u00f3ximo Mundial\" class=\"ft-helper-img-rd\" loading=\"lazy\" fetchpriority=\"auto\"\/><\/p>\n<p class=\"ft-helper-fontColor-quaternary ft-helper-fontSize-body-S ft-helper-spacer-t-xxs\">La Eslovenia de Sekulic derrot\u00f3 a Hungr\u00eda en partido clasificatorio para el pr\u00f3ximo Mundial  \/ FIBA<\/p>\n<p>Balcerowski, \u00fanica cruz<\/p>\n<p class=\"ft-text\">Fueron casi todo victorias, menos para <strong>Olek Balcerowski,<\/strong> que adem\u00e1s, acumul\u00f3 un par de malas noticias. Polonia estuvo a punto de dar la sorpresa y derrotar a <strong>Alemania,<\/strong> pero <strong>cay\u00f3 en la pr\u00f3rroga ante la vigente campeona Mundial por 94-96.<\/strong> El p\u00edvot azulgrana, que anot\u00f3 cuatro puntos y tres rebotes, se lesion\u00f3 al arranque del tercer cuarto con un percance que fue el colmo de la mala suerte.<\/p>\n<p class=\"ft-text\">Al lanzarse a por un bal\u00f3n que sal\u00eda de banda, <strong>Balcerowski se golpe\u00f3 la espinilla derecha con una de las sillas de la fila VIP<\/strong> y ya no pudo regresar al partido. Quedar\u00e1 por ver en las pr\u00f3ximas horas si todo queda en un fuerte golpe, y sobre todo, en un susto sin consecuencias.<\/p>\n","protected":false},"excerpt":{"rendered":"A excepci\u00f3n de Dar\u00edo Brizuela y Joel Parra, que este pr\u00f3ximo lunes visitan a Grecia (18h CEST) en&hellip;\n","protected":false},"author":2,"featured_media":739321,"comment_status":"","ping_status":"","sticky":false,"template":"","format":"standard","meta":{"footnotes":""},"categories":[269],"tags":[299,2296,298,168,25,7860,24,2661,885,20796,23,167],"class_list":["post-739320","post","type-post","status-publish","format-standard","has-post-thumbnail","category-baloncesto","tag-baloncesto","tag-barca","tag-basketball","tag-deportes","tag-es","tag-eslovenia","tag-espana","tag-internacionales","tag-resultados","tag-sekulic","tag-spain","tag-sports"],"share_on_mastodon":{"url":"https:\/\/pubeurope.com\/@es\/117186921879881832","error":""},"_links":{"self":[{"href":"https:\/\/www.europesays.com\/es\/wp-json\/wp\/v2\/posts\/739320","targetHints":{"allow":["GET"]}}],"collection":[{"href":"https:\/\/www.europesays.com\/es\/wp-json\/wp\/v2\/posts"}],"about":[{"href":"https:\/\/www.europesays.com\/es\/wp-json\/wp\/v2\/types\/post"}],"author":[{"embeddable":true,"href":"https:\/\/www.europesays.com\/es\/wp-json\/wp\/v2\/users\/2"}],"replies":[{"embeddable":true,"href":"https:\/\/www.europesays.com\/es\/wp-json\/wp\/v2\/comments?post=739320"}],"version-history":[{"count":0,"href":"https:\/\/www.europesays.com\/es\/wp-json\/wp\/v2\/posts\/739320\/revisions"}],"wp:featuredmedia":[{"embeddable":true,"href":"https:\/\/www.europesays.com\/es\/wp-json\/wp\/v2\/media\/739321"}],"wp:attachment":[{"href":"https:\/\/www.europesays.com\/es\/wp-json\/wp\/v2\/media?parent=739320"}],"wp:term":[{"taxonomy":"category","embeddable":true,"href":"https:\/\/www.europesays.com\/es\/wp-json\/wp\/v2\/categories?post=739320"},{"taxonomy":"post_tag","embeddable":true,"href":"https:\/\/www.europesays.com\/es\/wp-json\/wp\/v2\/tags?post=739320"}],"curies":[{"name":"wp","href":"https:\/\/api.w.org\/{rel}","templated":true}]}}