{"id":739322,"date":"2026-08-30T22:54:16","date_gmt":"2026-08-30T22:54:16","guid":{"rendered":"https:\/\/www.europesays.com\/es\/739322\/"},"modified":"2026-08-30T22:54:16","modified_gmt":"2026-08-30T22:54:16","slug":"los-jugadores-del-athletic-acaban-con-su-plante-y-vuelven-a-dar-entrevistas-es-una-bola-de-cuatro-anos-pequenos-detalles-que-hay-que-sentarse-y-solucionarlos","status":"publish","type":"post","link":"https:\/\/www.europesays.com\/es\/739322\/","title":{"rendered":"Los jugadores del Athletic acaban con su plante y vuelven a dar entrevistas: \u00abEs una bola de cuatro a\u00f1os, peque\u00f1os detalles que hay que sentarse y solucionarlos\u00bb"},"content":{"rendered":"<p style=\"\">El plante de los jugadores del Athletic ha llegado a su final. Los futbolistas rojiblancos van a volver a dar declaraciones tras el partido de  &#8230; Vigo, algo que no sucedi\u00f3 en la jornada anterior, cuando la plantilla se neg\u00f3 a ofrecer entrevistas a las televisiones con derechos y en la zona mixta por \u00abun problema interno del club\u00bb tras la derrota ente el Bar\u00e7a. La decisi\u00f3n de los jugadores rebaja la tensi\u00f3n entre el vestuario y la junta directiva despu\u00e9s de unos d\u00edas marcados por las diferencias entre las dos partes que han quedado a la vista de la opini\u00f3n p\u00fablica. La decisi\u00f3n del equipo destensa el ambiente de tensi\u00f3n y abre la posibilidad de que se sienten con el presidente, Jon Uriarte, a abordar la situaci\u00f3n.<\/p>\n<p class=\"v-d-p\" style=\"\">Ha sido Berenguer, el MVP del partido y autor del primer gol rojiblanco, el que se ha puesto ante el micr\u00f3fono de LaLiga en primer lugar. El interior se ci\u00f1\u00f3 a hablar del partido y sin abordar los motivos del silencio que ahora rompe la plantilla. Quienes abordaron el tema en zona mixta fueron el capit\u00e1n I\u00f1aki Williams y Unai Sim\u00f3n. \u00abEra el momento de hacer algo porque la senda que estaba tomando no nos estaba gustando y as\u00ed nos un\u00edamos a las protestas de todos los trabajadores\u00bb, ha explicado el extremo. El mayor de los Williams pidi\u00f3 \u00abestar unidos y priorizar lo que es el Athletic\u00bb, adelant\u00f3 que las posturas se \u00abest\u00e1n acercando\u00bb y se\u00f1al\u00f3 que tendr\u00e1n una reuni\u00f3n con el presidente y la junta directiva para \u00abresolver los peque\u00f1os conflictos que hay\u00bb. \u00abLo importante es que el Athletic siga en lo m\u00e1s alto y no se empa\u00f1e el grand\u00edsimo club que es. Nos debemos a los aficionados y estamos aqu\u00ed para que nos escuchen\u00bb, zanjaba el delantero. <\/p>\n<p class=\"v-d-p\" style=\"\">A sus palabras se sumaron las de Sim\u00f3n. \u00abFue una herramienta para dar una se\u00f1al a la directiva y al presidente. Funcion\u00f3, nos quer\u00edamos reunir con el presidente antes del partido del Barcelona. No pudimos o no pudo. Son cosas internas del club, peque\u00f1os detalles siguiendo desde hace varias temporadas, no solo nuestros. Se le ha dado mucho bombo al tema de las entradas, estamos dispuestos a pagarlas, pero son muchas cosas por detr\u00e1s y que incumben tambi\u00e9n otras cosas y a personal del club. Est\u00e1 bien sentarse, ha habido mucho ruido fuera y la relaci\u00f3n con el presidente es buena y llegaremos a buen puerto\u00bb, se\u00f1al\u00f3 el guardameta. \u00abHay que saber separar lo profesional de lo personal. La relaci\u00f3n con la directiva es buena. Es mejor hablarlo primero internamente y decirnos todo lo que pensamos. Es una bola de cuatro a\u00f1os. No nos agobia ni afecta dentro del vestuario. Hay que sentarse hablado y solucionarlo\u00bb, reivindicaba tras la victoria. <\/p>\n<p class=\"v-d-p\" style=\"\">Terzic opt\u00f3 por la misma postura que en la previa y se mostr\u00f3 al margen. \u00abComo ya dije, creo que no es un tema m\u00edo. Es algo que oficialmente se ha dicho que es un asunto interno y mantenemos estas cosas en privado\u00bb, insist\u00eda. <a href=\"https:\/\/www.elcorreo.com\/athletic\/segundo-viaje-athletic-uriarte-plena-tension-plantilla-20260830125556-nt.html\" data-voc-vtm-id=\"in-text-traffic\" data-mrf-link=\"www.elcorreo.com\" rel=\"nofollow noopener\" target=\"_blank\">Al partido de Vigo, al igual que al del Camp Nou, no ha acudido el presidente.<\/a> En el contexto actual, esta ausencia no es un detalle menor.Desde que estallaron las discrepancias con el vestuario, el m\u00e1ximo dirigente no ha acompa\u00f1ado al equipo en ning\u00fan viaje, pese a que lo habitual durante su mandato ha sido que vaya a la inmensa mayor\u00eda de partidos fuera de Bilbao. <\/p>\n<ul class=\"v-cmp-rld__u\">\n<li class=\"v-cmp-rld__l\">\n<p><a class=\"v-a-lnk\" href=\"http:\/\/www.elcorreo.com\/athletic\/athletic-pide-vizcaina-reduzca-pases-san-mames-20260829003241-nt.html#vtm_modulosEngag=noticiasrelacionadas-cmp-uno:athletic:noticia:1\" data-voc-vtm-id=\"in-text-traffic\" rel=\"nofollow noopener\" target=\"_blank\"><br \/>\n<img decoding=\"async\" loading=\"lazy\" src=\"https:\/\/www.europesays.com\/es\/wp-content\/uploads\/2026\/08\/Imagen 1516275361-U78654433653lBt-366x256@El Correo.jpg\" class=\"v-a-img\" width=\"258\" height=\"180\" alt=\"El Athletic pide a la Vizca\u00edna que reduzca sus pases en San Mam\u00e9s\"\/><br \/>\n<\/a><\/p>\n<\/li>\n<\/ul>\n<p class=\"v-d-p\" style=\"\">La excusa para no ir a Barcelona fueron sus tensas relaciones con el anfitri\u00f3n. En Vigo no sucede eso. De hecho, la pasada campa\u00f1a hubo una comida entre directivas. Esta vez el presidente acudi\u00f3 a Lezama al debut en Liga del equipo femenino.<\/p>\n<p class=\"v-d-p\" style=\"\">Tambi\u00e9n se han quitado las invitaciones a los expresidentes, exjugadores, empleados, trabajadores jubilados, directivos actuales y se han reducido al m\u00ednimo que marca LaLiga (25 localidades y cinco butacas en el palco) las de los rivales, tal y <a href=\"https:\/\/www.elcorreo.com\/athletic\/claves-tension-vestuario-athletic-jon-uriarte-20260828181808-nt.html\" data-voc-vtm-id=\"in-text-traffic\" data-mrf-link=\"www.elcorreo.com\" rel=\"nofollow noopener\" target=\"_blank\">como revel\u00f3 EL CORREO en exclusiva<\/a>.<\/p>\n<p class=\"v-d-p\" style=\"\">El Athletic ha ido explicando en los \u00faltimos d\u00edas a algunos de colectivos vinculados hist\u00f3ricamente al club esta pol\u00e9mica decisi\u00f3n de poner fin a las invitaciones gratuitas para los partidos de San Mam\u00e9s con el argumento de que tiene 11.000 personas en lista de espera para hacerse socios. Adem\u00e1s, en determinados encuentros el estadio presenta una disponibilidad de entradas extremadamente limitada. Y hay otro problema a\u00f1adido. Con los gastos de plantilla disparados (94 millones esta temporada) y sin jugar en Europa, el club necesita ingresos extras para evitar que los n\u00fameros rojos sean de envergadura.<\/p>\n<p class=\"v-d-p\" style=\"\">Los jugadores est\u00e1n a la espera de una cumbre con el presidente que a\u00fan no ha llegado. A la plantilla no s\u00f3lo le ha molestado el recorte, sino tambi\u00e9n la forma en la que se comunic\u00f3. Fue el director general, Jon Berasategi, quien traslad\u00f3 la decisi\u00f3n a los jugadores. Uriarte no estuvo presente en aquella conversaci\u00f3n y tampoco ha viajado a las dos primeras salidas de Liga.<\/p>\n<p class=\"v-d-p\" style=\"\">Las fuentes consultadas ven muy pocas opciones de que haya una marcha atr\u00e1s de la junta. Si no se produce una modificaci\u00f3n, la plantilla ya no contar\u00e1 con esas invitaciones gratuitas para el pr\u00f3ximo partido en San Mam\u00e9s ante el Atl\u00e9tico, compromiso fijado para el 5 de septiembre.<\/p>\n<p class=\"v-d-p\" style=\"\">Seg\u00fan fuentes cercanas al vestuario, el episodio de las invitaciones ha sido la gota que ha colmado el vaso. Los mismos testimonios explican que los jugadores perciben al presidente como un dirigente que s\u00f3lo aparece para exigir y recortar, pero con poca capacidad para generar complicidad con la plantilla. Una sensaci\u00f3n que se ha ido alimentando con diferentes episodios en los \u00faltimos tiempos. No han gustado, por ejemplo, algunos recortes en Lezama ni tampoco agrad\u00f3 el tono que emple\u00f3 cuando se reuni\u00f3 con el vestuario la pasada campa\u00f1a en plena crisis de resultados.<\/p>\n<p class=\"v-d-p\" style=\"\">Tampoco cay\u00f3 bien su reacci\u00f3n despu\u00e9s de la celebraci\u00f3n espont\u00e1nea en los Jardines de Albia tras la conquista de la Copa. El presidente traslad\u00f3 a los futbolistas que deb\u00edan centrarse en el siguiente compromiso liguero, fundamental en la pelea por acceder a la Champions. El malestar se extiende adem\u00e1s a otras decisiones de car\u00e1cter econ\u00f3mico. En el club se estudian nuevas medidas de ahorro en Lezama, entre ellas posibles recortes en la alimentaci\u00f3n de algunos trabajadores que acompa\u00f1an a la primera plantilla, a quienes se dejar\u00eda de pagar la comida.<\/p>\n<p class=\"v-d-p\" style=\"\">Los jugadores respondieron en Barcelona. All\u00ed se negaron a hacer declaraciones \u00abpor un problema interno con el club\u00bb antes y despu\u00e9s del partido pese a que supone no cumplir la obligaci\u00f3n firmada por los equipos con las televisiones que pagan los derechos de emisi\u00f3n, lo que anticipa una sanci\u00f3n econ\u00f3mica de LaLiga para Ibaigane.<\/p>\n<p>\nRecortes\n<\/p>\n<p class=\"v-d-p\" style=\"\">Hasta ahora, los jugadores dispon\u00edan de cuatro invitaciones fijas y otras dos vinculadas a la compra de localidades. Personajes con mucho peso en el club como Dani, el que fuera capit\u00e1n rojiblanco en los 80, y Fernando Garc\u00eda Macua, presidente entre 2007 y 2011, han mostrado p\u00fablicamente su malestar y no comparten los argumentos esgrimidos desde la junta directiva de Jon Uriarte. \u00abHay un malestar general en todos los veteranos. Lo que han hecho no hab\u00eda ocurrido con ning\u00fan presidente. Creo que la historia del Athletic se escribe desde que es la historia del Athletic. No cambiar y hacer cosas que no tienen sentido\u00bb, afeaba el ganador de dos Ligas y una Copa.<\/p>\n<p class=\"v-d-p\" style=\"\">El club reiter\u00f3 su postura en la cita mantenida con los veteranos y se comprometi\u00f3 a trasladar la decisi\u00f3n por escrito a los exjugadores. Una vez recibida la comunicaci\u00f3n oficial, los afectados tienen previsto hacerla llegar a los diferentes grupos de WhatsApp vinculados a los exfutbolistas y a los componentes del equipo de veteranos. <\/p>\n<p class=\"v-d-p\" style=\"\">Alguno de estos \u00faltimos se muestra particularmente molesto porque entiende que ellos representan a la entidad cuando juegan partidos ben\u00e9ficos en favor de causas sociales y que la \u00fanica recompensa que ten\u00edan por ello era alguna invitaci\u00f3n de vez en cuando. La Agrupaci\u00f3n de Veteranos recib\u00eda tradicionalmente un cupo de entradas que posteriormente distribu\u00eda entre aquellos que quer\u00edan acudir a cada partido en San Mam\u00e9s.<\/p>\n<p class=\"v-d-p\" style=\"\">Otra voz cr\u00edtica es la del expresidente Fernando Garc\u00eda Macua. \u00ab\u00bfDepende la supervivencia del club de 20 entradas para expresidentes? Si el Athletic ha llegado a ser lo que es por el esfuerzo y aportaciones de muchas personas en muchos papeles de la historia del club. Entre ellos los presidentes, que en un momento determinado y gratis et amore dieron un paso adelante e hicieron un esfuerzo. Muy mal tiene que estar el Athletic si hay que quitar la \u00fanica atenci\u00f3n que desde el primer d\u00eda se ha tenido con los expresidentes\u00bb, lamentaba.<\/p>\n<p>\nRevisi\u00f3n del sistema\n<\/p>\n<p class=\"v-d-p\" style=\"\">El pol\u00e9mico cambio de criterio forma parte de <a href=\"https:\/\/www.elcorreo.com\/athletic\/cuantas-entradas-cortesia-regalaba-athletic-partido-20260829093101-nt.html\" data-voc-vtm-id=\"in-text-traffic\" data-mrf-link=\"www.elcorreo.com\" rel=\"nofollow noopener\" target=\"_blank\">una revisi\u00f3n global del sistema de localidades de cortes\u00eda<\/a>. El cambio de criterio afecta tambi\u00e9n a organismos ajenos al club. Por ejemplo, <a href=\"https:\/\/www.elcorreo.com\/athletic\/athletic-pide-vizcaina-reduzca-pases-san-mames-20260829003241-nt.html\" data-voc-vtm-id=\"in-text-traffic\" data-mrf-link=\"www.elcorreo.com\" rel=\"nofollow noopener\" target=\"_blank\">el Athletic ha pedido a la Federaci\u00f3n Vizca\u00edna de F\u00fatbol que reduzca sus pases en San Mam\u00e9s<\/a><\/p>\n<p class=\"v-d-p\" style=\"\">Que los jugadores no hablen ante las c\u00e1maras de las televisiones con derechos de retransmisi\u00f3n perjudica econ\u00f3micamente al Athletic. El Reglamento para la Retransmisi\u00f3n Televisiva de LaLiga estipula que la comparecencia de los futbolistas y t\u00e9cnicos en las entrevistas a pie de campo (flash interview) es un compromiso contractual de obligado cumplimiento para todos los clubes de Primera y Segunda. Si un equipo o sus jugadores se niegan a ofrecer estas declaraciones, el reglamento establece que se trata de una infracci\u00f3n del reglamento y por tanto un incumplimiento directo de los compromisos de derechos audiovisuales cedidos por los clubes a la patronal.<\/p>\n<p class=\"v-d-p\" style=\"\">\u00bfQu\u00e9 sucede? El Director de Partido de LALIGA registra la ausencia de esas entrevistas en una \u00ablista de comprobaci\u00f3n\u00bb al t\u00e9rmino del encuentro. Cada incumplimiento acumula puntos negativos para el club. Cada club visitante est\u00e1 obligado a cumplir 22 apartados. Cada uno de ellos tiene una puntuaci\u00f3n, de uno o dos puntos. El Athletic incumpli\u00f3 en Barcelona al menos dos y ambos, adem\u00e1s, de dos puntos cada uno.<\/p>\n<p class=\"v-d-p\" style=\"\">Se salt\u00f3 los apartados 6 , \u00abla entrevista superflash -al acabar el partido sobre el c\u00e9sped- se ajusta a lo previsto en el reglamento\u00bb; y 8, \u00abla entrevista flash -en la zona mixta- se ajusta a lo previsto en el reglamento\u00bb. Suman cuatro puntos y cada punto perdido tiene un coste econ\u00f3mico. Al final de la temporada, la suma de estos puntos negativos se traduce en una reducci\u00f3n directa de los ingresos por derechos de televisi\u00f3n que recibe el club o en una multa econ\u00f3mica. El Athletic siempre es de los primeros en el ranking y, por tanto, uno de los que m\u00e1s dinero se lleva al bolsillo en este apartado. <\/p>\n","protected":false},"excerpt":{"rendered":"El plante de los jugadores del Athletic ha llegado a su final. Los futbolistas rojiblancos van a volver&hellip;\n","protected":false},"author":2,"featured_media":739323,"comment_status":"","ping_status":"","sticky":false,"template":"","format":"standard","meta":{"footnotes":""},"categories":[268],"tags":[55182,2182,2527,168,2958,25,24,280,282,2713,35774,281,23,167,2292],"class_list":["post-739322","post","type-post","status-publish","format-standard","has-post-thumbnail","category-futbol","tag-acaban","tag-athletic","tag-dar","tag-deportes","tag-entrevistas","tag-es","tag-espana","tag-football","tag-futbol","tag-jugadores","tag-plante","tag-soccer","tag-spain","tag-sports","tag-vuelven"],"share_on_mastodon":{"url":"https:\/\/pubeurope.com\/@es\/117186924701368016","error":""},"_links":{"self":[{"href":"https:\/\/www.europesays.com\/es\/wp-json\/wp\/v2\/posts\/739322","targetHints":{"allow":["GET"]}}],"collection":[{"href":"https:\/\/www.europesays.com\/es\/wp-json\/wp\/v2\/posts"}],"about":[{"href":"https:\/\/www.europesays.com\/es\/wp-json\/wp\/v2\/types\/post"}],"author":[{"embeddable":true,"href":"https:\/\/www.europesays.com\/es\/wp-json\/wp\/v2\/users\/2"}],"replies":[{"embeddable":true,"href":"https:\/\/www.europesays.com\/es\/wp-json\/wp\/v2\/comments?post=739322"}],"version-history":[{"count":0,"href":"https:\/\/www.europesays.com\/es\/wp-json\/wp\/v2\/posts\/739322\/revisions"}],"wp:featuredmedia":[{"embeddable":true,"href":"https:\/\/www.europesays.com\/es\/wp-json\/wp\/v2\/media\/739323"}],"wp:attachment":[{"href":"https:\/\/www.europesays.com\/es\/wp-json\/wp\/v2\/media?parent=739322"}],"wp:term":[{"taxonomy":"category","embeddable":true,"href":"https:\/\/www.europesays.com\/es\/wp-json\/wp\/v2\/categories?post=739322"},{"taxonomy":"post_tag","embeddable":true,"href":"https:\/\/www.europesays.com\/es\/wp-json\/wp\/v2\/tags?post=739322"}],"curies":[{"name":"wp","href":"https:\/\/api.w.org\/{rel}","templated":true}]}}