{"id":739340,"date":"2026-08-30T23:08:21","date_gmt":"2026-08-30T23:08:21","guid":{"rendered":"https:\/\/www.europesays.com\/es\/739340\/"},"modified":"2026-08-30T23:08:21","modified_gmt":"2026-08-30T23:08:21","slug":"herido-grave-un-conductor-de-42-anos-al-chocar-con-un-camion-en-la-a-21-en-urraul-bajo","status":"publish","type":"post","link":"https:\/\/www.europesays.com\/es\/739340\/","title":{"rendered":"Herido grave un conductor de 42 a\u00f1os al chocar con un cami\u00f3n en la A-21 en Urra\u00fal Bajo"},"content":{"rendered":"<p>    <img loading=\"lazy\" decoding=\"async\" src=\"https:\/\/www.europesays.com\/es\/wp-content\/uploads\/2026\/08\/f0b97746-a1a4-43f0-b395-f170bab4e8d2_16-9-discover-aspect-ratio_default_0_x843y618.jpg\" alt=\"Imagen del veh\u00edculo accidentado en la A-21\" width=\"1200\" height=\"675\" title=\"Imagen del veh\u00edculo accidentado en la A-21\" style=\"height:auto;\"\/><\/p>\n<p class=\"article-photo__footer\">\n        Imagen del veh\u00edculo accidentado en la A-21\n            <\/p>\n<p class=\"article-body__text article-body__text--entry article-body__text-middle\">\n        Un hombre de 42 a\u00f1os ha resultado herido grave la tarde del domingo <strong>tras producirse una colisi\u00f3n por alcance entre un turismo y un cami\u00f3n en la A-21, en Urra\u00fal Bajo<\/strong>. El Centro de Gesti\u00f3n de Emergencias de SOS Navarra 112 ha recibido aviso del siniestro a las 17:27 horas del domingo y ha movilizado al lugar de los hechos a efectivos de bomberos del parque de Sang\u00fcesa, al equipo m\u00e9dico de la zona, una ambulancia de soporte vital avanzado (medicalizada), una ambulancia de soporte vital b\u00e1sico, un helic\u00f3ptero de soporte vital avanzado y patrullas de Seguridad Vial de la Polic\u00eda Foral.\n<\/p>\n<p class=\"article-body__text \">\n        El siniestro se ha producido a la altura del punto kilom\u00e9trico 30,0 de la A-21 (Autov\u00eda del Pirineo), en el t\u00e9rmino municipal de Urra\u00fal Bajo,<strong> en sentido Pamplona, cuando un turismo ha colisionado por alcance contra un cami\u00f3n.<\/strong>\n<\/p>\n<p class=\"article-body__text \">\n        Los servicios de emergencia han trasladado al herido al Hospital Universitario de Navarra, en Pamplona, en el helic\u00f3ptero medicalizado. Se trata de un var\u00f3n <strong>de 42 a\u00f1os, que ha quedado atrapado en el interior del veh\u00edculo y que presenta politraumatismos con pron\u00f3stico grave.<\/strong>\n<\/p>\n<p class=\"article-body__text \">\n        El carril derecho ha quedado cortado por la presencia de los veh\u00edculos implicados y se han producido retenciones. Patrullas de la Polic\u00eda Foral han regulado el tr\u00e1fico. Efectivos de la Brigada de Atestados de la Polic\u00eda Foral instruye las diligencias del siniestro.<\/p>\n","protected":false},"excerpt":{"rendered":"Imagen del veh\u00edculo accidentado en la A-21 Un hombre de 42 a\u00f1os ha resultado herido grave la tarde&hellip;\n","protected":false},"author":2,"featured_media":739341,"comment_status":"","ping_status":"","sticky":false,"template":"","format":"standard","meta":{"footnotes":""},"categories":[5],"tags":[4205,17,18,25,24,17340,13,14,12050,11,11442,25574,19,20,9,10,15,16,3638,23,12,21,22],"class_list":["post-739340","post","type-post","status-publish","format-standard","has-post-thumbnail","category-titulares","tag-accidente","tag-breaking-news","tag-breakingnews","tag-es","tag-espana","tag-evacuada","tag-featured-news","tag-featurednews","tag-grave","tag-headlines","tag-helicoptero","tag-herida","tag-latest-news","tag-latestnews","tag-news","tag-noticias","tag-noticias-destacadas","tag-noticiasdestacadas","tag-persona","tag-spain","tag-titulares","tag-ultimas-noticias","tag-ultimasnoticias"],"share_on_mastodon":{"url":"https:\/\/pubeurope.com\/@es\/117186980755442252","error":""},"_links":{"self":[{"href":"https:\/\/www.europesays.com\/es\/wp-json\/wp\/v2\/posts\/739340","targetHints":{"allow":["GET"]}}],"collection":[{"href":"https:\/\/www.europesays.com\/es\/wp-json\/wp\/v2\/posts"}],"about":[{"href":"https:\/\/www.europesays.com\/es\/wp-json\/wp\/v2\/types\/post"}],"author":[{"embeddable":true,"href":"https:\/\/www.europesays.com\/es\/wp-json\/wp\/v2\/users\/2"}],"replies":[{"embeddable":true,"href":"https:\/\/www.europesays.com\/es\/wp-json\/wp\/v2\/comments?post=739340"}],"version-history":[{"count":0,"href":"https:\/\/www.europesays.com\/es\/wp-json\/wp\/v2\/posts\/739340\/revisions"}],"wp:featuredmedia":[{"embeddable":true,"href":"https:\/\/www.europesays.com\/es\/wp-json\/wp\/v2\/media\/739341"}],"wp:attachment":[{"href":"https:\/\/www.europesays.com\/es\/wp-json\/wp\/v2\/media?parent=739340"}],"wp:term":[{"taxonomy":"category","embeddable":true,"href":"https:\/\/www.europesays.com\/es\/wp-json\/wp\/v2\/categories?post=739340"},{"taxonomy":"post_tag","embeddable":true,"href":"https:\/\/www.europesays.com\/es\/wp-json\/wp\/v2\/tags?post=739340"}],"curies":[{"name":"wp","href":"https:\/\/api.w.org\/{rel}","templated":true}]}}