{"id":739354,"date":"2026-08-30T23:25:30","date_gmt":"2026-08-30T23:25:30","guid":{"rendered":"https:\/\/www.europesays.com\/es\/739354\/"},"modified":"2026-08-30T23:25:30","modified_gmt":"2026-08-30T23:25:30","slug":"la-genetica-ya-permite-distinguir-que-pacientes-tienen-mas-riesgo-de-sufrir-ceguera-ictus-o-aneurismas-por-arteritis-lider-en-informacion-social","status":"publish","type":"post","link":"https:\/\/www.europesays.com\/es\/739354\/","title":{"rendered":"La gen\u00e9tica ya permite distinguir qu\u00e9 pacientes tienen m\u00e1s riesgo de sufrir ceguera, ictus o aneurismas por arteritis | L\u00edder en Informaci\u00f3n Social"},"content":{"rendered":"<p>\n      Un equipo de investigadores del Consejo Superior de Investigaciones Cient\u00edficas (CSIC) ha identificado factores gen\u00e9ticos que permiten distinguir qu\u00e9 pacientes con arteritis de c\u00e9lulas gigantes tienen m\u00e1s riesgo de sufrir complicaciones graves como ceguera, ictus o aneurismas, un hallazgo que \u00abpodr\u00eda facilitar un seguimiento m\u00e1s personalizado y mejorar la prevenci\u00f3n de secuelas potencialmente discapacitantes\u00bb.\n    <\/p>\n<p>La arteritis de c\u00e9lulas gigantes es una enfermedad inflamatoria que afecta a vasos sangu\u00edneos de mediano y gran calibre, principalmente en personas mayores de 50 a\u00f1os. Entre sus consecuencias m\u00e1s severas figuran la p\u00e9rdida permanente de visi\u00f3n, los accidentes cerebrovasculares y las dilataciones de la aorta que pueden derivar en aneurismas, complicaciones que condicionan gravemente la calidad de vida y la autonom\u00eda de los pacientes, comunic\u00f3 el CSIC este jueves.<\/p>\n<p>Seg\u00fan los resultados de la investigaci\u00f3n, en la que colabor\u00f3 un equipo internacional liderado por investigadores del Instituto de Parasitolog\u00eda y Biomedicina L\u00f3pez-Neyra (Ipbnl), centro adscrito al CSIC, determinadas variantes gen\u00e9ticas se asocian a una mayor predisposici\u00f3n a desarrollar unas u otras complicaciones. Los autores sostienen en sus conclusiones que esta informaci\u00f3n \u00abpodr\u00eda ayudar en el futuro a identificar desde el diagn\u00f3stico a los pacientes con mayor riesgo y adaptar tanto el seguimiento cl\u00ednico como las estrategias terap\u00e9uticas\u00bb.<\/p>\n<p>ARTERIAS DEL NERVIO \u00d3PTICO<\/p>\n<p>La ceguera es una de las secuelas m\u00e1s temidas de esta enfermedad. La inflamaci\u00f3n de las arterias que irrigan el nervio \u00f3ptico puede provocar una p\u00e9rdida brusca e irreversible de visi\u00f3n en uno o ambos ojos, convirti\u00e9ndose en una causa de discapacidad visual severa entre las personas afectadas.<\/p>\n<p>Adem\u00e1s de las alteraciones visuales, la arteritis de c\u00e9lulas gigantes tambi\u00e9n puede comprometer el riego sangu\u00edneo cerebral y aumentar la probabilidad de sufrir un ictus. Asimismo, la afectaci\u00f3n de la aorta puede favorecer la aparici\u00f3n de aneurismas, una complicaci\u00f3n que requiere vigilancia a largo plazo por el riesgo de rotura.<\/p>\n<p>Los investigadores destacaron que \u00ablos hallazgos refuerzan la importancia de la medicina de precisi\u00f3n en enfermedades inflamatorias complejas y abren la puerta a desarrollar herramientas capaces de anticipar la evoluci\u00f3n cl\u00ednica de cada paciente\u00bb. A su juicio, conocer el perfil gen\u00e9tico individual \u00abpermitir\u00e1 identificar antes a las personas con mayor probabilidad de desarrollar complicaciones graves y actuar de forma preventiva\u00bb.<\/p>\n<p>DIAGN\u00d3STICO PRECOZ<\/p>\n<p>Uno de los aspectos m\u00e1s innovadores del trabajo fue la aplicaci\u00f3n de un modelo estad\u00edstico que permiti\u00f3 clasificar a los pacientes en cuatro perfiles gen\u00e9ticos con caracter\u00edsticas cl\u00ednicas diferenciadas: un grupo con predominio de afectaci\u00f3n craneal, otro con un patr\u00f3n mixto, un tercero con enfermedad principalmente extracraneal y un cuarto con una elevada predisposici\u00f3n a sufrir complicaciones isqu\u00e9micas graves, como la p\u00e9rdida permanente de visi\u00f3n.<\/p>\n<p>\u00abLa identificaci\u00f3n de este \u00faltimo grupo es especialmente relevante porque podr\u00eda permitir reconocer desde fases muy tempranas a los pacientes con mayor riesgo de desarrollar complicaciones irreversibles\u00bb, se\u00f1al\u00f3 la cient\u00edfica titular del Ipbln-CSIC y autora principal del estudio, Ana M\u00e1rquez.<\/p>\n<p>La arteritis de c\u00e9lulas gigantes es la vasculitis m\u00e1s frecuente en adultos de edad avanzada y requiere tratamiento precoz para evitar da\u00f1os irreversibles, especialmente los relacionados con la visi\u00f3n, una de las principales causas de discapacidad asociadas a esta enfermedad.<\/p>\n","protected":false},"excerpt":{"rendered":"Un equipo de investigadores del Consejo Superior de Investigaciones Cient\u00edficas (CSIC) ha identificado factores gen\u00e9ticos que permiten distinguir&hellip;\n","protected":false},"author":2,"featured_media":739355,"comment_status":"","ping_status":"","sticky":false,"template":"","format":"standard","meta":{"footnotes":""},"categories":[92],"tags":[131229,29187,10475,9521,2379,25,24,165,12369,131230,124853,166,492,23],"class_list":["post-739354","post","type-post","status-publish","format-standard","has-post-thumbnail","category-salud","tag-arteritis","tag-ceguera","tag-csic","tag-discamedia","tag-discapacidad","tag-es","tag-espana","tag-health","tag-ictus","tag-instituto-de-parasitologia-y-biomedicina-lopez-neyra","tag-nervio-optico","tag-salud","tag-sociedad","tag-spain"],"share_on_mastodon":{"url":"https:\/\/pubeurope.com\/@es\/117187046886199980","error":""},"_links":{"self":[{"href":"https:\/\/www.europesays.com\/es\/wp-json\/wp\/v2\/posts\/739354","targetHints":{"allow":["GET"]}}],"collection":[{"href":"https:\/\/www.europesays.com\/es\/wp-json\/wp\/v2\/posts"}],"about":[{"href":"https:\/\/www.europesays.com\/es\/wp-json\/wp\/v2\/types\/post"}],"author":[{"embeddable":true,"href":"https:\/\/www.europesays.com\/es\/wp-json\/wp\/v2\/users\/2"}],"replies":[{"embeddable":true,"href":"https:\/\/www.europesays.com\/es\/wp-json\/wp\/v2\/comments?post=739354"}],"version-history":[{"count":0,"href":"https:\/\/www.europesays.com\/es\/wp-json\/wp\/v2\/posts\/739354\/revisions"}],"wp:featuredmedia":[{"embeddable":true,"href":"https:\/\/www.europesays.com\/es\/wp-json\/wp\/v2\/media\/739355"}],"wp:attachment":[{"href":"https:\/\/www.europesays.com\/es\/wp-json\/wp\/v2\/media?parent=739354"}],"wp:term":[{"taxonomy":"category","embeddable":true,"href":"https:\/\/www.europesays.com\/es\/wp-json\/wp\/v2\/categories?post=739354"},{"taxonomy":"post_tag","embeddable":true,"href":"https:\/\/www.europesays.com\/es\/wp-json\/wp\/v2\/tags?post=739354"}],"curies":[{"name":"wp","href":"https:\/\/api.w.org\/{rel}","templated":true}]}}