{"id":73938,"date":"2025-08-26T17:34:15","date_gmt":"2025-08-26T17:34:15","guid":{"rendered":"https:\/\/www.europesays.com\/es\/73938\/"},"modified":"2025-08-26T17:34:15","modified_gmt":"2025-08-26T17:34:15","slug":"manolete-el-torero-resucita-en-una-preciosa-camiseta-del-modesto-linares","status":"publish","type":"post","link":"https:\/\/www.europesays.com\/es\/73938\/","title":{"rendered":"Manolete, el torero, &#8216;resucita&#8217; en una preciosa camiseta del modesto Linares"},"content":{"rendered":"<p class=\"paragraph\">El <b>Linares Deportivo <\/b>ha dado en la diana con su <b>tercera camiseta<\/b>. El modesto club jiennense, que compite en Segunda RFEF (la cuarta categor\u00eda del f\u00fatbol espa\u00f1ol), ha presentado una <b>sorprendente equipaci\u00f3n rosa palo con bordados dorados<\/b>, inspirada directamente en <b>el traje de luces que vest\u00eda Manolete<\/b> la tarde en la que encontr\u00f3 la muerte en la plaza de la ciudad.<\/p>\n<p class=\"paragraph\">El gui\u00f1o taurino no es casualidad. La el\u00e1stica, dise\u00f1ada por <b>Lotto<\/b>, ha sido concebida como <b>un homenaje al v\u00ednculo entre Linares y la tauromaquia<\/b>, aprovechando el tir\u00f3n cultural del torero cordob\u00e9s.<b> El propio director general, Carlos Hita<\/b> \u2014con pasado en C\u00f3rdoba y Recreativo\u2014, ha impulsado esta genial estrategia que mezcla <b>historia, identidad y marketing.<\/b><\/p>\n<p class=\"c-detail__media__subtitle\">\n<p>        Los bordados en hilo de oro de la equipaci\u00f3n del LinaresTienda oficial Linares Deportivo<\/p>\n<p class=\"paragraph\">La elecci\u00f3n de los colores no es balad\u00ed: aquel rosa palo con bordados dorados forma parte de la memoria colectiva linarense, pues as\u00ed iba vestido Manolete cuando fue <b>corneado mortalmente por el toro Islero en 1947<\/b>. El club ha trasladado esa iconograf\u00eda a la camiseta con un dise\u00f1o elegante, llamativo y con <b>gran carga emocional.<\/b><\/p>\n<p class=\"paragraph\">El movimiento responde tambi\u00e9n a una necesidad: el Estadio Municipal de Linarejos est\u00e1 en obras, la taquilla se resiente y el club busca <b>fuentes alternativas de ingresos<\/b>. Las camisetas especiales, tanto la rosa de Manolete como<b> la segunda, inspirada en la Roma de Francesco Totti \u2014la giallorossa\u2014<\/b>, han sido pensadas para vender m\u00e1s all\u00e1 de la afici\u00f3n habitual.<\/p>\n<p class=\"c-detail__media__subtitle\">\n<p>        La equipaci\u00f3n del Linares inspirada en la Roma de TottiTienda oficial Linares Deportivo<\/p>\n<p class=\"paragraph\">La expectaci\u00f3n ha traspasado fronteras: <b>coleccionistas, taurinos de Espa\u00f1a y M\u00e9xico y aficionados al f\u00fatbol con gusto por las rarezas<\/b> se han lanzado a por esta <b>pieza limitada<\/b>. La camiseta no solo viste a los jugadores, sino que se convierte en s<b>ouvenir, en s\u00edmbolo cultural y en herramienta de financiaci\u00f3n<\/b> para un club con recursos ajustados.<\/p>\n<p>\u00bfQui\u00e9n fue Manolete?<\/p>\n<p class=\"paragraph\">Para entender el trasfondo, hay que recordar qui\u00e9n fue Manolete. Nacido en C\u00f3rdoba en 1917 bajo el nombre de Manuel Laureano Rodr\u00edguez S\u00e1nchez, <b>revolucion\u00f3 el toreo con un estilo serio y hier\u00e1tico<\/b> que lo convirti\u00f3 en referente en plena posguerra. Su leyenda se forj\u00f3 tanto en la plaza como en la tragedia: <b>la tarde de su muerte, la ciudad de Linares qued\u00f3 grabada en la historia taurina.<\/b><\/p>\n<p class=\"paragraph\">Aquella cornada mortal dio paso a un mito que a\u00fan perdura. Frases populares como <b>\u201ceres m\u00e1s malo que el toro que mat\u00f3 a Manolete\u201d<\/b> o el c\u00e9lebre <b>\u201cManolete, si no sabes torear p\u2019a qu\u00e9 te metes\u201d<\/b> evidencian c\u00f3mo el torero trascendi\u00f3 su profesi\u00f3n para instalarse en el <b>imaginario colectivo espa\u00f1ol.<\/b> Ahora, tambi\u00e9n lo hace en una preciosa camiseta de f\u00fatbol.<\/p>\n","protected":false},"excerpt":{"rendered":"El Linares Deportivo ha dado en la diana con su tercera camiseta. El modesto club jiennense, que compite&hellip;\n","protected":false},"author":2,"featured_media":73939,"comment_status":"","ping_status":"","sticky":false,"template":"","format":"standard","meta":{"footnotes":""},"categories":[277],"tags":[373,10871,168,25,24,282,23,167,625,374],"class_list":{"0":"post-73938","1":"post","2":"type-post","3":"status-publish","4":"format-standard","5":"has-post-thumbnail","7":"category-toreo","8":"tag-bullfighting","9":"tag-camisetas","10":"tag-deportes","11":"tag-es","12":"tag-espana","13":"tag-futbol","14":"tag-spain","15":"tag-sports","16":"tag-tauromaquia","17":"tag-toreo"},"share_on_mastodon":{"url":"","error":""},"_links":{"self":[{"href":"https:\/\/www.europesays.com\/es\/wp-json\/wp\/v2\/posts\/73938","targetHints":{"allow":["GET"]}}],"collection":[{"href":"https:\/\/www.europesays.com\/es\/wp-json\/wp\/v2\/posts"}],"about":[{"href":"https:\/\/www.europesays.com\/es\/wp-json\/wp\/v2\/types\/post"}],"author":[{"embeddable":true,"href":"https:\/\/www.europesays.com\/es\/wp-json\/wp\/v2\/users\/2"}],"replies":[{"embeddable":true,"href":"https:\/\/www.europesays.com\/es\/wp-json\/wp\/v2\/comments?post=73938"}],"version-history":[{"count":0,"href":"https:\/\/www.europesays.com\/es\/wp-json\/wp\/v2\/posts\/73938\/revisions"}],"wp:featuredmedia":[{"embeddable":true,"href":"https:\/\/www.europesays.com\/es\/wp-json\/wp\/v2\/media\/73939"}],"wp:attachment":[{"href":"https:\/\/www.europesays.com\/es\/wp-json\/wp\/v2\/media?parent=73938"}],"wp:term":[{"taxonomy":"category","embeddable":true,"href":"https:\/\/www.europesays.com\/es\/wp-json\/wp\/v2\/categories?post=73938"},{"taxonomy":"post_tag","embeddable":true,"href":"https:\/\/www.europesays.com\/es\/wp-json\/wp\/v2\/tags?post=73938"}],"curies":[{"name":"wp","href":"https:\/\/api.w.org\/{rel}","templated":true}]}}